{"id":31330,"date":"2022-03-01T13:01:03","date_gmt":"2022-03-01T12:01:03","guid":{"rendered":"http:\/\/granadacostanacional.es\/?p=31330"},"modified":"2022-03-01T13:01:03","modified_gmt":"2022-03-01T12:01:03","slug":"tierra-de-esparto-en-albox","status":"publish","type":"post","link":"https:\/\/granadacostaglobal.es\/?p=31330","title":{"rendered":"TIERRA DE ESPARTO EN ALBOX"},"content":{"rendered":"<p style=\"text-align: justify;\"><strong>El 25 de febrero tuvo lugar la presentaci\u00f3n del libro ESPARTO VIVO, en la localidad almeriense de Albox. El evento se realiz\u00f3 en la biblioteca municipal Poeta \u201cJuan Berbel\u201dcon asistencia de un p\u00fablico entregado y entusiasmado que disfrut\u00f3 y adquiri\u00f3 el libro que fue firmado por los numerosos autores que concurrieron para poner voz a un fragmento de su obra.<\/strong><\/p>\n<p style=\"text-align: justify;\">El excelent\u00edsimo Ayuntamiento estuvo representado por la D\u00aa Francine Carter Vennin, concejala de Bibliotecas, Mayores, Infancia y Relaciones Internacionales. El resto de asistentes, D\u00aa Germana Fern\u00e1ndez, presidenta de Tierra de Esparto; Ana Mart\u00ednez Parra, Secretaria de Tierra de Esparto y Coordinadora del libro;\u00a0 D\u00aa Ana M. L\u00f3pez Exp\u00f3sito, escritora albojense, organizadora del acto y miembro de Tierra de Esparto; D\u00aa Mari\u00e1ngeles M\u00e1rquez, miembro de Tierra de Esparto, D, Miguel Ju\u00e1rez, vicepresidente de Al-Mansura; D\u00aa Carmen Mar\u00edn, presidenta de Voces Amigas de Puerto Lumbreras (Murcia); D\u00aa Isabel Mart\u00ednez Terrones, miembro del grupo po\u00e9tico de Pulp\u00ed.<\/p>\n<p style=\"text-align: justify;\">Contamos adem\u00e1s con la colaboraci\u00f3n del Conservatorio de M\u00fasica\u201d Emilia Pe\u00f1a\u201d a trav\u00e9s de dos alumnas: Nuria Ortega P\u00e9rez que, con la guitarra, abri\u00f3 el acto interpretando la pieza \u201cL\u00e1grima\u201d de F. T\u00e1rrega, y Adriana L\u00f3pez Mart\u00ednez que puso el punto y final al acto con la interpretaci\u00f3n de \u201cLe Petite Negre\u201d de C.Debussy.<\/p>\n<p style=\"text-align: justify;\">\n<h2 style=\"text-align: center;\">GALER\u00cdA DE FOTOS<\/h2>\n<p style=\"text-align: center;\">\n<p style=\"text-align: center;\"><a href=\"http:\/\/granadacostanacional.es\/wp-content\/uploads\/2022\/03\/WhatsApp-Image-2022-02-26-at-13.55.05.jpeg\"><img decoding=\"async\" loading=\"lazy\" class=\"aligncenter size-large wp-image-31331\" src=\"http:\/\/granadacostanacional.es\/wp-content\/uploads\/2022\/03\/WhatsApp-Image-2022-02-26-at-13.55.05-1024x576.jpeg\" alt=\"WhatsApp Image 2022-02-26 at 13.55.05\" width=\"1024\" height=\"576\" \/><\/a><\/p>\n<p style=\"text-align: center;\">\n<p style=\"text-align: center;\"><a href=\"http:\/\/granadacostanacional.es\/wp-content\/uploads\/2022\/03\/WhatsApp-Image-2022-02-26-at-13.54.46.jpeg\"><img decoding=\"async\" loading=\"lazy\" class=\"aligncenter size-large wp-image-31332\" src=\"http:\/\/granadacostanacional.es\/wp-content\/uploads\/2022\/03\/WhatsApp-Image-2022-02-26-at-13.54.46-832x1024.jpeg\" alt=\"WhatsApp Image 2022-02-26 at 13.54.46\" width=\"832\" height=\"1024\" \/><\/a><\/p>\n<p style=\"text-align: center;\">\n<p style=\"text-align: center;\"><a href=\"http:\/\/granadacostanacional.es\/wp-content\/uploads\/2022\/03\/WhatsApp-Image-2022-02-26-at-13.38.43.jpeg\"><img decoding=\"async\" loading=\"lazy\" class=\"aligncenter size-large wp-image-31333\" src=\"http:\/\/granadacostanacional.es\/wp-content\/uploads\/2022\/03\/WhatsApp-Image-2022-02-26-at-13.38.43-1024x568.jpeg\" alt=\"WhatsApp Image 2022-02-26 at 13.38.43\" width=\"1024\" height=\"568\" \/><\/a><\/p>\n<p style=\"text-align: center;\">\n<p style=\"text-align: center;\">\n<p style=\"text-align: center;\"><a href=\"http:\/\/granadacostanacional.es\/wp-content\/uploads\/2022\/03\/WhatsApp-Image-2022-02-26-at-13.22.03-2.jpeg\"><img decoding=\"async\" loading=\"lazy\" class=\"aligncenter size-large wp-image-31336\" src=\"http:\/\/granadacostanacional.es\/wp-content\/uploads\/2022\/03\/WhatsApp-Image-2022-02-26-at-13.22.03-2.jpeg\" alt=\"WhatsApp Image 2022-02-26 at 13.22.03 (2)\" width=\"761\" height=\"628\" \/><\/a><\/p>\n<p style=\"text-align: center;\">\n<p style=\"text-align: center;\"><a href=\"http:\/\/granadacostanacional.es\/wp-content\/uploads\/2022\/03\/WhatsApp-Image-2022-02-26-at-13.22.03.jpeg\"><img decoding=\"async\" loading=\"lazy\" class=\"aligncenter size-large wp-image-31337\" src=\"http:\/\/granadacostanacional.es\/wp-content\/uploads\/2022\/03\/WhatsApp-Image-2022-02-26-at-13.22.03-1024x835.jpeg\" alt=\"WhatsApp Image 2022-02-26 at 13.22.03\" width=\"1024\" height=\"835\" \/><\/a><\/p>\n<p style=\"text-align: center;\">\n<p style=\"text-align: center;\">\n","protected":false},"excerpt":{"rendered":"<p>El 25 de febrero tuvo lugar la presentaci\u00f3n del libro ESPARTO VIVO, en la localidad almeriense de Albox. El evento&hellip;<\/p>\n","protected":false},"author":3,"featured_media":31338,"comment_status":"open","ping_status":"open","sticky":false,"template":"","format":"standard","meta":{"om_disable_all_campaigns":false,"_mi_skip_tracking":false,"_monsterinsights_sitenote_active":false,"_monsterinsights_sitenote_note":"","_monsterinsights_sitenote_category":0,"footnotes":""},"categories":[21],"tags":[],"aioseo_notices":[],"_links":{"self":[{"href":"https:\/\/granadacostaglobal.es\/index.php?rest_route=\/wp\/v2\/posts\/31330"}],"collection":[{"href":"https:\/\/granadacostaglobal.es\/index.php?rest_route=\/wp\/v2\/posts"}],"about":[{"href":"https:\/\/granadacostaglobal.es\/index.php?rest_route=\/wp\/v2\/types\/post"}],"author":[{"embeddable":true,"href":"https:\/\/granadacostaglobal.es\/index.php?rest_route=\/wp\/v2\/users\/3"}],"replies":[{"embeddable":true,"href":"https:\/\/granadacostaglobal.es\/index.php?rest_route=%2Fwp%2Fv2%2Fcomments&post=31330"}],"version-history":[{"count":0,"href":"https:\/\/granadacostaglobal.es\/index.php?rest_route=\/wp\/v2\/posts\/31330\/revisions"}],"wp:featuredmedia":[{"embeddable":true,"href":"https:\/\/granadacostaglobal.es\/index.php?rest_route=\/"}],"wp:attachment":[{"href":"https:\/\/granadacostaglobal.es\/index.php?rest_route=%2Fwp%2Fv2%2Fmedia&parent=31330"}],"wp:term":[{"taxonomy":"category","embeddable":true,"href":"https:\/\/granadacostaglobal.es\/index.php?rest_route=%2Fwp%2Fv2%2Fcategories&post=31330"},{"taxonomy":"post_tag","embeddable":true,"href":"https:\/\/granadacostaglobal.es\/index.php?rest_route=%2Fwp%2Fv2%2Ftags&post=31330"}],"curies":[{"name":"wp","href":"https:\/\/api.w.org\/{rel}","templated":true}]}}