{"id":31303,"date":"2022-02-25T17:11:13","date_gmt":"2022-02-25T16:11:13","guid":{"rendered":"http:\/\/granadacostanacional.es\/?p=31303"},"modified":"2022-02-25T17:11:13","modified_gmt":"2022-02-25T16:11:13","slug":"proxima-presentacion-de-el-duende-y-la-hierbabuena-nuevo-libro-de-ma-teresa-ayllon","status":"publish","type":"post","link":"https:\/\/granadacostaglobal.es\/?p=31303","title":{"rendered":"Pr\u00f3xima presentaci\u00f3n de El Duende y la Hierbabuena, nuevo libro de M\u00aa Teresa Ayll\u00f3n"},"content":{"rendered":"<p style=\"text-align: justify;\"><strong>EL pr\u00f3ximo 18 de marzo de 2022 se presentar\u00e1 a las 17:00 horas el nuevo libro de la escritora madrile\u00f1a, M\u00aa Teresa Ayll\u00f3n, publicado por la Editorial Granada Club Selecci\u00f3n. El acto tendr\u00e1 lugar en la Casa de Granada en Madrid e invitamos a todos los amigos y socios del Proyecto a participar en el evento.<\/strong><\/p>\n<p style=\"text-align: justify;\">\n<h3 style=\"text-align: center;\"><strong>PRESENTACI\u00d3N<\/strong><\/h3>\n<p style=\"text-align: justify;\">\nSentir se siente, pero qu\u00e9 dif\u00edcil es explicar lo que es el Duende. As\u00ed con may\u00fascula de nombre propio. Porque es un personaje, una personalizaci\u00f3n \u00edntima e irrepetible de alg\u00fan genio o esp\u00edritu que inunda a algunas personas en sus adentros, movilizando unas energ\u00edas o pasiones\u2026 arrebatando los sentimientos, las sensibilidades, traduciendo esos latigazos profundos en hechos descontrolados, espont\u00e1neos, apremiantes, f\u00e9rtiles\u2026 Creatividad tiene todo alma humana y el Duende termina pariendo, creando pero a borbotones, con la pasi\u00f3n del viento cuando ulula, no cuando pasa sino cuando brama o cuando gime. El Duende es esp\u00edritu desencadenado y por fin libre.<\/p>\n<p style=\"text-align: justify;\">\nCuando el Duende se adue\u00f1a del cante quiebra las costuras de las entra\u00f1as y hace saltar la alegr\u00eda o la rabia. No le da cauce, desborda lo que se guard\u00f3 dentro. Por eso, en el baile, se adue\u00f1a del cuerpo en cada fibra y en cada nervio. Son en la pintura los colores que te saltan a los ojos, las composiciones que te secuestran, te arrebatan, no te integran. Es en la poes\u00eda el jugar las palabras como teclas que tocan animosidades del alma, imprecisas pero vibrantes. Es la pasi\u00f3n, es el fuego, es la tierra y es el agua. \u00a1Quien lo sinti\u00f3 lo entiende!<\/p>\n<p style=\"text-align: justify;\">\nY ainda\u2026 La hierbabuena. La hierbabuena no hace falta presentarla, todo el mundo la conoce, est\u00e1 por todas partes. Habita cerca de la ponzo\u00f1osa ortiga y alivia de sus picores. Da sabor rico a la ensalada, alegr\u00eda a las sopas andaluzas y al t\u00e9 moruno, limpia los dientes y mejora el aliento \u00a1ayuda a los enamorados en sus besos! tambi\u00e9n a los glotones indigestos, alivia los males de garganta y serena el \u00e1nimo\u2026 En suma en su sencillez y su frescura es joya de la botica y placer de los sentidos. Es como la buena gente que mejora todo sin presumir de nada, sin darse importancia. Es bonita pero \u00a1qu\u00e9 f\u00e1cilmente se pisa!<\/p>\n<p style=\"text-align: justify;\">\nQueda presentar la simbiosis del Duende y la hierbabuena. El duende no reconoce l\u00edmites territoriales, como nadie pone cercas al viento. Hay quienes creen que habita en Andaluc\u00eda o en el flamenco pero, al igual que la hierbabuena, puede aparecer por cualquier parte y tambi\u00e9n el flamenco en su cante, baile y m\u00fasica trasciende las fronteras. Por ignorancia o por clasismos, hay gente que desprecia lo uno o la otra, por ser patrimonio de los de abajo, por ser arcaico, tradicional, bullanguero, simple, gitano o de campesinos payos, individualista, reaccionario\u2026 N\u00e1 de n\u00e1\u2026 puro prejuicio. Andan m\u00e1s equivocados que la paloma de Serrat. El Duende no es s\u00f3lo flamenco, el flamenco no es solo andaluz, ni de toda la poblaci\u00f3n andaluza, ni por ser tradicional ha dejado de ir cambiando como todo lo que est\u00e1 vivo: experimentando, innovando, proponiendo,\u2026 El flamenco no es individualista sino \u00edntimo, experiencial, existencialista incluso, de origen social o individual seg\u00fan el momento. Y no todo es bueno sino mejorable. La hierbabuena s\u00ed, siempre es buena y vale para todo y para todes, en eso no ha cambiado ni cambiar\u00e1\u2026 probablemente.<\/p>\n<p style=\"text-align: justify;\">\nPoemas y letrillas para el cante es un ofrecimiento para quienes quieran cantar \u2013flamenco u otros g\u00e9neros-. Es el subt\u00edtulo para ayudar a quienes buscan poemas para ampararse en su actividad creadora con letras de amor no t\u00f3xico (tipo: me quieres o me mato, para m\u00ed o para nadie o sin ti no soy nada). Es un compromiso que he adquirido como feminista convencida de que el maltrato en general y la violencia de g\u00e9nero, en particular, tienen su base en amores t\u00f3xicos, relaciones t\u00f3xicas y tambi\u00e9n en familias t\u00f3xicas. Por eso \u2013y por placer del recuerdo- describo en la Primera Parte En familia, momentos familiares intensos, entra\u00f1ables, a la vez que sencillos como la vida cotidiana popular y como la hierbabuena. Mi padre no quiso que le temi\u00e9ramos, sino querernos y que le quisi\u00e9ramos y el respeto nac\u00eda de ah\u00ed. Su recuerdo, por ello, viene asociado a su forma de expresar esa sencillez de vida en familia: los domingos en la cocina, cantar y hacernos cantar la fiesta, curar un botijo, beber agua y no alcohol, la gracia de comerse unos lomitos de sardinas crudas (entonces era un pescado muy barato), robadas al segundo plato de la cena. Crecer sin miedo, no cabe duda, es la forma m\u00e1s segura de llegar a ser personas buenas, aptas para gozar los peque\u00f1os placeres que no se compran con dinero, que nadie te puede quitar y que te hacen vivir feliz todos, o casi todos, los d\u00edas de la vida.<\/p>\n<p style=\"text-align: justify;\">\nNo voy a ocultar que las composiciones l\u00edricas que ofrece este libro, ya sean las cortas o las m\u00e1s largas, me han aflorado cantando. Es decir, en mi cabeza casi todas se han formado con mi cante, no con m\u00fasica propiamente sino cantando. No es la primera vez que invento canciones, por el contrario, muchos de mis cantares siguen sonando en las manifestaciones feministas, algunos han sido publicados en anteriores poemarios pero, a diferencia de las otras veces, esta etapa de mi vida he compuesto poes\u00eda a partir del cante que escuchaba en mi cabeza. Esto empez\u00f3 en C\u00e1diz, Jerez de la Frontera, Sanl\u00facar de Barrameda, desde el mes de junio pasado, y en Granada en agosto, tras una reuni\u00f3n familiar en \u00cdtrabo, y ha seguido sin parar hasta la fecha. Fecha en que ya quiero dar por terminado este poemario cancionero pues ya en mi cabeza surgen otras creaciones significativamente distintas y no cantadas. As\u00ed, como la hierbabuena, voy siendo arrastrada donde el viento gusta de esparcir mis semillas y el Duende me zarandea como \u2013y cuando- le viene en su soberbia gana.<\/p>\n<p>&nbsp;<\/p>\n<p style=\"text-align: center;\">El Duende y la Hierbabuena<\/p>\n<p style=\"text-align: center;\">\nse juntaron a cenar.<\/p>\n<p style=\"text-align: center;\">\nEncendieron una hoguera<\/p>\n<p style=\"text-align: center;\">\nde genio en el ca\u00f1izal<\/p>\n<p style=\"text-align: center;\">\ny all\u00ed entre reto y baile,<\/p>\n<p style=\"text-align: center;\">\nbajo el gui\u00f1o de la luna,<\/p>\n<p style=\"text-align: center;\">\nse dio a luz este cantar.<\/p>\n<p style=\"text-align: center;\">\n<p style=\"text-align: right;\"><strong>M\u00aa Teresa Ayll\u00f3n Trujillo.<\/strong><\/p>\n<p style=\"text-align: right;\">\n<strong> En Madrid a 6 de diciembre 2021<\/strong><\/p>\n","protected":false},"excerpt":{"rendered":"<p>EL pr\u00f3ximo 18 de marzo de 2022 se presentar\u00e1 a las 17:00 horas el nuevo libro de la escritora madrile\u00f1a,&hellip;<\/p>\n","protected":false},"author":3,"featured_media":31304,"comment_status":"open","ping_status":"open","sticky":false,"template":"","format":"standard","meta":{"om_disable_all_campaigns":false,"_mi_skip_tracking":false,"_monsterinsights_sitenote_active":false,"_monsterinsights_sitenote_note":"","_monsterinsights_sitenote_category":0,"footnotes":""},"categories":[21],"tags":[],"aioseo_notices":[],"_links":{"self":[{"href":"https:\/\/granadacostaglobal.es\/index.php?rest_route=\/wp\/v2\/posts\/31303"}],"collection":[{"href":"https:\/\/granadacostaglobal.es\/index.php?rest_route=\/wp\/v2\/posts"}],"about":[{"href":"https:\/\/granadacostaglobal.es\/index.php?rest_route=\/wp\/v2\/types\/post"}],"author":[{"embeddable":true,"href":"https:\/\/granadacostaglobal.es\/index.php?rest_route=\/wp\/v2\/users\/3"}],"replies":[{"embeddable":true,"href":"https:\/\/granadacostaglobal.es\/index.php?rest_route=%2Fwp%2Fv2%2Fcomments&post=31303"}],"version-history":[{"count":0,"href":"https:\/\/granadacostaglobal.es\/index.php?rest_route=\/wp\/v2\/posts\/31303\/revisions"}],"wp:featuredmedia":[{"embeddable":true,"href":"https:\/\/granadacostaglobal.es\/index.php?rest_route=\/"}],"wp:attachment":[{"href":"https:\/\/granadacostaglobal.es\/index.php?rest_route=%2Fwp%2Fv2%2Fmedia&parent=31303"}],"wp:term":[{"taxonomy":"category","embeddable":true,"href":"https:\/\/granadacostaglobal.es\/index.php?rest_route=%2Fwp%2Fv2%2Fcategories&post=31303"},{"taxonomy":"post_tag","embeddable":true,"href":"https:\/\/granadacostaglobal.es\/index.php?rest_route=%2Fwp%2Fv2%2Ftags&post=31303"}],"curies":[{"name":"wp","href":"https:\/\/api.w.org\/{rel}","templated":true}]}}