{"id":31252,"date":"2022-02-22T18:12:19","date_gmt":"2022-02-22T17:12:19","guid":{"rendered":"http:\/\/granadacostanacional.es\/?p=31252"},"modified":"2022-02-22T18:12:19","modified_gmt":"2022-02-22T17:12:19","slug":"presentacion-del-libro-a-ti-amor-de-la-escritora-ana-martinez-parra","status":"publish","type":"post","link":"https:\/\/granadacostaglobal.es\/?p=31252","title":{"rendered":"Presentaci\u00f3n del libro A ti Amor de la escritora Ana Mart\u00ednez Parra"},"content":{"rendered":"<p style=\"text-align: justify;\">El pasado 21 de febrero, a las 17 horas, se present\u00f3 en la Casa de Granada en Madrid el libro <em>A ti, Amor<\/em>, \u00faltima obra de la escritora y poeta almeriense, Ana Mart\u00ednez Parra. Acudi\u00f3 al acto de presentaci\u00f3n la prologuista, la Senadora y expresidenta de la Junta de Andaluc\u00eda, Do\u00f1a Susana D\u00edaz Pacheco.<\/p>\n<p>&nbsp;<\/p>\n<p style=\"text-align: center;\">\n<p><iframe loading=\"lazy\" title=\"A ti, Amor. Madrid, febrero de 2022\" width=\"640\" height=\"360\" src=\"https:\/\/www.youtube.com\/embed\/-CifKY8cajI?feature=oembed\" frameborder=\"0\" allow=\"accelerometer; autoplay; clipboard-write; encrypted-media; gyroscope; picture-in-picture; web-share\" referrerpolicy=\"strict-origin-when-cross-origin\" allowfullscreen><\/iframe><\/p>\n<p>&nbsp;<\/p>\n<p style=\"text-align: justify;\">El encargado de abrir el acto fue el Presidente del Proyecto de Cultura Granada Costa, D. Jos\u00e9 Segura, quien tom\u00f3 el foco durante unos minutos para agradecer a los presentes su asistencia y explicar brevemente la edici\u00f3n del libro <em>El valor de la vida<\/em>, libro editado por la Editorial Granada Club Selecci\u00f3n y del cual todo lo recaudado se destina a Asociaciones que luchan contra el c\u00e1ncer. Pidi\u00f3 a D\u00f1a. \u00c1ngeles Mart\u00ednez Mart\u00ednez, Coordinadora y encargada de recaudar y destinar los fondos, que explicara el proceso y en qu\u00e9 estado se encontraba la edici\u00f3n. Tambi\u00e9n subi\u00f3 al escenario D. Isidro Sierra para recitar una de sus poes\u00edas incorporadas a este segundo volumen de <em>El Valor de la Vida<\/em>.<\/p>\n<p style=\"text-align: justify;\">A continuaci\u00f3n, present\u00f3 a los componentes de la mesa, quienes tomaron la palabra despu\u00e9s de la intervenci\u00f3n de Mari Carmen Robledo, quien encandil\u00f3 a todos tocando las casta\u00f1uelas.<\/p>\n<p style=\"text-align: justify;\">El primero en tomar la palabra fue D. Carlos \u00c1lvaro Segura Venegas, que intervino en calidad de representante de la Editorial Granada Club Selecci\u00f3n. Este tuvo palabras de admiraci\u00f3n hacia D\u00f1a. Ana Mart\u00ednez Parra y su obra, tanto los poemas como las im\u00e1genes que comprenden A ti, Amor. Tambi\u00e9n anunci\u00f3 que se regalar\u00eda el disco <em>Estrellas<\/em>, de la cantante Inmaculada Rej\u00f3n, a todo aquel que adquiera un ejemplar de <em>A ti, Amor<\/em>.<\/p>\n<p style=\"text-align: justify;\"><a href=\"http:\/\/granadacostanacional.es\/wp-content\/uploads\/2022\/02\/IMG_0066-web.jpg\"><img decoding=\"async\" loading=\"lazy\" class=\"aligncenter size-large wp-image-31254\" src=\"http:\/\/granadacostanacional.es\/wp-content\/uploads\/2022\/02\/IMG_0066-web-1024x683.jpg\" alt=\"IMG_0066 web\" width=\"1024\" height=\"683\" \/><\/a><\/p>\n<p style=\"text-align: center;\"><em><strong>Ana Mart\u00ednez Parra durante su intervenci\u00f3n en la presentaci\u00f3n<\/strong><\/em><\/p>\n<p>A continuaci\u00f3n, intervino la prologuista, la Senadora y expresidenta de la Junta de Andaluc\u00eda, Do\u00f1a Susana D\u00edaz Pacheco. Esta se deshizo en halagos hacia Conrado, el esposo fallecido de Ana Mart\u00ednez y a quien le dedica la obra, destacando su faceta de pol\u00edtico \u00edntegro y capaz. Tambi\u00e9n las tuvo para la propia autora por ser una persona comprometida, locuaz y fiel a sus ideales.<\/p>\n<p style=\"text-align: justify;\">Lleg\u00f3 entonces el momento de que hablara la autora, y D\u00f1a. Ana Mart\u00ednez explic\u00f3 el proceso creativo que la hab\u00eda llevado a escribir A ti, Amor, con gran \u00e9nfasis en la huella profunda que dej\u00f3 su marido, Conrado, en ella. Lo describi\u00f3 como un hombre de alta moralidad, comprometido con los dem\u00e1s y con muchas ganas de superarse a s\u00ed mismo. Record\u00f3 c\u00f3mo, en el momento en que ten\u00edan proyectada a la perfecci\u00f3n su vida conjunta, la fatalidad del destino lo apart\u00f3 de \u00e9l, lo que le produjo un gran pesar. De este dolor surge <em>A ti, Amor<\/em>.<\/p>\n<p style=\"text-align: justify;\">Por \u00faltimo, intervinieron varios poetas amigos de la autora para recitar algunas de las poes\u00edas incorporadas en el libro. Estos fueron: Ana Mar\u00eda L\u00f3pez Exp\u00f3sito, que tambi\u00e9n hizo las veces de presentadora, \u00c1ngeles Mart\u00ednez Mart\u00ednez, Manuel Camacho, Clementa L\u00f3pez P\u00e9rez, Mar\u00eda Teresa Ayll\u00f3n, Yolanda L\u00f3pez, Ana Ortega Romanillos, Fabio Mars\u00e1n, Juan Jes\u00fas Salda\u00f1a.<\/p>\n<p style=\"text-align: justify;\">Acab\u00f3 el acto de presentaci\u00f3n con la firma de libros por parte de la autora.<\/p>\n<p>&nbsp;<\/p>\n<p style=\"text-align: right;\"><strong>Redacci\u00f3n Granada Costa<\/strong><\/p>\n<p style=\"text-align: right;\"><strong>Madrid<\/strong><\/p>\n","protected":false},"excerpt":{"rendered":"<p>El pasado 21 de febrero, a las 17 horas, se present\u00f3 en la Casa de Granada en Madrid el libro&hellip;<\/p>\n","protected":false},"author":3,"featured_media":31253,"comment_status":"open","ping_status":"open","sticky":false,"template":"","format":"standard","meta":{"om_disable_all_campaigns":false,"_mi_skip_tracking":false,"_monsterinsights_sitenote_active":false,"_monsterinsights_sitenote_note":"","_monsterinsights_sitenote_category":0,"footnotes":""},"categories":[21],"tags":[],"aioseo_notices":[],"_links":{"self":[{"href":"https:\/\/granadacostaglobal.es\/index.php?rest_route=\/wp\/v2\/posts\/31252"}],"collection":[{"href":"https:\/\/granadacostaglobal.es\/index.php?rest_route=\/wp\/v2\/posts"}],"about":[{"href":"https:\/\/granadacostaglobal.es\/index.php?rest_route=\/wp\/v2\/types\/post"}],"author":[{"embeddable":true,"href":"https:\/\/granadacostaglobal.es\/index.php?rest_route=\/wp\/v2\/users\/3"}],"replies":[{"embeddable":true,"href":"https:\/\/granadacostaglobal.es\/index.php?rest_route=%2Fwp%2Fv2%2Fcomments&post=31252"}],"version-history":[{"count":0,"href":"https:\/\/granadacostaglobal.es\/index.php?rest_route=\/wp\/v2\/posts\/31252\/revisions"}],"wp:featuredmedia":[{"embeddable":true,"href":"https:\/\/granadacostaglobal.es\/index.php?rest_route=\/"}],"wp:attachment":[{"href":"https:\/\/granadacostaglobal.es\/index.php?rest_route=%2Fwp%2Fv2%2Fmedia&parent=31252"}],"wp:term":[{"taxonomy":"category","embeddable":true,"href":"https:\/\/granadacostaglobal.es\/index.php?rest_route=%2Fwp%2Fv2%2Fcategories&post=31252"},{"taxonomy":"post_tag","embeddable":true,"href":"https:\/\/granadacostaglobal.es\/index.php?rest_route=%2Fwp%2Fv2%2Ftags&post=31252"}],"curies":[{"name":"wp","href":"https:\/\/api.w.org\/{rel}","templated":true}]}}