{"id":31248,"date":"2022-02-22T16:48:23","date_gmt":"2022-02-22T15:48:23","guid":{"rendered":"http:\/\/granadacostanacional.es\/?p=31248"},"modified":"2022-02-22T16:48:23","modified_gmt":"2022-02-22T15:48:23","slug":"los-narraventuras","status":"publish","type":"post","link":"https:\/\/granadacostaglobal.es\/?p=31248","title":{"rendered":"Los Narraventuras"},"content":{"rendered":"<p style=\"text-align: justify;\">Despu\u00e9s del crudo invierno de aquel a\u00f1o, con rayos de un sol hasta entonces t\u00edmido, la primavera lleg\u00f3 acariciando los acantilados da Vixia da Herbeira, para dejar paso, a un verano desafiante. Quedaron atr\u00e1s las copiosas lluvias que saciaron la comarca. La tierra agradecida mostraba un manto verde, extendido hasta el mismo saliente de las escarpaduras, tal como deb\u00eda ser en la hermosa Galicia.<\/p>\n<p style=\"text-align: justify;\">Cari\u00f1o era una peque\u00f1a villa en la Coru\u00f1a, con las ruinas de un castillo en lo m\u00e1s alto y un pu\u00f1ado de lindas casas que parec\u00edan colgar del viejo basti\u00f3n como trenzas sobre los hombros de una bella joven. Si no hubiese sido por las antenas sobre los tejados, cualquiera habr\u00eda pensado que aquel pueblo se qued\u00f3 parado en el tiempo. Las casas estaban vestidas de verdes enredaderas que cubr\u00edan sus antiguas y redondeadas piedras. Las un\u00edan estrechas calles adoquinadas, que desembocaban como r\u00edos en una peque\u00f1a plaza. La adornaba una escultura erigida como monumento a sus antepasados pescadores. La fornida figura era Anxo Queiruga, el primer pescador de Cari\u00f1o. Junto a \u00e9ste, una enorme ancla de hierro, que la brisa salina del Cant\u00e1brico no dej\u00f3 de oxidar durante siglos.<\/p>\n<p style=\"text-align: justify;\">Aquella aldea como muchos otros pueblos, tambi\u00e9n ten\u00eda otra cara, el lado amargo de la historia. Todav\u00eda quedaban las cruces. Una guerra civil tan cruel como cualquier otra, dejaron cruces de piedra que ahora una vegetaci\u00f3n imparable casi las cubr\u00eda.<\/p>\n<p style=\"text-align: justify;\">En Cari\u00f1o no viv\u00edan demasiadas familias, pero entre ellas exist\u00eda una muy especial, los Queiruga. El seno de aquella familia fue cuna de pescadores de m\u00e1s de trescientos a\u00f1os. La historia de esta familia estaba rodeada de un halo de misticismo y leyendas m\u00e1gicas. Ten\u00edan la bella costumbre de contar cuentos a todo aquel que escuchara. Sus historias por siglos alegraron el coraz\u00f3n de los lugare\u00f1os; les dieron alas a sus sue\u00f1os, mantuvieron vivas las leyendas, avivaron en ellos la imaginaci\u00f3n y como no, alimentaron la cultura gallega. Todo aquello les hizo ganar el sobrenombre de los \u201cNarraventuras\u201d. Pero todo aquello qued\u00f3 en el olvido, en el pasado. Ya hac\u00eda a\u00f1os que nadie escuchaba cuentos, comenzaron a olvidar las leyendas y pocos parec\u00edan so\u00f1ar.<\/p>\n<p style=\"text-align: justify;\">Adri\u00e1n era el m\u00e1s peque\u00f1o de los Queiruga, la d\u00e9cima generaci\u00f3n nacida en Cari\u00f1o. Era un joven muy alto para su edad, pero a nadie le extra\u00f1aba, pues todos sus antecesores tambi\u00e9n lo fueron. No pod\u00eda evitar ser un so\u00f1ador, al que la herencia le dibuj\u00f3 ojos de color caoba en su hermoso rostro. Su cabello cobrizo claro le cubr\u00eda ya los hombros y a cada momento le tapaba la cara, pero cuando su madre discut\u00eda con \u00e9l sobre el tema, el zanjaba la cuesti\u00f3n con un; \u201csi me lo cortas perder\u00e9 mi fuerza como Sans\u00f3n\u201d.<\/p>\n<p style=\"text-align: justify;\">Era un chico poco com\u00fan, al menos para el resto de j\u00f3venes de su edad. Pero \u00e9l siempre pens\u00f3 que los exc\u00e9ntricos eran los dem\u00e1s. Su visi\u00f3n del mundo le daba una madurez poco comprendida. Por eso no entend\u00eda, como alguien pod\u00eda vivir sin haber le\u00eddo nunca un buen libro o al mirar una flor, imaginarse as\u00ed mismo revolotear en el mundo de los insectos, o al observar el oc\u00e9ano, hablar con el mar y las sirenas, o al despertar preguntar \u201c\u00bfqu\u00e9 has so\u00f1ado?\u201d<\/p>\n<p style=\"text-align: justify;\"><a href=\"http:\/\/granadacostanacional.es\/wp-content\/uploads\/2022\/02\/grandfather-5862273_1920.jpg\"><img decoding=\"async\" loading=\"lazy\" class=\"aligncenter size-large wp-image-31249\" src=\"http:\/\/granadacostanacional.es\/wp-content\/uploads\/2022\/02\/grandfather-5862273_1920-1024x683.jpg\" alt=\"grandfather-5862273_1920\" width=\"1024\" height=\"683\" \/><\/a><\/p>\n<p style=\"text-align: justify;\">Sus grandes pasiones, eran los libros, las estrellas, la cultura egipcia y los museos, que para \u00e9l eran como la m\u00e1quina del tiempo en la que pod\u00eda transportarse a momentos y lugares m\u00e1gicos.<\/p>\n<p style=\"text-align: justify;\">Aquella ma\u00f1ana Adri\u00e1n, su padre y el abuelo salieron de pesca en honor al oficio de sus ancestros. Emmanuel era el nombre de su abuelo, un hombre de piel atezada, como cualquier pescador que se deja acariciar por el sol y la brisa marina. Una rudeza que hac\u00eda m\u00e1s brillante su ternura. Adri\u00e1n apretaba con fuerza su \u00e1spera mano, mientras con la otra se agarraba a la soga de aquel puente de m\u00e1s de trescientos a\u00f1os. A pesar de que cruzaron infinidad de veces, nunca dejar\u00eda de impresionarle. Sin embargo, enseguida se sent\u00eda valiente sentado sobre la isla escarpada, frente al inmenso Cant\u00e1brico. Desde all\u00ed pod\u00eda o\u00edr como el sonido del mar se mezclaba con acordes de gaitas gallegas, que llegaban desde el otro lado del paso elevado.<\/p>\n<p style=\"text-align: justify;\">Ese d\u00eda como tantos otros, los turistas iban y ven\u00edan haci\u00e9ndose fotos sobre el ya famoso puente, mientras ellos pasaban las horas regal\u00e1ndose pensamientos y ri\u00e9ndose de lo cotidiano. Todav\u00eda pod\u00edan sentir el vac\u00edo que la muerte de la abuela les dej\u00f3. Sin embargo, Emmanuel trat\u00f3 de traer a la memoria los recuerdos m\u00e1s bellos y sus historias.<\/p>\n<p style=\"text-align: justify;\">Aquella tarde quedar\u00eda en el recuerdo de Adri\u00e1n. Como olvidar el cosquilleo en el vientre al cruzar la pasarela, el frio aire salino en su rostro, aquel olor a pescado incrustado en los aparejos y aquel ruidoso oc\u00e9ano. Un ruido que parec\u00eda acompasar a su propio latido.<\/p>\n<p style=\"text-align: justify;\">Regresaron a casa satisfechos, a pesar de que lo \u00fanico que tra\u00edan eran los bolsillos llenos de fantas\u00eda. La pesca no fue muy buena, pero aquello no importaba. En casa les esperaban; Rosa, su madre y Gisela su hermana mayor. Ellas tambi\u00e9n hicieron su propia excusi\u00f3n, pero su pesca no les fue tan mal, les encantaba ir a la ciudad de compras.<\/p>\n<p style=\"text-align: justify;\">Rosa era todo cari\u00f1o, una mujer menuda y delgada de ondulado pelo negro, que contrastaba con sus rasgos norte\u00f1os. El sano color de sus mejillas le daba un atractivo inocente. No sol\u00eda cocinar durante la semana, pero la tarde de los s\u00e1bados eran otra cosa, le encantaban. Por eso un florido delantal atado a su cintura, dec\u00eda que les esperaban unas sabrosas galletas en el horno. Gisela era una encantadora jovencita de catorce a\u00f1os con trenzas rubias y ojos grandes. A pesar de hacer rabiar a su hermano, lo sobreproteg\u00eda como si un prematuro instinto materno la impulsara.<\/p>\n<p style=\"text-align: justify;\">Aquella era la noche mas especial de la semana para Adri\u00e1n. Su abuelo en honor a sus antepasados se convert\u00eda en el Narraventuras y reunida la familia contaba historias de sus ancestros. En otros tiempos aquellas historias ayudaron a mitigar el dolor de la guerra, el exterminio sistem\u00e1tico que sufri\u00f3 el pueblo gallego en los llamados paseos franquistas. Las leyendas, los cuentos, las historias que formaban parte de la cultura fueron de gran ayuda para encontrar consuelo e identidad.<\/p>\n<p style=\"text-align: justify;\">Aunque hoy d\u00eda se ha perdido mucho de aquello, todav\u00eda hoy sigue habiendo Narraventuras, seguro que en tu familia tambi\u00e9n hay uno, son nuestros mayores, deber\u00edamos probar esas tardes de s\u00e1bado.<\/p>\n<p style=\"text-align: right;\"><strong>Manuel Salcedo<\/strong><\/p>\n","protected":false},"excerpt":{"rendered":"<p>Despu\u00e9s del crudo invierno de aquel a\u00f1o, con rayos de un sol hasta entonces t\u00edmido, la primavera lleg\u00f3 acariciando los&hellip;<\/p>\n","protected":false},"author":3,"featured_media":16911,"comment_status":"open","ping_status":"open","sticky":false,"template":"","format":"standard","meta":{"om_disable_all_campaigns":false,"_mi_skip_tracking":false,"_monsterinsights_sitenote_active":false,"_monsterinsights_sitenote_note":"","_monsterinsights_sitenote_category":0,"footnotes":""},"categories":[21],"tags":[],"aioseo_notices":[],"_links":{"self":[{"href":"https:\/\/granadacostaglobal.es\/index.php?rest_route=\/wp\/v2\/posts\/31248"}],"collection":[{"href":"https:\/\/granadacostaglobal.es\/index.php?rest_route=\/wp\/v2\/posts"}],"about":[{"href":"https:\/\/granadacostaglobal.es\/index.php?rest_route=\/wp\/v2\/types\/post"}],"author":[{"embeddable":true,"href":"https:\/\/granadacostaglobal.es\/index.php?rest_route=\/wp\/v2\/users\/3"}],"replies":[{"embeddable":true,"href":"https:\/\/granadacostaglobal.es\/index.php?rest_route=%2Fwp%2Fv2%2Fcomments&post=31248"}],"version-history":[{"count":0,"href":"https:\/\/granadacostaglobal.es\/index.php?rest_route=\/wp\/v2\/posts\/31248\/revisions"}],"wp:featuredmedia":[{"embeddable":true,"href":"https:\/\/granadacostaglobal.es\/index.php?rest_route=\/"}],"wp:attachment":[{"href":"https:\/\/granadacostaglobal.es\/index.php?rest_route=%2Fwp%2Fv2%2Fmedia&parent=31248"}],"wp:term":[{"taxonomy":"category","embeddable":true,"href":"https:\/\/granadacostaglobal.es\/index.php?rest_route=%2Fwp%2Fv2%2Fcategories&post=31248"},{"taxonomy":"post_tag","embeddable":true,"href":"https:\/\/granadacostaglobal.es\/index.php?rest_route=%2Fwp%2Fv2%2Ftags&post=31248"}],"curies":[{"name":"wp","href":"https:\/\/api.w.org\/{rel}","templated":true}]}}