{"id":31240,"date":"2022-02-21T06:34:15","date_gmt":"2022-02-21T05:34:15","guid":{"rendered":"http:\/\/granadacostanacional.es\/?p=31240"},"modified":"2022-02-21T06:34:15","modified_gmt":"2022-02-21T05:34:15","slug":"destino-la-tierra-a-toda-costa","status":"publish","type":"post","link":"https:\/\/granadacostaglobal.es\/?p=31240","title":{"rendered":"Destino \u201cLa Tierra\u201d \u2013 A TODA COSTA"},"content":{"rendered":"<h2 style=\"text-align: justify;\">Viaje gal\u00e1ctico<\/h2>\n<p style=\"text-align: justify;\">El espacio-tiempo en el cosmos toma otra dimensi\u00f3n, por ello diremos que transcurri\u00f3 un tiempo c\u00f3smico y la nave tripulada regres\u00f3, tras haber cumplido su misi\u00f3n.<\/p>\n<p style=\"text-align: justify;\">Cuando logr\u00f3 posarse en la misma base de donde parti\u00f3, custodiada por m\u00e1s de trescientos efectivos enfundados en uniformes de intenso color blanco, los dos tripulantes fueron introducidos en una nave m\u00e1s peque\u00f1a para ser trasladados de inmediato al Zamb\u00fan.<\/p>\n<p style=\"text-align: justify;\">En este lugar estaban reunidas las m\u00e1ximas autoridades militares, cient\u00edficas y gubernamentales. Todos les aguardaban con expectaci\u00f3n y notoria impaciencia.<\/p>\n<p style=\"text-align: justify;\">Los dos pilotos del espacio bajaron y entraron en la amplia sala principal, se les dispens\u00f3 un caluroso recibimiento.<\/p>\n<p style=\"text-align: justify;\">Ambos tomaron posici\u00f3n junto al investigador jefe, en un lugar preparado a prop\u00f3sito para ellos. En unas enormes pantallas plasmatronicas se iban a visionar las im\u00e1genes ya transmitidas, as\u00ed como las \u00faltimas que portaban en sus maletines de cromot\u00e1n. Todo ello coordinado por el profesor Fol, cient\u00edfico y director del proyecto, quien llevar\u00eda el peso de la asamblea.<\/p>\n<p style=\"text-align: justify;\">Comenz\u00f3 la sesi\u00f3n en medio de un silencio omn\u00edmodo. Tom\u00f3 la palabra Fol, quien modulando la voz con un registro de m\u00e1xima trascendencia, anunci\u00f3:<\/p>\n<ul style=\"text-align: justify;\">\n<li>Excelsas personalidades; informamos que tras minuciosos estudios, ahora corroborados con los resultados de la \u00faltima expedici\u00f3n, hemos llegado a la conclusi\u00f3n de que en el &lt;&lt;Planeta Tierra no puede existir vida&gt;&gt;.<\/li>\n<\/ul>\n<ul style=\"text-align: justify;\">\n<li>Observen las siguientes im\u00e1genes: A esta gran mancha de cemento, la denominan Madrid, y como pueden suponer sobre ella no es posible cultivar nada.<\/li>\n<\/ul>\n<ul style=\"text-align: justify;\">\n<li>En otros lugares de la Tierra, como pueden ver -se\u00f1al\u00f3 con un destello de luz viol\u00e1cea a modo de puntero- hemos detectado, mediante las ondas de ultrasonido, unas fuertes explosiones que destruyen las posibles ciudades terr\u00edcolas. Cabr\u00eda sospechar que se trata de un planeta en constante conflagraci\u00f3n b\u00e9lica que se destruye as\u00ed mismo poco a poco.<\/li>\n<\/ul>\n<p style=\"text-align: justify;\"><a href=\"http:\/\/granadacostanacional.es\/wp-content\/uploads\/2022\/02\/cosmos.jpg\"><img decoding=\"async\" loading=\"lazy\" class=\"aligncenter size-large wp-image-31241\" src=\"http:\/\/granadacostanacional.es\/wp-content\/uploads\/2022\/02\/cosmos-1024x716.jpg\" alt=\"cosmos\" width=\"1024\" height=\"716\" \/><\/a><\/p>\n<p style=\"text-align: justify;\">El que parec\u00eda la persona m\u00e1s importante del gobierno Marciano, en tono inquieto, pregunt\u00f3:<\/p>\n<ul>\n<li>Doctor Fol, \u00bfen la Tierra se confirma o no la existencia de agua?<\/li>\n<li>Se\u00f1or magistrado general de Marte; efectivamente existen corrientes de agua, algo similar a nuestros r\u00edos. Sin embargo, utilizando el sonrra (rayos sonda), hemos comprobado que el agua no es potable debido a que, constantemente, afluyen unos vertidos contaminantes que aportan al agua una gran concentraci\u00f3n de metales nocivos.<\/li>\n<\/ul>\n<p style=\"text-align: justify;\">Mientras se tomaba un ligero descanso, cedi\u00f3 la palabra a los componentes de la misi\u00f3n.<\/p>\n<ul>\n<li style=\"text-align: justify;\">Una cosa que nos ha llamado la atenci\u00f3n es que la atm\u00f3sfera de la Tierra contiene gran cantidad de mon\u00f3xido de carbono y otros gases da\u00f1inos, haciendo peligrosa la supervivencia; adem\u00e1s la capa de ozono tiene innumerables agujeros. Es \u00a1como un cuelacuela! (utensilio marciano que hace las veces de colador) -afirm\u00f3 en tono jocoso-, lo que produjo hilaridad entre los asistentes.<\/li>\n<\/ul>\n<p style=\"text-align: justify;\">Durante la intervenci\u00f3n de su compa\u00f1ero, el otro tripulante asent\u00eda a todo con la cabeza, luego tambi\u00e9n medi\u00f3:<\/p>\n<ul style=\"text-align: justify;\">\n<li>Yo creo que en la Tierra no puede haber vida; pero si la hay, debe ser muy &lt;&lt;poco inteligente&gt;&gt;.<\/li>\n<\/ul>\n<p style=\"text-align: justify;\">El magistrado general, mostrando su notoria impaciencia, pregunt\u00f3 de nuevo:<\/p>\n<ul style=\"text-align: justify;\">\n<li>Profesor Fol; como responsable del proyecto Tierra, en el que estamos invirtiendo gran cantidad de \u201cMartinicas\u201d (moneda marciana), \u00bfcon qu\u00e9 fin queremos llegar a un planeta tan inh\u00f3spito?<\/li>\n<\/ul>\n<p style=\"text-align: justify;\">El magistrado estaba pesadito y cabez\u00f3n. Por lo que el profesor ten\u00eda necesidad de meditar muy bien su r\u00e9plica, sabiendo que el proyecto depend\u00eda de ella, as\u00ed como la inversi\u00f3n futura, y la propia carrera del espacio.<\/p>\n<ul style=\"text-align: justify;\">\n<li>Eximio magistrado, debemos lograr que llegue al menos una cosmonave con tripulaci\u00f3n a la Tierra, porque si conseguimos que nuestros marcianos se aclimaten a esas p\u00e9simas condiciones, damos por seguro que ya estar\u00e1n preparados para enviarlos a cualquier otro planeta del universo.<\/li>\n<\/ul>\n<p style=\"text-align: justify;\">La asamblea finaliz\u00f3 en este punto. En sus mentes se les hab\u00eda incrustado un contrariado sentimiento de frustraci\u00f3n; aquel id\u00edlico planeta, llamado Tierra, que tanta expectaci\u00f3n les hab\u00eda causado siempre, siendo objeto de cantos y alabanzas, motivo de obras maestras de la literatura marciana, sue\u00f1os celestes y posible ed\u00e9n donde emigrar:<\/p>\n<p style=\"text-align: justify;\"><strong>\u00a1No era habitable!<\/strong><\/p>\n<p style=\"text-align: right;\">Francisco Ponce Carrasco<\/p>\n","protected":false},"excerpt":{"rendered":"<p>Viaje gal\u00e1ctico El espacio-tiempo en el cosmos toma otra dimensi\u00f3n, por ello diremos que transcurri\u00f3 un tiempo c\u00f3smico y la&hellip;<\/p>\n","protected":false},"author":2,"featured_media":24452,"comment_status":"open","ping_status":"open","sticky":false,"template":"","format":"standard","meta":{"om_disable_all_campaigns":false,"_mi_skip_tracking":false,"_monsterinsights_sitenote_active":false,"_monsterinsights_sitenote_note":"","_monsterinsights_sitenote_category":0,"footnotes":""},"categories":[21,30],"tags":[],"aioseo_notices":[],"_links":{"self":[{"href":"https:\/\/granadacostaglobal.es\/index.php?rest_route=\/wp\/v2\/posts\/31240"}],"collection":[{"href":"https:\/\/granadacostaglobal.es\/index.php?rest_route=\/wp\/v2\/posts"}],"about":[{"href":"https:\/\/granadacostaglobal.es\/index.php?rest_route=\/wp\/v2\/types\/post"}],"author":[{"embeddable":true,"href":"https:\/\/granadacostaglobal.es\/index.php?rest_route=\/wp\/v2\/users\/2"}],"replies":[{"embeddable":true,"href":"https:\/\/granadacostaglobal.es\/index.php?rest_route=%2Fwp%2Fv2%2Fcomments&post=31240"}],"version-history":[{"count":0,"href":"https:\/\/granadacostaglobal.es\/index.php?rest_route=\/wp\/v2\/posts\/31240\/revisions"}],"wp:featuredmedia":[{"embeddable":true,"href":"https:\/\/granadacostaglobal.es\/index.php?rest_route=\/"}],"wp:attachment":[{"href":"https:\/\/granadacostaglobal.es\/index.php?rest_route=%2Fwp%2Fv2%2Fmedia&parent=31240"}],"wp:term":[{"taxonomy":"category","embeddable":true,"href":"https:\/\/granadacostaglobal.es\/index.php?rest_route=%2Fwp%2Fv2%2Fcategories&post=31240"},{"taxonomy":"post_tag","embeddable":true,"href":"https:\/\/granadacostaglobal.es\/index.php?rest_route=%2Fwp%2Fv2%2Ftags&post=31240"}],"curies":[{"name":"wp","href":"https:\/\/api.w.org\/{rel}","templated":true}]}}