{"id":31233,"date":"2022-02-18T16:49:38","date_gmt":"2022-02-18T16:49:38","guid":{"rendered":"http:\/\/granadacostanacional.es\/?p=31233"},"modified":"2022-02-18T16:49:38","modified_gmt":"2022-02-18T16:49:38","slug":"por-que-senor-nuevo-libro-de-benito-mansilla","status":"publish","type":"post","link":"https:\/\/granadacostaglobal.es\/?p=31233","title":{"rendered":"\u00bfPor qu\u00e9, Se\u00f1or? Nuevo libro de Benito Mansilla"},"content":{"rendered":"<p style=\"text-align: justify;\"><strong>Benito Mansilla<\/strong>, nacido en Checa (Guadalajara) el 17 abril 1956.<\/p>\n<p style=\"text-align: justify;\">\nSu padre, agricultor y jornalero, pasaba temporadas en las monta\u00f1as haciendo carb\u00f3n y cortando pinos. Su madre cuidaba la casa, 5 hijos, y huertos, gorrino, gallinas.<\/p>\n<p style=\"text-align: justify;\">\nEstudi\u00f3 en el Colegio del pueblo hasta los 14 a\u00f1os. A los 9 a\u00f1os le dieron una beca de 6000,-pesetas y fue al Seminario Menor de San Jos\u00e9 de Guadalajara pero en las vacaciones de Semana Santa enferm\u00f3 de las fiebres maltas estando 3 meses en cama y ya no volvi\u00f3.<\/p>\n<p style=\"text-align: justify;\">\nEsta beca fue gracias al tes\u00f3n del cura del pueblo, Don Justo Sanz Mateo, persona incre\u00edblemente admirable y a quien ha llevado toda su vida en el coraz\u00f3n. Probablemente por su condici\u00f3n de monaguillo desde los 5 o 6 a\u00f1os hasta los 14 y estaba a todas horas en la Iglesia.<\/p>\n<p style=\"text-align: justify;\">\nA los 10 a\u00f1os les ofrecieron casa y trabajos en Torres Torres (Valencia), un a\u00f1o a trabajar la Naranja, pero no fue del agrado de su padre y volvieron al pueblo.<\/p>\n<p style=\"text-align: justify;\">\nA los 14 a\u00f1os marcha la familia a Barcelona. Nada m\u00e1s llegar entr\u00f3 en una Asesor\u00eda Jur\u00eddica de botones y permaneci\u00f3 all\u00ed durante 5 a\u00f1os.<\/p>\n<p style=\"text-align: justify;\">\n5 a\u00f1os de a\u00f1oranza diaria del pueblo. Apenas sal\u00eda salvo para ir a misa con sus padres los domingos. Encerrado en su habitaci\u00f3n leyendo biograf\u00edas y revistas sobre la Atl\u00e1ntida, ovnis, (La colecci\u00f3n de Reader\u2019s Digest o parecidas) so\u00f1ando en convencer a sus padres para marchar al pueblo.<\/p>\n<p style=\"text-align: justify;\">\nLos 365 d\u00edas al a\u00f1o la mayor satisfacci\u00f3n durante esos 5 a\u00f1os era el irse a dormir por la noche y so\u00f1ar con sus campos del Cubillo donde hab\u00eda acompa\u00f1ado a su padre a los 7 a\u00f1os en sus trabajos de siega con hoz o con dalla. Ellos insist\u00edan \u00a1despu\u00e9s de la mili, despu\u00e9s de la mili! Y as\u00ed fue por fin.<\/p>\n<p style=\"text-align: justify;\">\nA los 19 march\u00f3 a una multinacional de m\u00e1quinas de coser en la tienda de repuestos. A los 20 fue a la mili a Artiller\u00eda en Vic\u00e1lvaro, Madrid. Termin\u00f3 la mili 1978 tras volver unos meses a la multinacional pidi\u00f3 la cuenta y march\u00f3 al pueblo con la ilusi\u00f3n de vivir del campo. Recuper\u00f3 los huertos sus padres, se hice cazador y hac\u00eda trabajos forestales. S\u00f3lo quer\u00eda campo y monta\u00f1a, su perro y su gato.<\/p>\n<p style=\"text-align: justify;\">\nDisfrutaba haciendo que acudieran a comer y beber agua los p\u00e1jaros. Logr\u00f3 carboneros, petirrojos, herrerillos, orop\u00e9ndolas, agateadores, chochines, le hac\u00edan nidos espectaculares en los \u00e1rboles, perfectas cestas teji\u00e9ndolas. El halc\u00f3n peregrino, bajaba todos los d\u00edas de caza. Observaba la vida del \u00c1guila Calzada, el Alimoche, buitres leonados, cuervos, urracas, tordos, ten\u00eda los p\u00e1jaros carpinteros en los pinos detr\u00e1s de casa, hab\u00eda recuperado los a\u00f1os perdidos en la ciudad, s\u00f3lo guardaba el cari\u00f1o de sus padres en su coraz\u00f3n, pero venc\u00eda la ilusi\u00f3n de conservar la vida que hab\u00eda tenido su padre.<\/p>\n<p style=\"text-align: justify;\">\nEn 1979 su mujer va con \u00e9l a vivir y en 1982 vuelven a Barcelona, otra vez a la asesor\u00eda. En 1983 nace su hijo y ya no pueden volver al pueblo.<\/p>\n<p style=\"text-align: justify;\">\nEn 2001 fallece su padre y ronda durante un tiempo la depresi\u00f3n.<\/p>\n<p style=\"text-align: justify;\">\nEn 2007 vuelven al pueblo su hijo y \u00e9l.<\/p>\n<p style=\"text-align: justify;\">\nLa paz y el sosiego le inculcan a mirar al Cielo pensar y escribir m\u00e1s profundamente en todo y sobre todo rezar a su manera.<\/p>\n<p style=\"text-align: justify;\">\nEn 2012 cambiar\u00e1 por completo su vida a raz\u00f3n de conocer cientos de personas al inaugurar y llevar \u201cEl Museo de la Ganader\u00eda Tradicional del Alto Tajo\u201d en su pueblo, Checa, durante 4 a\u00f1os. Personas de las cuales destaca indudablemente a Raquel Esteban, Gerente de la Fundaci\u00f3n Bodas de Isabel en Teruel.<\/p>\n<p style=\"text-align: justify;\">\nEs por ello que se dedica seriamente a escribir poemas y poes\u00edas en cuadernos que intenta separar como:<\/p>\n<p style=\"text-align: justify;\">\n\u2022 1-HISTORIA, A\u00d1ORANZA HACIA MI PADRE Y PUEBLO.<\/p>\n<p style=\"text-align: justify;\">\n\u2022 2-A\u00d1ORANZA A LA NATURALEZA.<\/p>\n<p style=\"text-align: justify;\">\n\u2022 3-AMOR.<\/p>\n<p style=\"text-align: justify;\">\n\u2022 4-A\u00d1ORANZA RELIGIOSA.<\/p>\n<p style=\"text-align: justify;\">\nEn 2017 vuelve con su hijo otra vez a Barcelona, \u00e9l va a cuidar a su madre que en julio 2022 cumplir\u00e1 los 100 a\u00f1os y organiza sus escritos. Su hijo se va a vivir con su novia, pues van a ser padres.<br \/>\nEn 2018 nace su nieto y hasta ahora que empieza la vida de jubilado.<\/p>\n<p>&nbsp;<\/p>\n<p style=\"text-align: center;\"><strong>PR\u00d3LOGO:<\/strong><\/p>\n<p style=\"text-align: justify;\">Conocimos a Benito hace veinte a\u00f1os cuando nos trasladamos al edificio del n\u00famero 95 de la calle Pau Claris de Barcelona donde trabajaba de conserje. Desempe\u00f1aba su servicio con una extraordinaria voluntad de ayudar, siempre pendiente de todos y atento a cualquier necesidad que pudiera surgir.<\/p>\n<p style=\"text-align: justify;\">\nCuando anunci\u00f3 su marcha en el a\u00f1o 2007 nos alegramos con \u00e9l pues su decisi\u00f3n le hac\u00eda feliz ya que volver al pueblo, a sus ra\u00edces, con su hijo, le devolv\u00eda una vida jam\u00e1s olvidada y siempre a\u00f1orada.<\/p>\n<p style=\"text-align: justify;\">\nEl vac\u00edo que en aquel entonces nos dej\u00f3 lo ha llenado de nuevo estas Navidades, quince a\u00f1os despu\u00e9s, con un inesperado regalo: su poes\u00eda. Nada sab\u00edamos de esta faceta suya pero al poder disfrutar de ella descubrimos al Benito que conoc\u00edamos, amante de su familia y de su pueblo, de la naturaleza que le rodea y de la espiritualidad tan necesaria para vivir aut\u00e9nticamente.<\/p>\n<p style=\"text-align: justify;\">\nAl leer sus poemas podemos conocerle mejor Es un hombre que guarda su infancia como el mejor tesoro, que describe la familia como el fundamento de su vida, que habla de su tierra como la muestra del Reino que queremos construir y que reza y habla con Dios como un sabio teresiano pues le trata de amistad a sabiendas que le ama. Y todo ello siempre con el mismo prop\u00f3sito que ya nos mostr\u00f3 desde el primer momento que le conocimos: servir y ayudar a los dem\u00e1s.<\/p>\n<p style=\"text-align: right;\"><strong>El\u00edas Campo Villegas.<\/strong><\/p>\n<p style=\"text-align: right;\">\n<strong>Miguel \u00c1ngel Campo G\u00fcerri.<\/strong><\/p>\n<p style=\"text-align: right;\">\n<p style=\"text-align: center;\"><strong>Para\u00a0adquirir el libro:<\/strong><\/p>\n<h2 style=\"text-align: center;\"><span style=\"color: #0000ff;\"><a style=\"color: #0000ff;\" href=\"https:\/\/editorialgcs.es\/index.php\/producto\/por-que-senor\">PINCHE AQU\u00cd<\/a><\/span><\/h2>\n","protected":false},"excerpt":{"rendered":"<p>Benito Mansilla, nacido en Checa (Guadalajara) el 17 abril 1956. Su padre, agricultor y jornalero, pasaba temporadas en las monta\u00f1as&hellip;<\/p>\n","protected":false},"author":3,"featured_media":31234,"comment_status":"open","ping_status":"open","sticky":false,"template":"","format":"standard","meta":{"om_disable_all_campaigns":false,"_mi_skip_tracking":false,"_monsterinsights_sitenote_active":false,"_monsterinsights_sitenote_note":"","_monsterinsights_sitenote_category":0,"footnotes":""},"categories":[21],"tags":[],"aioseo_notices":[],"_links":{"self":[{"href":"https:\/\/granadacostaglobal.es\/index.php?rest_route=\/wp\/v2\/posts\/31233"}],"collection":[{"href":"https:\/\/granadacostaglobal.es\/index.php?rest_route=\/wp\/v2\/posts"}],"about":[{"href":"https:\/\/granadacostaglobal.es\/index.php?rest_route=\/wp\/v2\/types\/post"}],"author":[{"embeddable":true,"href":"https:\/\/granadacostaglobal.es\/index.php?rest_route=\/wp\/v2\/users\/3"}],"replies":[{"embeddable":true,"href":"https:\/\/granadacostaglobal.es\/index.php?rest_route=%2Fwp%2Fv2%2Fcomments&post=31233"}],"version-history":[{"count":0,"href":"https:\/\/granadacostaglobal.es\/index.php?rest_route=\/wp\/v2\/posts\/31233\/revisions"}],"wp:featuredmedia":[{"embeddable":true,"href":"https:\/\/granadacostaglobal.es\/index.php?rest_route=\/"}],"wp:attachment":[{"href":"https:\/\/granadacostaglobal.es\/index.php?rest_route=%2Fwp%2Fv2%2Fmedia&parent=31233"}],"wp:term":[{"taxonomy":"category","embeddable":true,"href":"https:\/\/granadacostaglobal.es\/index.php?rest_route=%2Fwp%2Fv2%2Fcategories&post=31233"},{"taxonomy":"post_tag","embeddable":true,"href":"https:\/\/granadacostaglobal.es\/index.php?rest_route=%2Fwp%2Fv2%2Ftags&post=31233"}],"curies":[{"name":"wp","href":"https:\/\/api.w.org\/{rel}","templated":true}]}}