{"id":31229,"date":"2022-02-18T16:18:31","date_gmt":"2022-02-18T16:18:31","guid":{"rendered":"http:\/\/granadacostanacional.es\/?p=31229"},"modified":"2022-02-18T16:18:31","modified_gmt":"2022-02-18T16:18:31","slug":"diario-de-un-poeta-el-dia-que-conoci-al-poeta-diego-sabiote","status":"publish","type":"post","link":"https:\/\/granadacostaglobal.es\/?p=31229","title":{"rendered":"DIARIO DE UN POETA  EL D\u00cdA QUE CONOC\u00cd AL POETA DIEGO SABIOTE"},"content":{"rendered":"<p style=\"text-align: justify;\"><strong>Q<\/strong>u\u00e9 duda cabe y, nadie lo puede poner en dudas, que el poeta y profesor em\u00e9rito de la Universidad Balear, Don Diego Sabiote, es un poeta de gran espectro, con una poes\u00eda muy personal y llenas de reflejos luminosos. Poes\u00eda reflexiva y sensitiva llena de mensajes que llegan directamente al alma. Aunque para algunos pudiera parecer una poes\u00eda sencilla y f\u00e1cil de escribir, nada de eso, es una poes\u00eda muy elaborada, ya que dentro de su l\u00ednea po\u00e9tica no varia nunca el concepto de su mensaje, aunque, por otro lado, es siempre una poes\u00eda nueva, incluso novedosa, porque, aunque parezca que se parecen entre s\u00ed, no es verdad. La poes\u00eda de Diego, entra dentro de la espiritualidad, del mensaje sutil, no es leer solamente su poes\u00eda, sino que hay que reflexionar al leerla, hay que saber entrar dentro del poema y desde adentro analizar verdaderamente que es lo que quiere decir. Es la verdad del pensamiento espiritual y filos\u00f3fico de un hombre que es poeta y que pertenece a la escuela de los grandes poetas que en su poes\u00eda -o con su poes\u00eda- se acercaron a Dios.<\/p>\n<p style=\"text-align: justify;\">\u00a0\u00a0\u00a0\u00a0\u00a0\u00a0\u00a0\u00a0\u00a0\u00a0\u00a0 \u00a0 La poes\u00eda de Diego Sabiote, trasciende incluso en su propio mensaje que quiere trasmitir, que quiere hacer llegar y pienso que, su poes\u00eda es como el canto ma\u00f1anero de los p\u00e1jaros en la primavera. Su poes\u00eda podr\u00edamos emparejarla con la poes\u00eda religiosa, porque toda ella es una reflexi\u00f3n en una comuni\u00f3n con la naturaleza. La poes\u00eda de Diego no nos deja indiferente, y es una equivocaci\u00f3n leer su poes\u00eda r\u00e1pido, hay que leerla despacio, saboreando cada letra, cada matiz, cada sugerencia y si as\u00ed se hace, nos llegar\u00e1 al coraz\u00f3n y nos sorprender\u00e1, nos acercar\u00e1 m\u00e1s a Dios. Que, al fin y al cabo, es la arquitectura espiritual que emana de la poes\u00eda de Diego. Su gran capacidad de hacer que, en poemas de solamente tres versos, puede encerrar todo un universo de espiritualidad, de ingenio de sabidur\u00eda de ir construyendo un camino que llega hasta el coraz\u00f3n de sus lectores. Lamento no tener la capacidad suficiente para poder hacer un an\u00e1lisis m\u00e1s profundo de la poes\u00eda de Diego, que como p\u00e9talos de flores espirituales esparce a los cuatro vientos como un mensaje de: amor, concordia y de bondad.<\/p>\n<p style=\"text-align: justify;\">\u00a0\u00a0\u00a0\u00a0\u00a0\u00a0\u00a0\u00a0\u00a0\u00a0\u00a0 Conoc\u00ed a Diego Sabiote hace ya muchos a\u00f1os, concretamente lo conoc\u00ed en un acto cultural organizado por la actriz, poeta y rapsoda do\u00f1a <strong>Catalina Valls<\/strong>, se\u00f1ora de gran cultura y persona emblem\u00e1tica en Palma -de la que escribir\u00e9 en otra ocasi\u00f3n-. A partir de ese momento hemos coincidido en m\u00faltiples actos culturales y l\u00fadicos. La \u00faltima vez que participamos en un acto cultural fue en la presentaci\u00f3n de un libro de la poeta y escritora <strong>Mar\u00eda Jos\u00e9 Alem\u00e1n<\/strong>, que presentamos juntos con el director de cultura de la UOM. Tambi\u00e9n tuve el honor de que presentara mi Antolog\u00eda po\u00e9tica en el sal\u00f3n de actos de la Universidad y, en donde hizo de moderador el director de cultura de la UOM. D\u00e1ndonos una lecci\u00f3n magistral como solamente \u00e9l sabe hacerlo. Hemos participado juntos en recitales de poes\u00eda, algunos de ellos, organizados por el poeta <strong>Esteban Pis\u00f3n<\/strong>.<\/p>\n<p style=\"text-align: justify;\"><a href=\"http:\/\/granadacostanacional.es\/wp-content\/uploads\/2017\/12\/IMG_7881.jpg\"><img decoding=\"async\" loading=\"lazy\" class=\"aligncenter size-large wp-image-15569\" src=\"http:\/\/granadacostanacional.es\/wp-content\/uploads\/2017\/12\/IMG_7881-935x1024.jpg\" alt=\"IMG_7881\" width=\"935\" height=\"1024\" \/><\/a><\/p>\n<p style=\"text-align: center;\"><strong>Diego Sabiote recibiendo el Premio Humanidades del Proyecto de Cultura Granada Costa<\/strong><\/p>\n<p>\u00a0\u00a0\u00a0\u00a0\u00a0\u00a0\u00a0\u00a0\u00a0\u00a0\u00a0 Diego es un hombre amable, buena gente, compresivo y de una profunda religiosidad. No en balde suele pasar temporadas en algunos Monasterio repartidos por la geograf\u00eda espa\u00f1ola: Monserrat, Poblet, etc. yo personalmente le estoy muy agradecido por haber corregido algunos de mis poemas.<\/p>\n<p style=\"text-align: justify;\">A Don Diego lo tengo como muy buen amigo, al que admiro mucho, ya que, desde la semiesclavitud en las canteras de m\u00e1rmol de su pueblo natal Macael (Almer\u00eda), supo como el ave F\u00e9nix, remontarse sobre la adversidad y el polvo de las canteras, volar a cotas -pienso-, no so\u00f1adas por \u00e9l. Diego permaneci\u00f3 desde los 10 a los 19 a\u00f1os, desempe\u00f1ando un trabajo dur\u00edsimo, que le mantuvo enganchado al yugo de un trabajo no acorde con su edad ni con su sentir. Sus ojos no divisaban m\u00e1s all\u00e1 de las paredes de m\u00e1rmol y las cercanas lomas de los alrededores. Pero en su alma de ni\u00f1o germinaba la semilla por las cosas bellas y en su coraz\u00f3n sent\u00eda el anhelo irrefrenable de superarse a s\u00ed mismo, a pesar de las circunstancias adversa que supon\u00eda la falta de recursos econ\u00f3micos de la posguerra.<\/p>\n<p style=\"text-align: justify;\">Es un hombre genuinamente Andaluz por todos los costados, a la que quiere y siente. Todos los amigos y admiradores de Diego Sabiote debemos agradecer al Ayuntamiento de V\u00edcar (Almer\u00eda) y a sus distinguidas autoridades que hayan puesto el nombre de nuestro Poeta y Profesor a una de sus calles. Aprovecho para hacer un llamamiento a las autoridades de Macael que, igual que ha hecho V\u00edcar, ponga el nombre del Ilustre Profesor a una de sus calles y sea nombrado Hijo Predilecto de la Ciudad. Diego Sabiote es un embajador permanente que lleva el nombre de Macael en particular y el de Almer\u00eda en general por todas partes.<\/p>\n<p style=\"text-align: justify;\">No se concibe que no sea homenajeado en el pueblo donde naci\u00f3 y lo sea en localidades lim\u00edtrofes. Pienso que las dign\u00edsimas autoridades de Macael, deber\u00edan reflexionar en esta cuesti\u00f3n y rotular una de sus v\u00edas con el nombre del poeta y profesor mencionado.<\/p>\n<p style=\"text-align: justify;\">Diego es Doctor en Filosof\u00eda por la Universidad Civil y la Universidad Pontificia de Salamanca. Licenciado en Teolog\u00eda. Reside en Mallorca. Est\u00e1 casado con la profesora Mar\u00eda Ignacia Mercadal, tiene dos hijas y cinco nietos. Nuestra com\u00fan amiga la poeta Pilar Quiroza-Cheyrouse dijo de Diego: &lt;&lt;Lleno de reflexiones filos\u00f3ficas y de est\u00e9tica de su contagiosa capacidad de entusiasmo y asombro ante el milagro de lo cotidiano, de su inquebrantable b\u00fasqueda del equilibrio y sencillez que emana de la propia naturaleza, de la verdadera dimensi\u00f3n espiritual del poeta&gt;&gt;.<\/p>\n<p style=\"text-align: justify;\">\u00a0\u00a0\u00a0\u00a0\u00a0\u00a0\u00a0\u00a0\u00a0\u00a0\u00a0 No quiero extenderme m\u00e1s, cualquier cosa que pueda decir de Diego, quiz\u00e1s podr\u00eda ser repetitivo. Y motivado por mi admiraci\u00f3n hacia \u00e9l. Solamente lamento no poder estar a la altura que \u00e9l se merece al escribir esta semblanza.<\/p>\n<p>&nbsp;<\/p>\n<p style=\"text-align: right;\"><strong>Marcelino Arellano Alabarces \u00a0<\/strong><\/p>\n","protected":false},"excerpt":{"rendered":"<p>Qu\u00e9 duda cabe y, nadie lo puede poner en dudas, que el poeta y profesor em\u00e9rito de la Universidad Balear,&hellip;<\/p>\n","protected":false},"author":3,"featured_media":11995,"comment_status":"open","ping_status":"open","sticky":false,"template":"","format":"standard","meta":{"om_disable_all_campaigns":false,"_mi_skip_tracking":false,"_monsterinsights_sitenote_active":false,"_monsterinsights_sitenote_note":"","_monsterinsights_sitenote_category":0,"footnotes":""},"categories":[21],"tags":[],"aioseo_notices":[],"_links":{"self":[{"href":"https:\/\/granadacostaglobal.es\/index.php?rest_route=\/wp\/v2\/posts\/31229"}],"collection":[{"href":"https:\/\/granadacostaglobal.es\/index.php?rest_route=\/wp\/v2\/posts"}],"about":[{"href":"https:\/\/granadacostaglobal.es\/index.php?rest_route=\/wp\/v2\/types\/post"}],"author":[{"embeddable":true,"href":"https:\/\/granadacostaglobal.es\/index.php?rest_route=\/wp\/v2\/users\/3"}],"replies":[{"embeddable":true,"href":"https:\/\/granadacostaglobal.es\/index.php?rest_route=%2Fwp%2Fv2%2Fcomments&post=31229"}],"version-history":[{"count":0,"href":"https:\/\/granadacostaglobal.es\/index.php?rest_route=\/wp\/v2\/posts\/31229\/revisions"}],"wp:featuredmedia":[{"embeddable":true,"href":"https:\/\/granadacostaglobal.es\/index.php?rest_route=\/"}],"wp:attachment":[{"href":"https:\/\/granadacostaglobal.es\/index.php?rest_route=%2Fwp%2Fv2%2Fmedia&parent=31229"}],"wp:term":[{"taxonomy":"category","embeddable":true,"href":"https:\/\/granadacostaglobal.es\/index.php?rest_route=%2Fwp%2Fv2%2Fcategories&post=31229"},{"taxonomy":"post_tag","embeddable":true,"href":"https:\/\/granadacostaglobal.es\/index.php?rest_route=%2Fwp%2Fv2%2Ftags&post=31229"}],"curies":[{"name":"wp","href":"https:\/\/api.w.org\/{rel}","templated":true}]}}