{"id":31226,"date":"2022-02-18T15:56:14","date_gmt":"2022-02-18T15:56:14","guid":{"rendered":"http:\/\/granadacostanacional.es\/?p=31226"},"modified":"2022-02-18T15:56:14","modified_gmt":"2022-02-18T15:56:14","slug":"churriana-de-la-vega-conmemora-el-dia-del-asperger-con-una-charla-de-sensibilizacion","status":"publish","type":"post","link":"https:\/\/granadacostaglobal.es\/?p=31226","title":{"rendered":"Churriana de la Vega conmemora el D\u00eda del Asperger con una charla de sensibilizaci\u00f3n"},"content":{"rendered":"<p style=\"text-align: justify;\">El Palacio de las Artes Esc\u00e9nicas y de la M\u00fasica de Churriana ha acogido una charla de sensibilizaci\u00f3n sobre el s\u00edndrome de Asperger dirigida a estudiantes del IES Federico Garc\u00eda Lorca con motivo del d\u00eda internacional de este trastorno el 18 de febrero.<\/p>\n<p style=\"text-align: justify;\">\n<p style=\"text-align: justify;\">El s\u00edndrome de Asperger es un Trastorno del Espectro Autista (TEA) que genera dificultades para la interacci\u00f3n social, alteraciones de los patrones de comunicaci\u00f3n no-verbal, intereses restringidos o interpretaci\u00f3n literal del lenguaje, entre otras manifestaciones.<\/p>\n<p style=\"text-align: justify;\">\n<p style=\"text-align: justify;\">De la mano del psic\u00f3logo F\u00e9lix Hermoso, y con la participaci\u00f3n de j\u00f3venes de Churriana con Asperger, la charla ha visibilizado la realidad de las personas que conviven con este trastorno, \u201cuna forma de discapacidad social\u201d, y la manera m\u00e1s adecuada de actuar ante un caso cercano.<\/p>\n<p style=\"text-align: justify;\"><a href=\"http:\/\/granadacostanacional.es\/wp-content\/uploads\/2022\/02\/CHURRIANA-DI\u0301A-INTERNACIONAL-ASPERGER.jpeg\"><img decoding=\"async\" loading=\"lazy\" class=\"aligncenter size-large wp-image-31227\" src=\"http:\/\/granadacostanacional.es\/wp-content\/uploads\/2022\/02\/CHURRIANA-DI\u0301A-INTERNACIONAL-ASPERGER-1024x439.jpeg\" alt=\"CHURRIANA DI\u0301A INTERNACIONAL ASPERGER\" width=\"1024\" height=\"439\" \/><\/a><\/p>\n<p style=\"text-align: justify;\">La dificultad a la hora de conseguir un puesto de trabajo es uno de los problemas m\u00e1s acuciantes de las personas con Asperger, ya que el desempleo alcanza cotas cercanas al 85%. El Ayuntamiento de Churriana de la Vega colabora con la asociaci\u00f3n granadina de Aspergerte-TEA para facilitar la inclusi\u00f3n social y laboral.<\/p>\n<p style=\"text-align: justify;\">\n<p style=\"text-align: justify;\">El alcalde de Churriana de la Vega, Antonio Narv\u00e1ez, ha manifestado el compromiso del Ayuntamiento con la visibilizaci\u00f3n del s\u00edndrome de Asperger y la colaboraci\u00f3n estrecha con la asociaci\u00f3n granadina para desarrollar iniciativas conjuntas.<\/p>\n<p>&nbsp;<\/p>\n","protected":false},"excerpt":{"rendered":"<p>El Palacio de las Artes Esc\u00e9nicas y de la M\u00fasica de Churriana ha acogido una charla de sensibilizaci\u00f3n sobre el&hellip;<\/p>\n","protected":false},"author":3,"featured_media":31055,"comment_status":"open","ping_status":"open","sticky":false,"template":"","format":"standard","meta":{"om_disable_all_campaigns":false,"_mi_skip_tracking":false,"_monsterinsights_sitenote_active":false,"_monsterinsights_sitenote_note":"","_monsterinsights_sitenote_category":0,"footnotes":""},"categories":[30],"tags":[],"aioseo_notices":[],"_links":{"self":[{"href":"https:\/\/granadacostaglobal.es\/index.php?rest_route=\/wp\/v2\/posts\/31226"}],"collection":[{"href":"https:\/\/granadacostaglobal.es\/index.php?rest_route=\/wp\/v2\/posts"}],"about":[{"href":"https:\/\/granadacostaglobal.es\/index.php?rest_route=\/wp\/v2\/types\/post"}],"author":[{"embeddable":true,"href":"https:\/\/granadacostaglobal.es\/index.php?rest_route=\/wp\/v2\/users\/3"}],"replies":[{"embeddable":true,"href":"https:\/\/granadacostaglobal.es\/index.php?rest_route=%2Fwp%2Fv2%2Fcomments&post=31226"}],"version-history":[{"count":0,"href":"https:\/\/granadacostaglobal.es\/index.php?rest_route=\/wp\/v2\/posts\/31226\/revisions"}],"wp:featuredmedia":[{"embeddable":true,"href":"https:\/\/granadacostaglobal.es\/index.php?rest_route=\/"}],"wp:attachment":[{"href":"https:\/\/granadacostaglobal.es\/index.php?rest_route=%2Fwp%2Fv2%2Fmedia&parent=31226"}],"wp:term":[{"taxonomy":"category","embeddable":true,"href":"https:\/\/granadacostaglobal.es\/index.php?rest_route=%2Fwp%2Fv2%2Fcategories&post=31226"},{"taxonomy":"post_tag","embeddable":true,"href":"https:\/\/granadacostaglobal.es\/index.php?rest_route=%2Fwp%2Fv2%2Ftags&post=31226"}],"curies":[{"name":"wp","href":"https:\/\/api.w.org\/{rel}","templated":true}]}}