{"id":31127,"date":"2022-02-16T10:50:50","date_gmt":"2022-02-16T10:50:50","guid":{"rendered":"http:\/\/granadacostanacional.es\/?p=31127"},"modified":"2022-02-16T10:50:50","modified_gmt":"2022-02-16T10:50:50","slug":"irene-cardenas-compositora-cantante-y-sobre-todo-gran-persona","status":"publish","type":"post","link":"https:\/\/granadacostaglobal.es\/?p=31127","title":{"rendered":"Irene C\u00e1rdenas.  Compositora\u2026 Cantante y sobre todo gran persona."},"content":{"rendered":"<p style=\"text-align: justify;\"><a href=\"http:\/\/granadacostanacional.es\/wp-content\/uploads\/2022\/02\/WhatsApp-Image-2022-02-09-at-11.38.53.jpg\"><img decoding=\"async\" loading=\"lazy\" class=\"alignnone size-medium wp-image-31128 alignleft\" src=\"http:\/\/granadacostanacional.es\/wp-content\/uploads\/2022\/02\/WhatsApp-Image-2022-02-09-at-11.38.53-243x300.jpg\" alt=\"WhatsApp Image 2022-02-09 at 11.38.53\" width=\"243\" height=\"300\" \/><\/a><\/p>\n<p style=\"text-align: justify;\">\n<p style=\"text-align: justify;\">\n<p style=\"text-align: justify;\"><strong>\u00a0Entrevista Por To\u00f1y Castillo <\/strong><\/p>\n<p style=\"text-align: justify;\">\n<p style=\"text-align: justify;\"><strong>Acercarse a ella\u2026\u00a0<\/strong> es sentir la m\u00fasica en ese estado donde la belleza se une con los sentimientos, lugar, donde la palabra adquiere el ritmo de las vibraciones del alma.<\/p>\n<p style=\"text-align: justify;\"><strong>Acercarse a ella\u2026<\/strong> es conocer a una compositora donde las notas musicales que salen de su guitarra se adentran en un mundo brillante que da cabida a las emociones \u00a0y estas, se \u00a0al\u00edan \u00a0con sus \u00a0palabras en un todo repleto de humanidad.<\/p>\n<p style=\"text-align: justify;\">\u00a0<strong>Acercarse a ella\u2026<\/strong>\u00a0 es quedar enredada en la calidez, la profesionalidad, saber ser y estar, m\u00e1s all\u00e1 de m\u00fasicas, letras y cantes.<\/p>\n<p>&nbsp;<\/p>\n<p style=\"text-align: center;\"><strong>Si algo la define es su forma de querer<\/strong><\/p>\n<p><strong>\u00a0\u00a0\u00a0\u00a0\u00a0\u00a0\u00a0\u00a0\u00a0\u00a0\u00a0\u00a0\u00a0\u00a0\u00a0\u00a0\u00a0\u00a0\u00a0\u00a0\u00a0\u00a0\u00a0\u00a0\u00a0\u00a0\u00a0\u00a0\u00a0\u00a0 \u00a0\u00a0\u00a0<\/strong><\/p>\n<p><strong>\u00a0\u00a0\u00a0\u00a0\u00a0\u00a0\u00a0\u00a0\u00a0\u00a0\u00a0\u00a0\u00a0\u00a0\u00a0\u00a0\u00a0\u00a0\u00a0\u00a0\u00a0\u00a0\u00a0\u00a0\u00a0\u00a0\u00a0\u00a0\u00a0\u00a0\u00a0\u00a0<\/strong><\/p>\n<p style=\"text-align: justify;\"><strong>\u00a0\u00a0 Irene C\u00e1rdenas. \u00a0Compositora\u2026 Cantante y sobre todo gran persona.<\/strong><\/p>\n<p style=\"text-align: justify;\"><span style=\"color: #993300;\">-Hola Irene \u00bfQu\u00e9 tal? Hemos quedado para hablar un ratito de ti y de tu\u00a0 maravillosa \u00a0trayectoria musical. Hoy me gustar\u00eda que hablaras para el Proyecto Global de Cultura Granada Costa y que hici\u00e9ramos juntas un recorrido por las calles de tu arte\u2026 \u00bfTe animas?<\/span><\/p>\n<p style=\"text-align: justify;\">-S\u00ed \u00a1Claro To\u00f1y!<\/p>\n<p style=\"text-align: justify;\"><span style=\"color: #993300;\">-En primer lugar felicidades por tus composiciones,<strong><span style=\"color: #993300;\"> aportan, muestran y dicen<\/span>,<\/strong> tres conceptos que hacen que hoy estemos hablando de ellas.\u00a0<\/span><span style=\"color: #993300;\">De \u00a0tus 21 a\u00f1os llevas muchos de ellos, \u00a0en los cuales, \u00a0\u00a0t\u00fa y tu guitarra ten\u00e9is una complicidad especial y mediante esta uni\u00f3n,\u00a0 sois\u00a0 capaces \u00a0de transmitir y hacer c\u00f3mplices a quienes\u00a0 escuchan\u00a0 vuestros versos.<\/span><\/p>\n<p style=\"text-align: justify;\"><span style=\"color: #993300;\">-Por cierto \u00bftus estudios bien?<\/span><\/p>\n<p style=\"text-align: justify;\"><a href=\"http:\/\/granadacostanacional.es\/wp-content\/uploads\/2022\/02\/WhatsApp-Image-2022-02-15-at-10.55.56.jpeg\"><img decoding=\"async\" loading=\"lazy\" class=\"alignnone size-medium wp-image-31140 alignleft\" src=\"http:\/\/granadacostanacional.es\/wp-content\/uploads\/2022\/02\/WhatsApp-Image-2022-02-15-at-10.55.56-169x300.jpeg\" alt=\"WhatsApp Image 2022-02-15 at 10.55.56\" width=\"169\" height=\"300\" \/><\/a>&#8211; Ah\u00ed van\u2026 \u00a1Pero s\u00ed muy bien!<\/p>\n<p style=\"text-align: justify;\"><span style=\"color: #993300;\">&#8211;\u00a0 Aunque te hagas una experta en finanzas hoy no hablaremos de n\u00fameros y estudios de mercado, hoy Irene toca\u00a0 hablar de m\u00fasica. \u00bfEs tu pasi\u00f3n?<\/span><\/p>\n<p style=\"text-align: justify;\">-S\u00ed, Me gustar\u00eda dedicarme a ello plenamente, no solo como medio de vida, que l\u00f3gicamente tambi\u00e9n, sino que se pudiera escuchar mi m\u00fasica, \u00a0mi decir, mis palabras y que estas pudieran llegar a la gente.<\/p>\n<p style=\"text-align: justify;\"><span style=\"color: #993300;\">-\u00bfC\u00f3mo definir\u00edas tus ra\u00edces en cuanto a m\u00fasica?<\/span><\/p>\n<p style=\"text-align: justify;\">-Recuerdo a mi madre cantando desde que era peque\u00f1a. Mi madre y mi padre siempre han estado inculc\u00e1ndome la m\u00fasica, y me acuerdo que yo\u00a0 siempre estaba\u00a0 bailando y tarareando canciones, ella, \u00a0siempre ha estado presente desde mi infancia, me\u00a0 ha ayudado y me ayuda\u00a0 a crecer en todos los aspectos, formando parte de m\u00ed en los momentos m\u00e1s importantes por lo que ido pasando, tanto en los buenos como en los no tan buenos. Es como, darle sentido a muchas cosas que me pasan en ellos.\u00a0 Hay una parte de mis canciones que no se podr\u00edan\u00a0 cantar sin haberlos vivido en primera o segundas personas, o empatizando con ellas. \u00a0Porque cuento y\u00a0 canto\u00a0 To\u00f1y, \u00a0\u00a0lo que siento.<\/p>\n<p style=\"text-align: justify;\"><span style=\"color: #993300;\">-Entonces, ah\u00ed es donde marcas tu autenticidad Irene \u00a1Qu\u00e9 bonito! ahora entiendo la importancia de que los sentimientos siempre presente en tus canciones, no como algo aleatorio y rima f\u00e1cil, sino como esencia de tu persona.<\/span><\/p>\n<p style=\"text-align: justify;\">-As\u00ed lo vivo yo\u2026<\/p>\n<p><span style=\"color: #993300;\">Me gustar\u00eda o\u00edrte cantar.\u00a0 \u00a0 \u00a0 \u00a0 \u00a0 \u00a0 \u00a0 \u00a0 \u00a0 \u00a0 \u00a0 \u00a0 \u00a0 \u00a0 \u00a0 \u00a0 \u00a0 \u00a0 \u00a0 \u00a0 \u00a0 \u00a0 \u00a0 \u00a0 \u00a0 \u00a0 \u00a0 \u00a0 \u00a0 \u00a0\u00a0<\/span><\/p>\n<p>&nbsp;<\/p>\n<p><span style=\"color: #993300;\">\u00a0 \u00a0 \u00a0 \u00a0 \u00a0 \u00a0 \u00a0 \u00a0 \u00a0 \u00a0 \u00a0 \u00a0 \u00a0 \u00a0 \u00a0 \u00a0 \u00a0 \u00a0 \u00a0 \u00a0 \u00a0 \u00a0 \u00a0 \u00a0 \u00a0 \u00a0 \u00a0 \u00a0 \u00a0 \u00a0 \u00a0 \u00a0 \u00a0 \u00a0 \u00a0 \u00a0 \u00a0 \u00a0 \u00a0 \u00a0 \u00a0 \u00a0 \u00a0 \u00a0 \u00a0 \u00a0 \u00a0 \u00a0 \u00a0 \u00a0 \u00a0 \u00a0 \u00a0 \u00a0 \u00a0 \u00a0 \u00a0 \u00a0 <a href=\"https:\/\/www.youtube.com\/watch?v=ydYpdfMjIJY\">\u00a0 \u00a0 \u00a0 \u00a0 \u00a0 https:\/\/www.youtube.com\/watch?v=ydYpdfMjIJY<\/a><\/span><\/p>\n<p><iframe loading=\"lazy\" title=\"Irene Cardenas - Viniste para irte\" width=\"640\" height=\"360\" src=\"https:\/\/www.youtube.com\/embed\/ydYpdfMjIJY?feature=oembed\" frameborder=\"0\" allow=\"accelerometer; autoplay; clipboard-write; encrypted-media; gyroscope; picture-in-picture; web-share\" allowfullscreen><\/iframe><\/p>\n<p style=\"text-align: justify;\"><span style=\"color: #993300;\">-T\u00fa est\u00e1s haciendo m\u00fasica de fusi\u00f3n, yo -que soy una gran fan tuya- encuentro que hay una base flamenca en tu cantar, a la cual\u00a0 de manera magistral \u00a0\u00a0le das una nueva vida, \u00a0tienes el don de recoger, e incluso, una canci\u00f3n que hubi\u00e9ramos podido escuchar en m\u00faltiples ocasiones,\u00a0 al cantarla t\u00fa, la\u00a0 devuelves\u00a0 rejuvenecida mediante un estilo propio\u00a0 y \u00fanico, \u00a0trasmitiendo mucho sentimiento sin perder la esencia\u2026 \u00bfNo s\u00e9 si estar\u00e1s de acuerdo conmigo?<\/span><\/p>\n<p style=\"text-align: justify;\">-Bueno en el fondo la tierra tira\u2026 y a partir de esta base que t\u00fa dices To\u00f1y intento crear y aportar mi estilo y l\u00f3gicamente esa diferencia como persona y artista.<\/p>\n<p style=\"text-align: justify;\"><span style=\"color: #993300;\">-\u00bfC\u00f3mo definir\u00edas tu m\u00fasica?<\/span><\/p>\n<p style=\"text-align: justify;\">-Sencilla porque me gusta dirigirme a todo el p\u00fablico, en cuanto a que la entiendan y sensible tambi\u00e9n.<\/p>\n<p style=\"text-align: justify;\"><span style=\"color: #993300;\"><a href=\"http:\/\/granadacostanacional.es\/wp-content\/uploads\/2022\/02\/2ebc09d2-ed71-4fff-8a34-52ef12f89902.jpg\"><img decoding=\"async\" loading=\"lazy\" class=\"alignnone size-medium wp-image-31134 alignright\" src=\"http:\/\/granadacostanacional.es\/wp-content\/uploads\/2022\/02\/2ebc09d2-ed71-4fff-8a34-52ef12f89902-200x300.jpg\" alt=\"2ebc09d2-ed71-4fff-8a34-52ef12f89902\" width=\"200\" height=\"300\" \/><\/a>-Porque cuando te escucho en cualquier concierto, en tus producciones\u2026 detr\u00e1s de cada nota te veo a ti, risue\u00f1a, emotiva y con car\u00e1cter.\u00a0Tengo la sensaci\u00f3n de que cada canci\u00f3n es una historia, pero una historia que tu has podido vivir,\u00a0 si no de manera completa, si en parte, yo al o\u00edr tus canciones, noto que\u2026 \u00a0-m\u00e1s que letras bonitas y m\u00fasicas que la acompa\u00f1an- se percibe la\u00a0 necesidad de expresar. \u00a0Cuando tu coges tu guitarra es como si se uniera\u00a0 dando forma a una parte m\u00e1s de ti. \u00a0Yo dir\u00eda que eres t\u00fa y tu guitarra y entremedio un sentimiento.<\/span><\/p>\n<p style=\"text-align: justify;\">-Si, Si, e incluso la guitarra y yo tenemos una relaci\u00f3n afectiva, \u00fanica \u00a1es compa\u00f1era del viaje de mi vida!<\/p>\n<p style=\"text-align: center;\"><strong>La conversaci\u00f3n es fluida, esa guitarra se convierte en el foco de nuestro encuentro, es como si entre Irene y yo estuviera presente\u2026<\/strong><\/p>\n<p style=\"text-align: justify;\"><span style=\"color: #993300;\">-Eres cantautora, tus temas tienen una gran fuerza, pero sobre todo un gran mensaje, e incluso dejando de lado la musicalidad de tu voz, la fuerza que desprendes \u00a1ya la hace especial, con carisma e irrepetible! \u00bfCu\u00e1ntos temas tienes compuestos\u2026?<\/span><\/p>\n<p>-To\u00f1y tengo m\u00e1s de 20 temas propios\u2026 de ellos algunos son para compartirlos\u2026 otros forman parte de mi ba\u00fal de vida. Escuchemos algo de ti&#8230;\u00a0 \u00a0 \u00a0 \u00a0 \u00a0 \u00a0 \u00a0 \u00a0 \u00a0 \u00a0 \u00a0 \u00a0 \u00a0 \u00a0 \u00a0 \u00a0 \u00a0 \u00a0 \u00a0 \u00a0 \u00a0 \u00a0 \u00a0 \u00a0 \u00a0 \u00a0 \u00a0 \u00a0 \u00a0 \u00a0 \u00a0 \u00a0 \u00a0 \u00a0 \u00a0 \u00a0 \u00a0 \u00a0 \u00a0 \u00a0 \u00a0 \u00a0 \u00a0 \u00a0 \u00a0 \u00a0 \u00a0 \u00a0 \u00a0 \u00a0 \u00a0 \u00a0 \u00a0 \u00a0 \u00a0 \u00a0 \u00a0 \u00a0 \u00a0 \u00a0 \u00a0 \u00a0 \u00a0 \u00a0 \u00a0 \u00a0 \u00a0 \u00a0 \u00a0 \u00a0 \u00a0 \u00a0 \u00a0 \u00a0 \u00a0 \u00a0 \u00a0\u00a0<a href=\"https:\/\/www.youtube.com\/watch?v=QLQ5Iq4O70g\">https:\/\/www.youtube.com\/watch?v=QLQ5Iq4O70g<\/a><\/p>\n<p><a href=\"http:\/\/https:\/\/www.youtube.com\/watch?v=QLQ5Iq4O70g\">http:\/\/https:\/\/www.youtube.com\/watch?v=QLQ5Iq4O70g<\/a><\/p>\n<p style=\"text-align: justify;\"><strong>Al escuchar a Irene, te adentras en ese mundo de juglares y trovadores contempor\u00e1neos\u2026 donde letras propias adhieren dimensi\u00f3n de vida compartida\u2026Y donde letras prestadas estas quedan envueltas\u00a0 de sensaciones\u00a0 de tonos cautivos,\u00a0\u00a0 Su voz es\u00a0 \u00a0como ella,\u00a0 bella, sensible y entra\u00f1able\u2026<\/strong><\/p>\n<p style=\"text-align: justify;\"><span style=\"color: #993300;\">&#8211;<strong>\u00a0<\/strong>Irene \u00bfCu\u00e1l ha sido tus aportaciones a nivel de televisi\u00f3n, radio \u00bf Porque t\u00fa has sido finalista en algunos\u00a0 de ellos, nos podr\u00edas contar un poquito\u2026<\/span><\/p>\n<p style=\"text-align: justify;\">-Pues he participado en varios programas. He participado \u00a0en el casting de <strong>la Voz<\/strong> \u00a0en Antena 3\u00a0 y bueno \u00a1consegu\u00ed llegar al casting final!<\/p>\n<p style=\"text-align: justify;\"><span style=\"color: #993300;\">-Yo te vi en el programa <strong>Gente con Arte de Canal Sur.<\/strong> Y he de decir que cantabas una bella canci\u00f3n,\u00a0 podemos recordar ese momento\u2026<\/span><\/p>\n<p style=\"text-align: justify;\">&#8211; Vale &#8211; asiente con la cabeza\u00a0 mientras suena esa canci\u00f3n en Televisi\u00f3n.-<\/p>\n<p><a href=\"https:\/\/m.facebook.com\/story.php?story_fbid=2421037644622511&amp;id=100001488983489&amp;_rdr\">https:\/\/m.facebook.com\/story.php?story_fbid=2421037644622511&amp;id=100001488983489&amp;_rdr<\/a><\/p>\n<p style=\"text-align: justify;\"><strong>He de decir que Irene siempre tiene los ojos brillantes. Su Juventud se al\u00eda con sus ilusiones\u00a0 y ese camino que le gustar\u00eda recorrer con su guitarra.\u00a0<\/strong><\/p>\n<p style=\"text-align: justify;\"><span style=\"color: #993300;\">\u00a0-Pero no queda aqu\u00ed \u00bf verdad?<\/span><\/p>\n<p style=\"text-align: justify;\">\u00a0<strong>Contesta con una sonrisa, como siempre tatuada en su piel<\/strong><\/p>\n<p style=\"text-align: justify;\">-Me seleccionaron para el pase directo de <strong>Operaci\u00f3n Triunfo,<\/strong> y de esa experiencia\u00a0 \u00a0saqu\u00e9 cosas muy positivas y me dio la oportunidad de conocer a personas \u00a0que hoy en d\u00eda son muy importantes para m\u00ed.<\/p>\n<p style=\"text-align: justify;\">&#8211;<span style=\"color: #993300;\">\u00bfY c\u00f3mo viviste esa experiencia?<\/span><\/p>\n<p style=\"text-align: justify;\">-Pues fue algo muy guay porque era el programa en el que me hab\u00eda imaginado muchas veces\u00a0 y conseguir algo por m\u00ednimo que fuera se convert\u00eda en algo \u00a0muy especial , adem\u00e1s conoc\u00ed, como comentaba con anterioridad \u00a0a los que hoy d\u00eda son mis amigos y momentos.<\/p>\n<p style=\"text-align: justify;\"><span style=\"color: #993300;\">Me gustar\u00eda escuchar esa canci\u00f3n.\u00a0\u00a0<\/span><\/p>\n<p style=\"text-align: justify;\"><span style=\"color: #993300;\">\u00a0 \u00a0 \u00a0 \u00a0 \u00a0 \u00a0 \u00a0 \u00a0 \u00a0<a href=\"https:\/\/www.youtube.com\/watch?v=7OGNnMfM47c\">https:\/\/www.youtube.com\/watch?v=7OGNnMfM47c<\/a>\u00a0 \u00a0 \u00a0 \u00a0 \u00a0 \u00a0 \u00a0 \u00a0 \u00a0 \u00a0 \u00a0 \u00a0 \u00a0 \u00a0 \u00a0 \u00a0 \u00a0 \u00a0 \u00a0 \u00a0 \u00a0 \u00a0 \u00a0 \u00a0 \u00a0 \u00a0 \u00a0 \u00a0 \u00a0 \u00a0 \u00a0 \u00a0 \u00a0 \u00a0 \u00a0 \u00a0 \u00a0 \u00a0 \u00a0 \u00a0 \u00a0 \u00a0 \u00a0 \u00a0 \u00a0 \u00a0\u00a0<\/span><\/p>\n<p><a href=\"http:\/\/https:\/\/www.youtube.com\/watch?v=7OGNnMfM47c.\">http:\/\/https:\/\/www.youtube.com\/watch?v=7OGNnMfM47c.<\/a><\/p>\n<p><span style=\"color: #993300;\">-Me queda muy claro que despu\u00e9s de ese\u00a0ratito contigo Irene puedo seguir afirmando que si algo te define es la pasi\u00f3n y si algo te enmarca la ilusi\u00f3n por compartir la belleza, \u00a0as\u00ed pues deseo que nos sigas regalando momentos para que al escucharlos p\u00f3danos no solo compartirlos sino vivirlos junto a ti<\/span><\/p>\n<p>-Gracias<\/p>\n<p><span style=\"color: #993300;\">-Gracias a ti<\/span><\/p>\n<p style=\"text-align: center;\">\u00a0<strong>La ma\u00f1ana continuaba hablando de proyectos, de compartir una cerveza\u00a0 en un momento no lejano. El\u00a0 sol calentaba la ma\u00f1ana\u00a0\u00a0 y como siempre me qued\u00e9 con ganes de m\u00e1s&#8230;<\/strong><\/p>\n<p style=\"text-align: center;\">\u00a0As\u00ed pues &#8230; os dejo estos link para que `pod\u00e1is escucharla&#8230;<\/p>\n<p style=\"text-align: justify;\"><a href=\"https:\/\/www.youtube.com\/watch?v=-9f6gsMv9Ro\">https:\/\/www.youtube.com\/watch?v=-9f6gsMv9Ro<\/a><\/p>\n<p><a href=\"http:\/\/http:\/\/https:\/\/www.instagram.com\/reel\/CPL_W7Dq-Oe\/?utm_medium=copy_link%20\">http:\/\/http:\/\/https:\/\/www.instagram.com\/reel\/CPL_W7Dq-Oe\/?utm_medium=copy_link<\/a><\/p>\n<p><a href=\"http:\/\/https:\/\/www.instagram.com\/reel\/CVBXGrLIdYP\/?utm_medium=share_sheet\">http:\/\/https:\/\/www.instagram.com\/reel\/CVBXGrLIdYP\/?utm_medium=share_sheet<\/a><\/p>\n<p>&nbsp;<\/p>\n<p>To\u00f1y Castillo<\/p>\n<p><a href=\"http:\/\/granadacostanacional.es\/wp-content\/uploads\/2021\/08\/To\u00f1y.jpg\"><img decoding=\"async\" loading=\"lazy\" class=\"alignnone  wp-image-29239\" src=\"http:\/\/granadacostanacional.es\/wp-content\/uploads\/2021\/08\/To\u00f1y-300x300.jpg\" alt=\"To\u00f1y\" width=\"182\" height=\"182\" \/><\/a><\/p>\n<p>Directora de la Academia de las Ciencias, Bellas Artes y Buenas letras del Proyecto Global de Cultura Granada Costa.<\/p>\n<p>&nbsp;<\/p>\n<p>&nbsp;<\/p>\n<p>&nbsp;<\/p>\n<p>&nbsp;<\/p>\n","protected":false},"excerpt":{"rendered":"<p>\u00a0Entrevista Por To\u00f1y Castillo Acercarse a ella\u2026\u00a0 es sentir la m\u00fasica en ese estado donde la belleza se une con&hellip;<\/p>\n","protected":false},"author":4,"featured_media":31137,"comment_status":"open","ping_status":"open","sticky":false,"template":"","format":"standard","meta":{"om_disable_all_campaigns":false,"_mi_skip_tracking":false,"_monsterinsights_sitenote_active":false,"_monsterinsights_sitenote_note":"","_monsterinsights_sitenote_category":0,"footnotes":""},"categories":[21,35,29,46,22,19,30],"tags":[],"aioseo_notices":[],"_links":{"self":[{"href":"https:\/\/granadacostaglobal.es\/index.php?rest_route=\/wp\/v2\/posts\/31127"}],"collection":[{"href":"https:\/\/granadacostaglobal.es\/index.php?rest_route=\/wp\/v2\/posts"}],"about":[{"href":"https:\/\/granadacostaglobal.es\/index.php?rest_route=\/wp\/v2\/types\/post"}],"author":[{"embeddable":true,"href":"https:\/\/granadacostaglobal.es\/index.php?rest_route=\/wp\/v2\/users\/4"}],"replies":[{"embeddable":true,"href":"https:\/\/granadacostaglobal.es\/index.php?rest_route=%2Fwp%2Fv2%2Fcomments&post=31127"}],"version-history":[{"count":0,"href":"https:\/\/granadacostaglobal.es\/index.php?rest_route=\/wp\/v2\/posts\/31127\/revisions"}],"wp:featuredmedia":[{"embeddable":true,"href":"https:\/\/granadacostaglobal.es\/index.php?rest_route=\/"}],"wp:attachment":[{"href":"https:\/\/granadacostaglobal.es\/index.php?rest_route=%2Fwp%2Fv2%2Fmedia&parent=31127"}],"wp:term":[{"taxonomy":"category","embeddable":true,"href":"https:\/\/granadacostaglobal.es\/index.php?rest_route=%2Fwp%2Fv2%2Fcategories&post=31127"},{"taxonomy":"post_tag","embeddable":true,"href":"https:\/\/granadacostaglobal.es\/index.php?rest_route=%2Fwp%2Fv2%2Ftags&post=31127"}],"curies":[{"name":"wp","href":"https:\/\/api.w.org\/{rel}","templated":true}]}}