{"id":31110,"date":"2022-02-14T16:45:53","date_gmt":"2022-02-14T16:45:53","guid":{"rendered":"http:\/\/granadacostanacional.es\/?p=31110"},"modified":"2022-02-14T16:45:53","modified_gmt":"2022-02-14T16:45:53","slug":"segunda-edicion-de-vamos-alla-un-viaje-al-cielo-con-alfredo-amestoy","status":"publish","type":"post","link":"https:\/\/granadacostaglobal.es\/?p=31110","title":{"rendered":"Segunda edici\u00f3n de Vamos all\u00e1, un viaje al cielo con Alfredo Amestoy"},"content":{"rendered":"<p style=\"text-align: justify;\"><strong>Alfredo Amestoy Eguiguren<\/strong>\u00a0naci\u00f3 en Bilbao en 1941 y, mientras cursaba Periodismo en Madrid o en la Universidad de Navarra, ejerci\u00f3 como reportero en Prensa y Radio.<\/p>\n<p style=\"text-align: justify;\">\nCon veintid\u00f3s a\u00f1os public\u00f3 \u201cEl Reportero\u201d, un libro que fue muy seguido por muchas promociones de alumnos de escuelas y facultades de Periodismo. Esa ferviente vocaci\u00f3n y temprana afici\u00f3n a la noticia y al mundo de la comunicaci\u00f3n hizo posible que el joven Amestoy, antes de hacer el servicio militar, se convirtiera tambi\u00e9n en un pionero de la Televisi\u00f3n en Espa\u00f1a.<\/p>\n<p style=\"text-align: justify;\">\nSu precocidad, y las facultades que mostr\u00f3 para este Medio, le permitieron realizar una carrera televisiva llena de aciertos y de programas inolvidables.<\/p>\n<p style=\"text-align: justify;\">\nPor la afinidad entre Publicidad y Televisi\u00f3n, Amestoy desarroll\u00f3 con \u00e9xito no s\u00f3lo en Espa\u00f1a sino tambi\u00e9n en los Estados Unidos la creaci\u00f3n de anuncios. De su capacidad para concebir mensajes publicitarios es buena prueba este anuncio de ofrecer a precio tan econ\u00f3mico un viaje tan fant\u00e1stico.<\/p>\n<p style=\"text-align: justify;\">\nSu dedicaci\u00f3n a los medios de masas no le ha impedido la pr\u00e1ctica de la literatura y del periodismo escrito. Junto a varios libros y media docena de obras de teatro, ha publicado en los \u00faltimos a\u00f1os reportajes y art\u00edculos sobre diversidad de temas.<\/p>\n<p style=\"text-align: justify;\">\nNo han faltado los de car\u00e1cter religioso, y en especial los relacionados con \u201cla vida en el mundo futuro\u201d. A esta apasionante cuesti\u00f3n del \u201cm\u00e1s All\u00e1\u201d y a las preguntas que nos hacemos sobre el cielo, tratan los art\u00edculos que el autor ha seleccionado para \u201cVamos All\u00e1\u201d. Nadie mejor que \u00e9l para acompa\u00f1arnos en tan sugestivo e intrigante viaje.<\/p>\n<p style=\"text-align: justify;\">\n<p style=\"text-align: justify;\"><strong>Le ofrezco el mejor<\/strong><\/p>\n<p style=\"text-align: justify;\">\n<strong>negocio de su vida:<\/strong><\/p>\n<p style=\"text-align: justify;\">\n<strong>Resucitar y\u2026 un viaje al cielo.<\/strong><\/p>\n<p style=\"text-align: justify;\">\n<p style=\"text-align: justify;\">Como nos descubri\u00f3 Benedicto XVI en su \u201cJes\u00fas de Nazaret\u201d, si hay alg\u00fan mensaje claro y reiterado con insistencia, \u00e9se es la promesa del Reino de Dios; concepto repetido 122 veces en los evangelios.<\/p>\n<p style=\"text-align: justify;\">\nVamos a ver\u2026 Lo que Jes\u00fas promete, el Reino de Dios, es como un extraordinario negocio tur\u00edstico, con un destino insuperable en el lugar donde finaliza el viaje. Pero lo m\u00e1s sorprendente es lo que incluye el paquete de la oferta. Nada m\u00e1s y nada menos que, antes del viaje\u2026 \u00a1resucitar!<\/p>\n<p style=\"text-align: justify;\">\nComo lo oyen. Resucitar es algo que no puede ofrecer ni la mejor agencia de viajes.<\/p>\n<p style=\"text-align: justify;\">\nNaturalmente, para resucitar hay que morirse antes. Esto se da por hecho y ni siquiera figura en el contrato. Contrato verbal, por supuesto.<\/p>\n<p style=\"text-align: justify;\">\nAdem\u00e1s, morirse es lo m\u00e1s f\u00e1cil. Todo el mundo lo hace y no tiene problemas. El viaje de casa o del hospital al cementerio se resuelve en menos de cuarenta y ocho horas y solo necesitas una caja como la que yo me he agenciado y que tengo en mi casa para ah\u00ed meter el cuerpo, porque lo otro, el alma, si es que tienes todo en regla, vuela al cielo en un santiam\u00e9n.<\/p>\n<p style=\"text-align: justify;\">\n\u201cSantiam\u00e9n\u201d es incluso m\u00e1s breve que un instante. Para que ustedes se vayan enterando les adelanto que en \u201csantiamenes\u201d, en vez de segundos, es como All\u00e1 se mide el tiempo.<\/p>\n<p style=\"text-align: justify;\">\nLea este libro y conocer\u00e1n muchos m\u00e1s detalles del cielo: por ejemplo, que All\u00e1 no hay ni tel\u00e9fono m\u00f3vil ni televisi\u00f3n. Y a pesar de todo, son totalmente felices.<\/p>\n<p style=\"text-align: justify;\">\n<p style=\"text-align: right;\"><strong>Alfredo Amestoy<\/strong><\/p>\n<p style=\"text-align: right;\">\n<p style=\"text-align: center;\"><strong>Para\u00a0adquirir el libro:<\/strong><\/p>\n<h2 style=\"text-align: center;\"><span style=\"color: #0000ff;\"><a style=\"color: #0000ff;\" href=\"https:\/\/editorialgcs.es\/index.php\/producto\/vamos-alla\">PINCHE AQU\u00cd<\/a><\/span><\/h2>\n","protected":false},"excerpt":{"rendered":"<p>Alfredo Amestoy Eguiguren\u00a0naci\u00f3 en Bilbao en 1941 y, mientras cursaba Periodismo en Madrid o en la Universidad de Navarra, ejerci\u00f3&hellip;<\/p>\n","protected":false},"author":3,"featured_media":31111,"comment_status":"open","ping_status":"open","sticky":false,"template":"","format":"standard","meta":{"om_disable_all_campaigns":false,"_mi_skip_tracking":false,"_monsterinsights_sitenote_active":false,"_monsterinsights_sitenote_note":"","_monsterinsights_sitenote_category":0,"footnotes":""},"categories":[21],"tags":[],"aioseo_notices":[],"_links":{"self":[{"href":"https:\/\/granadacostaglobal.es\/index.php?rest_route=\/wp\/v2\/posts\/31110"}],"collection":[{"href":"https:\/\/granadacostaglobal.es\/index.php?rest_route=\/wp\/v2\/posts"}],"about":[{"href":"https:\/\/granadacostaglobal.es\/index.php?rest_route=\/wp\/v2\/types\/post"}],"author":[{"embeddable":true,"href":"https:\/\/granadacostaglobal.es\/index.php?rest_route=\/wp\/v2\/users\/3"}],"replies":[{"embeddable":true,"href":"https:\/\/granadacostaglobal.es\/index.php?rest_route=%2Fwp%2Fv2%2Fcomments&post=31110"}],"version-history":[{"count":0,"href":"https:\/\/granadacostaglobal.es\/index.php?rest_route=\/wp\/v2\/posts\/31110\/revisions"}],"wp:featuredmedia":[{"embeddable":true,"href":"https:\/\/granadacostaglobal.es\/index.php?rest_route=\/"}],"wp:attachment":[{"href":"https:\/\/granadacostaglobal.es\/index.php?rest_route=%2Fwp%2Fv2%2Fmedia&parent=31110"}],"wp:term":[{"taxonomy":"category","embeddable":true,"href":"https:\/\/granadacostaglobal.es\/index.php?rest_route=%2Fwp%2Fv2%2Fcategories&post=31110"},{"taxonomy":"post_tag","embeddable":true,"href":"https:\/\/granadacostaglobal.es\/index.php?rest_route=%2Fwp%2Fv2%2Ftags&post=31110"}],"curies":[{"name":"wp","href":"https:\/\/api.w.org\/{rel}","templated":true}]}}