{"id":31076,"date":"2022-02-09T08:09:52","date_gmt":"2022-02-09T08:09:52","guid":{"rendered":"http:\/\/granadacostanacional.es\/?p=31076"},"modified":"2022-02-09T08:09:52","modified_gmt":"2022-02-09T08:09:52","slug":"paisaje-urbano-a-toda-costa","status":"publish","type":"post","link":"https:\/\/granadacostaglobal.es\/?p=31076","title":{"rendered":"Paisaje urbano \u2013 A TODA COSTA"},"content":{"rendered":"<h2 style=\"text-align: justify;\">Un hombre nos observa. \u00bfNos viste o nos desnuda?<\/h2>\n<p style=\"text-align: justify;\">Concentrado, garabatea algo sobre un lienzo. Las flores del macizo central crecen cuidadas. La fuente deja escapar sus peque\u00f1os chorritos de agua que junto a los p\u00e1jaros y el susurro de las hojas que el viento zarandea, forman una melod\u00eda estimulante.<\/p>\n<p style=\"text-align: justify;\">Quiero llorar y quiero re\u00edr. Quiero abrazarla, percibir su aroma, juntar nuestras mejillas y perpetuarlas as\u00ed, sin importar que pasen a\u00f1os y nos quedemos como lo que somos, estatuas, expuestos al t\u00f3rrido calor del verano y los g\u00e9lidos fr\u00edos del invierno.<\/p>\n<p style=\"text-align: justify;\">Estamos tan cerca, atentos a la primera se\u00f1al que uno env\u00ede al otro. T\u00edmidos ambos para dar ese primer paso que tanto nos cuesta, pesan nuestros pies, como verdadera losa de piedra.<\/p>\n<p style=\"text-align: justify;\">El artista est\u00e1 sentado en una peque\u00f1a silla con el lapicero entre los dedos, mientras juguet\u00f3n, el viento levanta de tanto en tanto una esquina del papel para insinuar su obra.<\/p>\n<p style=\"text-align: justify;\">Se adormece el crep\u00fasculo sobre nuestras cabezas. La frondosidad de los \u00e1rboles nos cobija del impacto del sol postrero, que por sus ramas se cuela.<\/p>\n<p style=\"text-align: justify;\"><a href=\"http:\/\/granadacostanacional.es\/wp-content\/uploads\/2022\/02\/conjunto.jpg\"><img decoding=\"async\" loading=\"lazy\" class=\"aligncenter size-large wp-image-31077\" src=\"http:\/\/granadacostanacional.es\/wp-content\/uploads\/2022\/02\/conjunto-935x1024.jpg\" alt=\"conjunto\" width=\"935\" height=\"1024\" \/><\/a><\/p>\n<p style=\"text-align: justify;\">Desear\u00eda que el hombre de la silla, los l\u00e1pices y pinceles, con la mirada penetrante se desvaneciera y dejara de mirarnos. El por el contrario sigue contempl\u00e1ndonos, frunce el ce\u00f1o sumergido en su propia tarea.<\/p>\n<p style=\"text-align: justify;\">Solo somos una imagen en su cabeza que traslada a su imp\u00e1vida l\u00e1mina de sesenta por cincuenta cent\u00edmetros.<\/p>\n<p style=\"text-align: justify;\">Quisiera poder decirte, amor m\u00edo, tantas cosas&#8230; las palabras se acumulan con efervescencia y acarician mi lengua dormida. No puedo hablarte, quiz\u00e1s tus ojos azabache no me lo permitan.<\/p>\n<p style=\"text-align: justify;\">Tu mirada me recuerda a la noche, a la oscuridad repleta de puntos luminosos que ya a estas horas comienzan a brillar en derredor nuestro.<\/p>\n<p style=\"text-align: justify;\">Estamos apenas a un paso de distancia, las manos tan pr\u00f3ximas que dos cent\u00edmetros nos separan. Los labios preparados, la cabeza un poco hacia arriba la tuya, un mucho a la izquierda la m\u00eda.<\/p>\n<p style=\"text-align: justify;\">Ahora es tarde, ya no podemos ver el resultado de la pintura, porque el testigo acaba de dar su \u00faltima pincelada, un en\u00e9rgico trazo certifica su obra y se aleja, camina con el lienzo dentro de una espaciosa carpeta.<\/p>\n<p style=\"text-align: justify;\">Puede que \u00e9l s\u00ed haya unido nuestros rostros, nuestras manos, \u00e9l mostrara la estatua del amor en el parque, como yo la deseo.<\/p>\n<p style=\"text-align: justify;\">Nosotros\u2026 <strong>\u00a1Somos simplemente de piedra!<\/strong><\/p>\n<p style=\"text-align: justify;\"><strong>\u00a0<\/strong><\/p>\n<p style=\"text-align: right;\"><em><strong>Francisco Ponce Carrasco<\/strong><\/em><\/p>\n","protected":false},"excerpt":{"rendered":"<p>Un hombre nos observa. \u00bfNos viste o nos desnuda? Concentrado, garabatea algo sobre un lienzo. Las flores del macizo central&hellip;<\/p>\n","protected":false},"author":2,"featured_media":24452,"comment_status":"open","ping_status":"open","sticky":false,"template":"","format":"standard","meta":{"om_disable_all_campaigns":false,"_mi_skip_tracking":false,"_monsterinsights_sitenote_active":false,"_monsterinsights_sitenote_note":"","_monsterinsights_sitenote_category":0,"footnotes":""},"categories":[21,30],"tags":[],"aioseo_notices":[],"_links":{"self":[{"href":"https:\/\/granadacostaglobal.es\/index.php?rest_route=\/wp\/v2\/posts\/31076"}],"collection":[{"href":"https:\/\/granadacostaglobal.es\/index.php?rest_route=\/wp\/v2\/posts"}],"about":[{"href":"https:\/\/granadacostaglobal.es\/index.php?rest_route=\/wp\/v2\/types\/post"}],"author":[{"embeddable":true,"href":"https:\/\/granadacostaglobal.es\/index.php?rest_route=\/wp\/v2\/users\/2"}],"replies":[{"embeddable":true,"href":"https:\/\/granadacostaglobal.es\/index.php?rest_route=%2Fwp%2Fv2%2Fcomments&post=31076"}],"version-history":[{"count":0,"href":"https:\/\/granadacostaglobal.es\/index.php?rest_route=\/wp\/v2\/posts\/31076\/revisions"}],"wp:featuredmedia":[{"embeddable":true,"href":"https:\/\/granadacostaglobal.es\/index.php?rest_route=\/"}],"wp:attachment":[{"href":"https:\/\/granadacostaglobal.es\/index.php?rest_route=%2Fwp%2Fv2%2Fmedia&parent=31076"}],"wp:term":[{"taxonomy":"category","embeddable":true,"href":"https:\/\/granadacostaglobal.es\/index.php?rest_route=%2Fwp%2Fv2%2Fcategories&post=31076"},{"taxonomy":"post_tag","embeddable":true,"href":"https:\/\/granadacostaglobal.es\/index.php?rest_route=%2Fwp%2Fv2%2Ftags&post=31076"}],"curies":[{"name":"wp","href":"https:\/\/api.w.org\/{rel}","templated":true}]}}