{"id":31061,"date":"2022-02-07T14:59:26","date_gmt":"2022-02-07T14:59:26","guid":{"rendered":"http:\/\/granadacostanacional.es\/?p=31061"},"modified":"2022-02-07T14:59:26","modified_gmt":"2022-02-07T14:59:26","slug":"juan-pablo-fernandez-escudero-un-camino-de-ciencia-creativa","status":"publish","type":"post","link":"https:\/\/granadacostaglobal.es\/?p=31061","title":{"rendered":"JUAN PABLO FERN\u00c1NDEZ ESCUDERO UN CAMINO DE CIENCIA CREATIVA"},"content":{"rendered":"<p style=\"text-align: justify;\">\u00bfQu\u00e9 es EL LENGUAJE MUSICAL? Una dimensi\u00f3n de tiempo terrestre o nuestra percepci\u00f3n extrasensorial, un nivel de consciencia y sensibilidad que nos permite acceder a otras realidades y dimensiones distintas.<\/p>\n<p style=\"text-align: justify;\"><span style=\"font-style: inherit; font-weight: inherit;\">El Lenguaje musical es una manifestaci\u00f3n de la conciencia, es como una herramienta que el alma utiliza para comunicarse y experimentar.<\/span><\/p>\n<p style=\"text-align: justify;\"><span style=\"font-style: inherit; font-weight: inherit;\">El lenguaje musical es un mecanismo de abstracci\u00f3n donde las palabras describen los objetos, la naturaleza, el espacio, el color, o el silencio de la noche.<\/span><\/p>\n<p style=\"text-align: justify;\"><span style=\"font-style: inherit; font-weight: inherit;\">Estos lenguajes musicales, con sus distintas graf\u00edas y claves son una evoluci\u00f3n que Juan Pablo ha ido moldeado e integrando con todos los paradigmas de la electr\u00f3nica convirtiendo sus resultados en instrumentos y frases musicales, las cuales nos permitir\u00e1n comprender la realidad virtual del mundo a trav\u00e9s de estos lenguajes.\u00a0<\/span><\/p>\n<p style=\"text-align: justify;\"><span style=\"font-style: inherit; font-weight: inherit;\">Lenguajes con distintos patrones de comunicaci\u00f3n que act\u00faan desde la dimensi\u00f3n hist\u00f3rica del tiempo.<\/span><\/p>\n<p style=\"text-align: justify;\"><span style=\"font-style: inherit; font-weight: inherit;\">Son muchos a\u00f1os dedicados a hacer experimentos, nosotros somos meros espectadores, Juan Pablo nos hace adentrarnos y sumergirnos en su historia, experiencias emocionales, e intelectuales y psicol\u00f3gicas, estos lenguajes nos permiten experimentar la m\u00fasica y el mundo en el que vivimos de otra forma y manera de sentir la m\u00fasica con todos nuestros sentidos.<\/span><\/p>\n<p style=\"text-align: justify;\"><span style=\"font-style: inherit; font-weight: inherit;\">Es una percepci\u00f3n y comprensi\u00f3n superior a nosotros mismos, es una idea que nos impulsa a evolucionar con creatividad, estos lenguajes est\u00e1n llenos de color, armon\u00eda, espacio y tiempo, son un mecanismo de comunicaci\u00f3n y conexi\u00f3n con nuestra realidad exterior e interior, esto nos ayuda a evolucionar y sentir la m\u00fasica de otro modo.<\/span><\/p>\n<p style=\"text-align: justify;\"><span style=\"font-style: inherit; font-weight: inherit;\">Juan Pablo ha creado distintos modelos e instrumentos para las discapacidades o disfunciones del ser humano, que a veces estos se ven limitados por a sus circunstancias.<\/span><\/p>\n<p style=\"text-align: justify;\"><span style=\"font-style: inherit; font-weight: inherit;\">Estos instrumentos adoptan m\u00faltiples formas dependiendo de las necesidades de cada ser humano, son instrumentos inventados y pensados para el campo de las disfunciones o limitaciones.\u00a0<\/span><\/p>\n<p style=\"text-align: justify;\"><span style=\"font-style: inherit; font-weight: inherit;\">Su finalidad o deseo es de proyectarse evidenciando que estos instrumentos, graf\u00edas o lenguaje son concluyentes, que por nuestra parte requieren un grado atenci\u00f3n, de apertura y aceptaci\u00f3n.<\/span><\/p>\n<p style=\"text-align: justify;\"><span style=\"font-style: inherit; font-weight: inherit;\">\u00a0<\/span><\/p>\n<p style=\"text-align: justify;\"><strong><span style=\"font-style: inherit; font-weight: inherit;\"> Juan Pablo, el Arte Musical en su amplio contexto de sabidur\u00eda, el Ser Humano desde sus primeras formaciones Musico-pedag\u00f3gicas, ha ido evolucionando progresivamente hasta nuestros d\u00edas, \u00bfes as\u00ed?<\/span><\/strong><\/p>\n<p style=\"text-align: justify;\"><span style=\"font-style: inherit; font-weight: inherit;\">\u00a0<\/span><\/p>\n<p style=\"text-align: justify;\"><span style=\"font-style: inherit; font-weight: inherit;\"> Por supuesto, C.E.S.T.; (Color Espacio Sonido Tiempo) y L.M.P.D. (Lenguaje Musical Pro Disfunciones). El Arte Musical puede llegar a todos los seres humanos de cualquier edad y condici\u00f3n humana. Para lograr tan vasto objetivo, siempre se apoy\u00f3 en las ciencias que rigen el lenguaje de la vida, que son entre otras, a su entender; El Color, El sonido, El Espacio y el Tiempo. C.E.S.T.<\/span><\/p>\n<p style=\"text-align: justify;\"><span style=\"font-style: inherit; font-weight: inherit;\">\u00a0<\/span><\/p>\n<p style=\"text-align: justify;\"><span style=\"font-style: inherit; font-weight: inherit;\">\u00a0<a href=\"http:\/\/granadacostanacional.es\/wp-content\/uploads\/2022\/02\/1.jpg\"><img decoding=\"async\" loading=\"lazy\" class=\"aligncenter size-large wp-image-31063\" src=\"http:\/\/granadacostanacional.es\/wp-content\/uploads\/2022\/02\/1-1024x927.jpg\" alt=\"1\" width=\"1024\" height=\"927\" \/><\/a><\/span><\/p>\n<p style=\"text-align: center;\"><strong>JUAN PABLO FERN\u00c1NDEZ ESCUDERO<\/strong><\/p>\n<p>&nbsp;<\/p>\n<p style=\"text-align: justify;\"><strong><span style=\"font-style: inherit; font-weight: inherit;\"> \u00bfC\u00f3mo estimula estos lenguajes la psicomotricidad del ser humano?<\/span><\/strong><\/p>\n<p style=\"text-align: justify;\"><span style=\"font-style: inherit; font-weight: inherit;\"> Con la fusi\u00f3n de cuatro par\u00e1metros f\u00edsicos, estos aportan la amplitud y el desarrollo a nuestro cerebro, interaccionando sensorialmente los sentidos, principalmente, Color, Sonido y Tacto, musicalmente, enriqueciendo los factores que rigen el desarrollo, musico-cient\u00edfico y cognitivo, ampliando las capacidades, desde la inteligencia creativa e interpretativa, como la atenci\u00f3n, lenguaje, percepci\u00f3n del movimiento r\u00edtmico, principales funciones psicomotrices, musico-creadoras gesti\u00f3n de an\u00e1lisis y acci\u00f3n de movimientos transmitidos y voluntarios.<\/span><\/p>\n<p style=\"text-align: justify;\"><span style=\"font-style: inherit; font-weight: inherit;\">Este enriquecimiento musico-cient\u00edfico lo hallaremos con la exposici\u00f3n y estudio de las graf\u00edas, (L.M.P.D.) Lenguaje Musical Pro Disfunciones. Con este sistema el ser humano puede comparar el Lenguaje de la vida, o subsistencia.<\/span><\/p>\n<p style=\"text-align: justify;\"><span style=\"font-style: inherit; font-weight: inherit;\">\u00a0<\/span><\/p>\n<p style=\"text-align: justify;\"><strong><span style=\"font-style: inherit; font-weight: inherit;\">Analicemos;<\/span><\/strong><span style=\"font-style: inherit; font-weight: inherit;\">\u00a0 Si observamos el recorrido de la abeja en su desplazamiento, (Espacio Tiempo) hacia la Flor, (color) y oigamos el sonido producido por el r\u00e1pido batir de sus alas, veremos, oiremos y sentiremos mediante el tacto, la similitud de mis experimentos grafico-musicales. (C.E.S.T.)<\/span><\/p>\n<p style=\"text-align: justify;\">\n<p style=\"text-align: justify;\"><strong><span style=\"font-style: inherit; font-weight: inherit;\"> \u00bfQu\u00e9 edad es la m\u00e1s id\u00f3nea comenzar el aprendizaje gr\u00e1fico musical o el estudio de L.M.P.D.?<\/span><\/strong><\/p>\n<p style=\"text-align: justify;\"><span style=\"font-style: inherit; font-weight: inherit;\"> Desde el comienzo de la vida del ser humano en su primera infancia, por supuesto incluyendo la adaptaci\u00f3n de las diferentes discapacidades.<\/span><\/p>\n<p style=\"text-align: justify;\"><span style=\"font-style: inherit; font-weight: inherit;\">\u00a0<\/span><\/p>\n<p style=\"text-align: justify;\"><strong><span style=\"font-style: inherit; font-weight: inherit;\">Esto es vital para el mundo de los mortales, esperemos que la creatividad contin\u00fae, en Espa\u00f1a hay grandes cient\u00edficos, entre los que se encuentra Juan Pablo Fern\u00e1ndez Escudero, y yo tuve el honor de entrevistarle y compartir su gran sue\u00f1o.<\/span><\/strong><\/p>\n<p style=\"text-align: justify;\">\n<p style=\"text-align: justify;\"><strong><span style=\"font-style: inherit; font-weight: inherit;\">En nombre del Proyecto Global de Cultura Granada Costa.<\/span><\/strong><\/p>\n<p style=\"text-align: justify;\"><span style=\"font-style: inherit; font-weight: inherit;\">\u00a0<\/span><\/p>\n<p style=\"text-align: right;\"><strong><span style=\"font-style: inherit;\">Entrevistadora. Clementa L\u00f3pez P\u00e9rez<\/span><\/strong><\/p>\n","protected":false},"excerpt":{"rendered":"<p>\u00bfQu\u00e9 es EL LENGUAJE MUSICAL? Una dimensi\u00f3n de tiempo terrestre o nuestra percepci\u00f3n extrasensorial, un nivel de consciencia y sensibilidad&hellip;<\/p>\n","protected":false},"author":3,"featured_media":23227,"comment_status":"open","ping_status":"open","sticky":false,"template":"","format":"standard","meta":{"om_disable_all_campaigns":false,"_mi_skip_tracking":false,"_monsterinsights_sitenote_active":false,"_monsterinsights_sitenote_note":"","_monsterinsights_sitenote_category":0,"footnotes":""},"categories":[21],"tags":[],"aioseo_notices":[],"_links":{"self":[{"href":"https:\/\/granadacostaglobal.es\/index.php?rest_route=\/wp\/v2\/posts\/31061"}],"collection":[{"href":"https:\/\/granadacostaglobal.es\/index.php?rest_route=\/wp\/v2\/posts"}],"about":[{"href":"https:\/\/granadacostaglobal.es\/index.php?rest_route=\/wp\/v2\/types\/post"}],"author":[{"embeddable":true,"href":"https:\/\/granadacostaglobal.es\/index.php?rest_route=\/wp\/v2\/users\/3"}],"replies":[{"embeddable":true,"href":"https:\/\/granadacostaglobal.es\/index.php?rest_route=%2Fwp%2Fv2%2Fcomments&post=31061"}],"version-history":[{"count":0,"href":"https:\/\/granadacostaglobal.es\/index.php?rest_route=\/wp\/v2\/posts\/31061\/revisions"}],"wp:featuredmedia":[{"embeddable":true,"href":"https:\/\/granadacostaglobal.es\/index.php?rest_route=\/"}],"wp:attachment":[{"href":"https:\/\/granadacostaglobal.es\/index.php?rest_route=%2Fwp%2Fv2%2Fmedia&parent=31061"}],"wp:term":[{"taxonomy":"category","embeddable":true,"href":"https:\/\/granadacostaglobal.es\/index.php?rest_route=%2Fwp%2Fv2%2Fcategories&post=31061"},{"taxonomy":"post_tag","embeddable":true,"href":"https:\/\/granadacostaglobal.es\/index.php?rest_route=%2Fwp%2Fv2%2Ftags&post=31061"}],"curies":[{"name":"wp","href":"https:\/\/api.w.org\/{rel}","templated":true}]}}