{"id":31021,"date":"2022-02-01T15:55:44","date_gmt":"2022-02-01T15:55:44","guid":{"rendered":"http:\/\/granadacostanacional.es\/?p=31021"},"modified":"2022-02-01T15:55:44","modified_gmt":"2022-02-01T15:55:44","slug":"sobre-el-espanolisimo-vasco-blas-de-lezo-1","status":"publish","type":"post","link":"https:\/\/granadacostaglobal.es\/?p=31021","title":{"rendered":"SOBRE EL ESPA\u00d1OL\u00cdSIMO VASCO BLAS DE LEZO"},"content":{"rendered":"<p style=\"text-align: justify;\"><em>Hace unos d\u00edas se dispuso LA FRAGATA Blas de Lezo para iniciar su singladura hacia el Mar Negro, en plena tensi\u00f3n entre Rusia y Ucrania. Aunque la historia es tozuda y no perdona los grandes acontecimientos sucedidos y que tiene siempre a punto cuando se necesitan, me permito publicar de nuevo el art\u00edculo que sobre tan insigne soldado present\u00e9 en este medio un mes de mayo de 2015, ahora que la fregata que lleva su nombre navegar\u00e1 hacia las aguas compartidas entre Ucrania y Rusia y que dec\u00eda cuanto sigue:<\/em><\/p>\n<p style=\"text-align: justify;\">\u00a0\u00a0\u00a0\u00a0\u00a0 En los \u00faltimos diez a\u00f1os, estuve numerosas veces en Cartagena de Indias. La primera vez, para cumplir una invitaci\u00f3n en aquella Universidad considerada como una de las mejores de Colombia.<\/p>\n<p style=\"text-align: justify;\">\u00a0\u00a0 \u00a0\u00a0\u00a0Y en esa carism\u00e1tica ciudad, sentado un d\u00eda al atardecer en el famoso \u00a0Caf\u00e9 del Mar, tras contemplar una puesta de sol inenarrable acompa\u00f1ado por la Directora de \u00a0\u00c1baco, una \u00a0librer\u00eda-caf\u00e9 que se ven\u00eda ocupando de mis libros y quien por su iniciativa me retuvo en aquel lugar \u00a0hasta que pude contemplar la puesta de sol, que seg\u00fan ella era el mejor espect\u00e1culo del mundo; \u00a0en silencio \u00a0pens\u00e9, \u00a0que hab\u00eda tantos confines en los que se pon\u00eda el sol, que prefer\u00eda el que hab\u00eda visto en el rio Nilo \u00a0navegando en un\u00a0 velero con destino a Asu\u00e1n y Abu Simbel&#8230; Pero nada le dije.<\/p>\n<p style=\"text-align: justify;\">\u00a0\u00a0\u00a0\u00a0\u00a0 Terminada la puesta solar se march\u00f3 con mis libros y me qued\u00e9 en aquel atractivo caf\u00e9 disfrutando de una noche limpia, estrellada, sin m\u00e1cula de nubes que taparan la grandiosidad de aquel mar en calma plagado de inquietas estrellas. Entonces \u00a0fui consciente de \u00a0que me encontraba \u00a0sentado pl\u00e1cidamente sobre la muralla centenaria en la que el Almirante espa\u00f1ol \u00a0Blas de Lezo empu\u00f1\u00f3 su fusil \u00a0y empuj\u00f3 los ca\u00f1ones de los que en aquel c\u00e9lebre caf\u00e9 quedaba alg\u00fan desvencijado vestigio como recuerdo, \u00a0y me decid\u00ed a escribir \u00a0el presente art\u00edculo relacionado con aquel \u00a0personaje singular, al que en Espa\u00f1a no se le ten\u00eda como merec\u00eda entre los insignes trabajadores de la armada espa\u00f1ola \u00a0y mucho menos en Catalu\u00f1a donde los separatistas pretenden ignorarle, por el simple hecho de haber participado en una guerra civil como lo hiciera \u00a0cualquier espa\u00f1ol de entonces \u00a0al servicio del poder establecido. Y en mi reflexi\u00f3n me preguntaba: \u00bfy en el pa\u00eds vasco donde naci\u00f3 un 3 de febrero de 1689 en Pasajes, un pueblo de Guip\u00fazcoa, en que consideraci\u00f3n le tendr\u00e1n?<\/p>\n<p style=\"text-align: justify;\">\u00a0\u00a0\u00a0\u00a0\u00a0 La obstinada historia no se deja manejar y reconoce a este ilustre marino como un excepcional h\u00e9roe al servicio de Espa\u00f1a, participando en numerosas batallas en las que consigui\u00f3 hundir los buques enemigos uno tras otro, y cuya fama trascendi\u00f3 por todos los mares, siendo temido y admirado hasta en Sudam\u00e9rica donde los piratas le consideraban un hombre inmortal protegido por el Dios que predicaba, incapaz de rendirse ante nadie.<\/p>\n<p style=\"text-align: justify;\">\u00a0\u00a0\u00a0\u00a0\u00a0 Siendo todav\u00eda ni\u00f1o Blas de Lezo se alist\u00f3 en la marina, con ella tuvo su primera intervenci\u00f3n militar al cumplir los 15 a\u00f1os, con motivo de la Guerra de Sucesi\u00f3n por el trono de Espa\u00f1a. Y fue en Andaluc\u00eda, -precisamente en V\u00e9lez-M\u00e1laga-, donde el 24 de agosto de 1704 se dirimi\u00f3 la m\u00e1s importante batalla naval en la que se consagr\u00f3 el jovenc\u00edsimo Lezo como un heroico marino en el enfrentamiento con la flota holandesa e inglesa, donde un ca\u00f1onazo le vol\u00f3 una de sus piernas. \u00a0Como reconocimiento a su valor y entrega, tras ser amputado por debajo de la rodilla y sin anestesia, fue ascendido a alf\u00e9rez de nav\u00edo.<\/p>\n<p style=\"text-align: justify;\">\u00a0\u00a0\u00a0\u00a0\u00a0 En su continuo navegar por el Mediterr\u00e1neo apresando barcos ingleses y holandeses mediante maniobras imposibles, se le premi\u00f3 dejando que llevara sus presas a su pueblo de Pasajes.\u00a0 Pero seguidamente en 1706, fue requerido por sus superiores y le ordenaron abastecer a los sitiados de Barcelona por medio de una modesta flota; supon\u00eda un reto m\u00e1s para Lezo que pudo llevar adelante su cometido con inteligentes estrategias a pesar del cerco que montaron los ingleses para evitar el aprovisionamiento, que, vi\u00e9ndose impotentes abandonaron sin tardar su prop\u00f3sito. M\u00e1s tarde, Blas de Lezo fue destacado a la fortaleza de Santa Catalina de Tol\u00f3n para que combatiera contra las tropas de Eugenio de Saboya y en dicha batalla la esquirla de un ca\u00f1onazo le salt\u00f3 el ojo izquierdo cuya visi\u00f3n perdi\u00f3 para siempre.<\/p>\n<p style=\"text-align: justify;\">\u00a0\u00a0\u00a0\u00a0\u00a0 Sus posteriores andanzas navieras, superiores siempre a las de tantos otros vascos, valencianos, castellanos y catalanes, empezaron a se\u00f1alarle como uno de los mejores estrategas de la Armada Espa\u00f1ola.<\/p>\n<p style=\"text-align: justify;\">\u00a0\u00a0\u00a0\u00a0\u00a0 En el siglo XVIII Espa\u00f1a hab\u00eda firmado indebidamente el Tratado de Utrecht por el que perdi\u00f3 las posesiones europeas, y se encontraba en numerosos conflictos b\u00e9licos. En 1714 Blas de Lezo intervino en el segundo sitio de Barcelona, y encontr\u00e1ndose al mando del <em>Campanella<\/em> una bala de mosquete le barri\u00f3 su brazo derecho, pero no le impidi\u00f3 seguir peleando. El hist\u00f3rico personaje no se arredraba por su estado f\u00edsico, que era lamentable, y se mantuvo al frente en las continuas batallas que se presentaban, sin pierna, sin brazo y sin ojo, pero cumpliendo como oficial de la armada espa\u00f1ola como incomparable estratega. Y su minusval\u00eda no le impidi\u00f3 derrotar con su milagroso ingenio futuras batallas en el Mediterr\u00e1neo.<\/p>\n<p style=\"text-align: justify;\">\u00a0\u00a0\u00a0\u00a0\u00a0 Entre tanto, Espa\u00f1a puso su mirada en las posesiones americanas tratando de asegurar su comercio con aquel prometedor continente.\u00a0 Por ello, en 1723 envi\u00f3 al pertrecho soldado al mando de la escuadra de los Mares del Sur para limpiar de piratas las costas del Pac\u00edfico. Cumpliendo su cometido militar y nombrado general de marina, se cas\u00f3 en Per\u00fa con Josefa Pacheco Bustos con la que tuvo tres hijos.<\/p>\n<p style=\"text-align: justify;\">Regresado a Espa\u00f1a, \u00a0\u00a0como premio a su m\u00e9rito y \u00a0hero\u00edsmo el Rey lo ascendi\u00f3 en 1734 a teniente General de la Armada y a\u00f1os despu\u00e9s en 1741, \u00a0\u00a0lo mand\u00f3 de nuevo \u00a0a Am\u00e9rica con los nav\u00edos<em> Fuerte y Conquistador <\/em>\u00a0como comandante general de Cartagena de Indias \u00a0para que defendiera la plaza\u00a0 frente a los continuos ataques de los corsarios\u00a0 ingleses, y terminara con el estado de sitio al que la \u00a0hab\u00eda sometido el \u00a0almirante ingl\u00e9s Edward Vernon. La excusa de los ingleses para iniciar un conflicto con Espa\u00f1a fue el apresamiento de un barco corsario comandado por Robert Jenkins en las costas de Florida. El capit\u00e1n de nav\u00edo Juan Le\u00f3n Fandi\u00f1o apres\u00f3 el barco corsario y cort\u00f3 la oreja de su capit\u00e1n al tiempo que le dec\u00eda: \u201c<em>Ve y dile a tu rey que lo mismo le har\u00e9 si a lo mismo se atreve.<\/em>\u201d A la saz\u00f3n, el tr\u00e1fico de ultramar espa\u00f1ol se ve\u00eda constantemente entorpecido e interrumpido por los piratas ingleses. En su comparecencia ante la C\u00e1mara de los Lores, Jenkins denunci\u00f3 el caso con la oreja en la mano, de ah\u00ed que los ingleses conozcan el conflicto como \u201cGuerra de la oreja de Jenkins\u201d &#8230;<\/p>\n<p style=\"text-align: justify;\">\u00a0\u00a0\u00a0\u00a0\u00a0 Entre tanto, el almirante Vernon estaba envalentonado tras el saqueo de la mal guarnecida plaza de Portobelo (Panam\u00e1) y el ingl\u00e9s desafi\u00f3 a Lezo, a lo que el marino espa\u00f1ol contest\u00f3: \u201c<em>Si hubiera estado yo en Portobelorno hubiera su Merced insultado impunemente las plazas del Rey mi Se\u00f1or, porque el \u00e1nimo que falt\u00f3 a los de Portobelo me hubiera sobrado a m\u00ed para contener su cobard\u00eda.<\/em>\u201d.<\/p>\n<p style=\"text-align: justify;\">\u00a0\u00a0\u00a0\u00a0\u00a0 La flota inglesa, la agrupaci\u00f3n de buques de guerra m\u00e1s grande que hasta entonces hab\u00eda surcado los mares (2.000 ca\u00f1ones dispuestos en 186 barcos, entre nav\u00edos de guerra, fragatas, brulotes y buques de transporte, y 23.600 combatientes entre marinos, soldados y esclavos negros macheteros de Jamaica, m\u00e1s 4.000 reclutas de Virginia bajo las \u00f3rdenes de Lawrence Washington superaba en m\u00e1s de 60 nav\u00edos a la Gran Armada de Felipe II). Para hacerse una idea del m\u00e9rito estrat\u00e9gico de la victoria, baste decir que las defensas de Cartagena no pasaban de 3.000 hombres entre tropa regular, milicianos, 600 indios flecheros tra\u00eddos del interior m\u00e1s la mariner\u00eda y tropa de desembarco de los seis \u00fanicos nav\u00edos de guerra de los que dispon\u00eda la ciudad: <em>Galicia<\/em>, que era la nave Capitana, <em>San Felipe<\/em>, <em>San Carlos<\/em>, <em>\u00c1frica<\/em>, <em>Drag\u00f3n<\/em> y <em>Conquistador<\/em>. Blas de Lezo sin embargo contaba con la experiencia de 22 batallas. El sitio de Cartagena de Indias fue una gran victoria con una enorme desproporci\u00f3n entre los dos bandos.\u00a0 Tan colosal fue la derrota de los ingleses, que asegur\u00f3 el dominio espa\u00f1ol de los mares durante m\u00e1s de medio siglo hasta que lo perdi\u00f3 en Trafalgar, cosa que la historia inglesa no reconoce.\u00a0 <u><sup>[]<\/sup><\/u>Humillados por la derrota, los ingleses ocultaron monedas y medallas grabadas con anterioridad para celebrar la victoria que nunca lleg\u00f3. Tan convencidos estaban de la derrota que iban a conseguir en Cartagena de Indias, que pusieron medallas en circulaci\u00f3n que dec\u00edan en su anverso: \u00ab<em>Los h\u00e9roes brit\u00e1nicos tomaron Cartagena el 1 de abril de 1741<\/em>\u00bb y \u00ab<em>El orgullo espa\u00f1ol humillado por Vernon<\/em>\u00bb.<u><sup>[]<\/sup><\/u><\/p>\n<p style=\"text-align: justify;\">\u00a0\u00a0\u00a0\u00a0\u00a0 Fue justo todo lo contrario: con s\u00f3lo seis nav\u00edos, 2.830 hombres y mucha imaginaci\u00f3n, Blas de Lezo derrot\u00f3 a Vernon, que tra\u00eda 180 nav\u00edos y casi 25.000 hombres, y la derrota fue de tal desprestigio para Inglaterra que el Rey Jorge II prohibi\u00f3 hablar de ella o que se escribieran cr\u00f3nicas alusivas al hecho, como si nunca hubiese ocurrido. Durante\u00a0 \u00a0su retirada, el almirante Vernon se alejaba de la bah\u00eda con su armada destrozada y gritando al viento: \u201c<em>God damn you, Lezo!\u201d (\u00a1Que Dios te maldiga Lezo!<\/em>). En respuesta escrita a Vernon, Blas de Lezo sentenci\u00f3 la siguiente frase inmortal: \u201c<em>Para venir a Cartagena es necesario que el rey de Inglaterra construya otra escuadra mayor, porque \u00e9sta s\u00f3lo ha quedado para conducir carb\u00f3n de Irlanda a Londres, lo cual les hubiera sido mejor que emprender una conquista que nunca podr\u00edan conseguir.<\/em>\u201d<\/p>\n<p style=\"text-align: justify;\">\u00a0\u00a0\u00a0\u00a0\u00a0 \u00a0Blas de Lezo falleci\u00f3 en Cartagena de Indias el 7 de septiembre de 1741 al contraer la peste, enfermedad generada por los miles de cuerpos insepultos que dejaron abandonados en su huida los ingleses por los sucesivos combates. Y en Cartagena quedaron los restos del gran soldado espa\u00f1ol, que los ingleses apodaron con los motes de \u201cPatapalo\u201d y \u201cMediohombre\u201d debido a las muchas heridas sufridas a lo largo de su ejemplar vida militar.<\/p>\n<p style=\"text-align: justify;\"><a href=\"http:\/\/granadacostanacional.es\/wp-content\/uploads\/2022\/02\/FRAGATA-BLAS-DE-LEZO.jpg\"><img decoding=\"async\" loading=\"lazy\" class=\"aligncenter wp-image-31022\" src=\"http:\/\/granadacostanacional.es\/wp-content\/uploads\/2022\/02\/FRAGATA-BLAS-DE-LEZO.jpg\" alt=\"FRAGATA BLAS DE LEZO\" width=\"600\" height=\"447\" \/><\/a><\/p>\n<p style=\"text-align: justify;\">\u00a0\u00a0\u00a0\u00a0\u00a0 Sin embargo, aunque las proezas de Blas de Lezo est\u00e1n a la altura de los m\u00e1s grandes marinos de la historia, es un personaje no suficientemente reconocido, ni su biograf\u00eda merecidamente divulgada. En una de las visitas que hice al Museo Naval de Cartagena de Indias, pude ver un conjunto de maquetas con detalle de las fortificaciones de aquella bah\u00eda, que describen la defensa organizada por Blas de Lezo y su enorme victoria sobre los prepotentes ingleses.<\/p>\n<p style=\"text-align: justify;\">\u00a0\u00a0\u00a0\u00a0\u00a0 Conviene recordar que Cartagena de Indias fue fundada por Pedro Heredia en 1533 y se estableci\u00f3 como base log\u00edstica de la Armada Espa\u00f1ola, as\u00ed como puerto principal de entrada y salida del comercio de Am\u00e9rica del Sur. Por ello, las grandes potencias europeas capitaneadas por Inglaterra, Francia y Holanda, por mor de su orgullosa envidia, se constituyeron en grandes enemigos de Espa\u00f1a.\u00a0\u00a0 Conocedores de la situaci\u00f3n a finales del siglo XVI los espa\u00f1oles fortificaron sus defensas para poder hacer frente a los continuos ataques de los filibusteros europeos y los violentos piratas que fueron recogiendo por los mares, con el prop\u00f3sito de robar las muchas riquezas que almacenaban los espa\u00f1oles detr\u00e1s de las p\u00e9treas murallas cartageneras.<\/p>\n<p style=\"text-align: justify;\">\u00a0\u00a0\u00a0\u00a0\u00a0 En Cartagena de Indias, el fervor de los habitantes por Blas de Lezo no tiene l\u00edmites. As\u00ed lo recuerda el monumento con su estatua erigido el 5 de noviembre de 2009 frente al Castillo de San Felipe donde libr\u00f3 heroicas batallas en memoria del defensor de su ciudad. Los cartageneros tienen entre sus mayores reconocimientos a su h\u00e9roe y le rinde homenajes en barrios, avenidas y plazas con su nombre, y su recuerdo permanece vivo entre los habitantes como defensor de su ciudad.<\/p>\n<p style=\"text-align: justify;\">\u00a0\u00a0\u00a0 \u00a0En su testamento Blas de Lezo ped\u00eda que los espa\u00f1oles pusieran una placa que conmemorase aquella victoria y as\u00ed lo hicieron. En la inscripci\u00f3n se puede leer:<\/p>\n<p style=\"text-align: justify;\">\u201c<em>Homenaje al Almirante D. Blas de Lezo y Olavarrieta. Esta placa se coloc\u00f3 para homenajear al invicto almirante que con su ingenio, valor y tenacidad dirigi\u00f3 la defensa de Cartagena de Indias. Derrot\u00f3 aqu\u00ed, frente a estas mismas murallas, a una armada brit\u00e1nica de 186 barcos y 23.600 hombres, m\u00e1s 4.000 reclutas de Virginia. Armada a\u00fan m\u00e1s grande que la Invencible Espa\u00f1ola que los brit\u00e1nicos hab\u00edan enviado al mando del Almirante Vernon para conquistar la ciudad llave y as\u00ed imponer el idioma ingl\u00e9s en toda la Am\u00e9rica entonces espa\u00f1ola. Cumplimos hoy juntos, espa\u00f1oles y colombianos, con la \u00faltima voluntad del Almirante, que quiso que se colocara una placa en las murallas de Cartagena de Indias que dijera: AQU\u00cd ESPA\u00d1A DERROT\u00d3 A INGLATERRA Y SUS COLONIAS. Cartagena de Indias, marzo de 1741<\/em>\u201d.<u><sup>[<\/sup><\/u><\/p>\n<p style=\"text-align: justify;\">\u00a0\u00a0 En fechas todav\u00eda recientes, en los Jardines del Descubrimiento de Madrid, el Rey Juan Carlos inaugur\u00f3 una estatua en bronce de ochenta cent\u00edmetros del gran marino Blas de Lezo, obra del escultor Salvador Amaya. En la misma plaza madrile\u00f1a comparten reconocimiento otros ilustres marinos como Crist\u00f3bal Col\u00f3n y Jorge Juan.<\/p>\n<p style=\"text-align: right;\"><strong>Juli\u00e1n D\u00edaz Robledo<\/strong><\/p>\n","protected":false},"excerpt":{"rendered":"<p>Hace unos d\u00edas se dispuso LA FRAGATA Blas de Lezo para iniciar su singladura hacia el Mar Negro, en plena&hellip;<\/p>\n","protected":false},"author":2,"featured_media":18457,"comment_status":"open","ping_status":"open","sticky":false,"template":"","format":"standard","meta":{"om_disable_all_campaigns":false,"_mi_skip_tracking":false,"_monsterinsights_sitenote_active":false,"_monsterinsights_sitenote_note":"","_monsterinsights_sitenote_category":0,"footnotes":""},"categories":[21,30],"tags":[],"aioseo_notices":[],"_links":{"self":[{"href":"https:\/\/granadacostaglobal.es\/index.php?rest_route=\/wp\/v2\/posts\/31021"}],"collection":[{"href":"https:\/\/granadacostaglobal.es\/index.php?rest_route=\/wp\/v2\/posts"}],"about":[{"href":"https:\/\/granadacostaglobal.es\/index.php?rest_route=\/wp\/v2\/types\/post"}],"author":[{"embeddable":true,"href":"https:\/\/granadacostaglobal.es\/index.php?rest_route=\/wp\/v2\/users\/2"}],"replies":[{"embeddable":true,"href":"https:\/\/granadacostaglobal.es\/index.php?rest_route=%2Fwp%2Fv2%2Fcomments&post=31021"}],"version-history":[{"count":0,"href":"https:\/\/granadacostaglobal.es\/index.php?rest_route=\/wp\/v2\/posts\/31021\/revisions"}],"wp:featuredmedia":[{"embeddable":true,"href":"https:\/\/granadacostaglobal.es\/index.php?rest_route=\/"}],"wp:attachment":[{"href":"https:\/\/granadacostaglobal.es\/index.php?rest_route=%2Fwp%2Fv2%2Fmedia&parent=31021"}],"wp:term":[{"taxonomy":"category","embeddable":true,"href":"https:\/\/granadacostaglobal.es\/index.php?rest_route=%2Fwp%2Fv2%2Fcategories&post=31021"},{"taxonomy":"post_tag","embeddable":true,"href":"https:\/\/granadacostaglobal.es\/index.php?rest_route=%2Fwp%2Fv2%2Ftags&post=31021"}],"curies":[{"name":"wp","href":"https:\/\/api.w.org\/{rel}","templated":true}]}}