{"id":31019,"date":"2022-02-01T15:53:39","date_gmt":"2022-02-01T15:53:39","guid":{"rendered":"http:\/\/granadacostanacional.es\/?p=31019"},"modified":"2022-02-01T15:53:39","modified_gmt":"2022-02-01T15:53:39","slug":"tomanota-todo-lo-que-ya-no-es-solido","status":"publish","type":"post","link":"https:\/\/granadacostaglobal.es\/?p=31019","title":{"rendered":"TOMANOTA: Todo lo que ya no es s\u00f3lido"},"content":{"rendered":"<p class=\"Standard\" style=\"text-align: justify;\">Merece la pena una lectura atenta de lo que est\u00e1 ocurriendo a nuestro alrededor. Como dir\u00eda Antonio Mu\u00f1oz Molina, en <i>Todo lo que era s\u00f3lido<\/i> parece que bastante de lo conseguido, se lo est\u00e1 llevando esta maldita pandemia. Echamos en falta una salud de atenci\u00f3n primaria y especializada que atienda a nuestro derecho b\u00e1sico de una vida saludable en todos los sentidos del t\u00e9rmino, y al personal sanitario necesario para rescatar los buenos servicios que se prestaban. Ni que decir tiene que la precariedad tambi\u00e9n ata\u00f1e a la salud laboral, que entre reforma y reforma no soluciona el problema del paro en un pa\u00eds que duplica la media europea y la inseguridad de los aut\u00f3nomos. Pero no hay que olvidar tampoco la lamentable salud educativa, en la que no se prioriza el esfuerzo, ni hay consenso pero s\u00ed leyes y normas que lo cambian todo, con el desequilibrio que ocasiona, y la paulatina eliminaci\u00f3n de las Humanidades en las aulas, como si el lenguaje con las lenguas, la reflexi\u00f3n y el esp\u00edritu cr\u00edtico, y el conocimiento de la historia no fuese importante para el desarrollo de la tecnolog\u00eda y el mundo digital de la sociedad de la globalizaci\u00f3n y el consumismo que impera. De modo que si se echa en falta una salud o bienestar en el sentido m\u00e1s humano que reclama don Emilio Lled\u00f3, no tendr\u00edamos esa otra parte de la sociedad cada vez m\u00e1s empobrecida, con una indigencia que es el termostato de que tambi\u00e9n carecemos de una salud de servicios sociales digna, que nos recuerda que la dependencia, atenci\u00f3n a discapacidades especiales, mentales y el tratamiento de las personas mayores enfermas desahuciadas, es por un sistema que no le proporciona seguridad. En cambio garantiza la ocupaci\u00f3n ilegal ante el abandono y la impotencia que genera su indefensi\u00f3n, o ante la inhibici\u00f3n de la justicia que mira para otro lado, cuando se deja de actuar al negarse o limitarse sus derechos. En este sentido, que estamos comentando dir\u00eda el activista N. Chomsky que estamos inmersos en el entretenimiento o estrategia de distracci\u00f3n para obviar la soluci\u00f3n de una problem\u00e1tica que cada vez es m\u00e1s acuciante o aniquiladora. A juicio de John Gray estamos ante una diatriba sobre la que se sustenta el progreso o la capacidad para dejarse guiar por la raz\u00f3n. Juzguen ustedes y preg\u00fantense hasta cu\u00e1ndo difundiremos este legado de calamidades. Esperemos que no se quede en deseos, que se los lleve la cuesta de enero y traiga al menos agua para nuestro denodado campo.<\/p>\n<p class=\"Standard\" style=\"text-align: right;\"><b>Francisco Velasco Rey<\/b><\/p>\n","protected":false},"excerpt":{"rendered":"<p>Merece la pena una lectura atenta de lo que est\u00e1 ocurriendo a nuestro alrededor. Como dir\u00eda Antonio Mu\u00f1oz Molina, en&hellip;<\/p>\n","protected":false},"author":2,"featured_media":13093,"comment_status":"open","ping_status":"open","sticky":false,"template":"","format":"standard","meta":{"om_disable_all_campaigns":false,"_mi_skip_tracking":false,"_monsterinsights_sitenote_active":false,"_monsterinsights_sitenote_note":"","_monsterinsights_sitenote_category":0,"footnotes":""},"categories":[21,22,30],"tags":[],"aioseo_notices":[],"_links":{"self":[{"href":"https:\/\/granadacostaglobal.es\/index.php?rest_route=\/wp\/v2\/posts\/31019"}],"collection":[{"href":"https:\/\/granadacostaglobal.es\/index.php?rest_route=\/wp\/v2\/posts"}],"about":[{"href":"https:\/\/granadacostaglobal.es\/index.php?rest_route=\/wp\/v2\/types\/post"}],"author":[{"embeddable":true,"href":"https:\/\/granadacostaglobal.es\/index.php?rest_route=\/wp\/v2\/users\/2"}],"replies":[{"embeddable":true,"href":"https:\/\/granadacostaglobal.es\/index.php?rest_route=%2Fwp%2Fv2%2Fcomments&post=31019"}],"version-history":[{"count":0,"href":"https:\/\/granadacostaglobal.es\/index.php?rest_route=\/wp\/v2\/posts\/31019\/revisions"}],"wp:featuredmedia":[{"embeddable":true,"href":"https:\/\/granadacostaglobal.es\/index.php?rest_route=\/"}],"wp:attachment":[{"href":"https:\/\/granadacostaglobal.es\/index.php?rest_route=%2Fwp%2Fv2%2Fmedia&parent=31019"}],"wp:term":[{"taxonomy":"category","embeddable":true,"href":"https:\/\/granadacostaglobal.es\/index.php?rest_route=%2Fwp%2Fv2%2Fcategories&post=31019"},{"taxonomy":"post_tag","embeddable":true,"href":"https:\/\/granadacostaglobal.es\/index.php?rest_route=%2Fwp%2Fv2%2Ftags&post=31019"}],"curies":[{"name":"wp","href":"https:\/\/api.w.org\/{rel}","templated":true}]}}