{"id":30936,"date":"2022-01-27T11:21:28","date_gmt":"2022-01-27T11:21:28","guid":{"rendered":"http:\/\/granadacostanacional.es\/?p=30936"},"modified":"2022-01-27T11:21:28","modified_gmt":"2022-01-27T11:21:28","slug":"canto-a-la-vida","status":"publish","type":"post","link":"https:\/\/granadacostaglobal.es\/?p=30936","title":{"rendered":"Canto a la vida"},"content":{"rendered":"<div class=\"kvgmc6g5 cxmmr5t8 oygrvhab hcukyx3x c1et5uql ii04i59q\">\n<div dir=\"auto\">Una semana larga en el hospital&#8230; os dejo este canto a la vida.<\/div>\n<div dir=\"auto\" style=\"text-align: justify;\"><\/div>\n<\/div>\n<div class=\"cxmmr5t8 oygrvhab hcukyx3x c1et5uql o9v6fnle ii04i59q\" style=\"text-align: justify;\">\n<div dir=\"auto\" style=\"text-align: justify;\"><a href=\"http:\/\/granadacostanacional.es\/wp-content\/uploads\/2019\/07\/To\u00f1y.jpg\"><img decoding=\"async\" loading=\"lazy\" class=\"alignnone size-medium wp-image-21545 alignleft\" src=\"http:\/\/granadacostanacional.es\/wp-content\/uploads\/2019\/07\/To\u00f1y-300x300.jpg\" alt=\"To\u00f1y\" width=\"300\" height=\"300\" \/><\/a>Cada d\u00eda se inicia el futuro al salir el sol entre monta\u00f1as, dejando entrever la luminosidad all\u00e1 donde sus rayos calientan un nuevo amanecer.<\/div>\n<\/div>\n<div class=\"cxmmr5t8 oygrvhab hcukyx3x c1et5uql o9v6fnle ii04i59q\" style=\"text-align: justify;\">\n<div dir=\"auto\">Es il\u00f3gico vivir de pasados anclados e inamovibles en tiempos remotos, donde la a\u00f1oranza no deja despertar nuevas emociones o antiguas , dormidas en rincones apartados de avenidas.<\/div>\n<\/div>\n<div class=\"cxmmr5t8 oygrvhab hcukyx3x c1et5uql o9v6fnle ii04i59q\" style=\"text-align: justify;\">\n<div dir=\"auto\">El canto a la vida, va m\u00e1s lejos de duelos permanentes por tareas inacabadas, va m\u00e1s lejos de vivir llorando recuerdos y ex\u00e1menes de conciencias por lo no vivido.<\/div>\n<\/div>\n<div class=\"cxmmr5t8 oygrvhab hcukyx3x c1et5uql o9v6fnle ii04i59q\" style=\"text-align: justify;\">\n<div dir=\"auto\">Cuando abro la ventana casi sin despertarme anhelo la noche pasada, pero, no como un lamento sino como predecesora de un nuevo sue\u00f1o.<\/div>\n<\/div>\n<div class=\"cxmmr5t8 oygrvhab hcukyx3x c1et5uql o9v6fnle ii04i59q\" style=\"text-align: justify;\">\n<div dir=\"auto\">Siempre pens\u00e9 que el amor es vida, pues no concibo vivir, sin amar aquello que mis manos alcanzan, sin amar aquello que mis manos no tocan y sin sentir todo lo bello&#8230; todo lo triste&#8230; todo el<\/div>\n<div dir=\"auto\">placer y todo el dolor que produce bajo la piel las emociones propias o no vividas.<\/div>\n<\/div>\n<div class=\"cxmmr5t8 oygrvhab hcukyx3x c1et5uql o9v6fnle ii04i59q\" style=\"text-align: justify;\">\n<div dir=\"auto\">El amar nace con el d\u00eda, se alimenta de esperanzas, crece con las ilusiones y al regalarlo nos hace m\u00e1s persona.<\/div>\n<\/div>\n<div class=\"cxmmr5t8 oygrvhab hcukyx3x c1et5uql o9v6fnle ii04i59q\">\n<div dir=\"auto\" style=\"text-align: justify;\">El amar se inicia con la noche en ese estadio donde la no conciencia vuela por callejuelas prohibidas a la luz, en ese submundo que afortunadamente no controlamos y nuestros deseos provocan sensaciones que escandalizar\u00edan a los no iniciados en volar sin alas.<\/div>\n<div dir=\"auto\" style=\"text-align: justify;\">To\u00f1y Castillo.<\/div>\n<\/div>\n","protected":false},"excerpt":{"rendered":"<p>Una semana larga en el hospital&#8230; os dejo este canto a la vida. Cada d\u00eda se inicia el futuro al&hellip;<\/p>\n","protected":false},"author":4,"featured_media":30937,"comment_status":"open","ping_status":"open","sticky":false,"template":"","format":"standard","meta":{"om_disable_all_campaigns":false,"_mi_skip_tracking":false,"_monsterinsights_sitenote_active":false,"_monsterinsights_sitenote_note":"","_monsterinsights_sitenote_category":0,"footnotes":""},"categories":[25,21,35,29,22,19,30],"tags":[],"aioseo_notices":[],"_links":{"self":[{"href":"https:\/\/granadacostaglobal.es\/index.php?rest_route=\/wp\/v2\/posts\/30936"}],"collection":[{"href":"https:\/\/granadacostaglobal.es\/index.php?rest_route=\/wp\/v2\/posts"}],"about":[{"href":"https:\/\/granadacostaglobal.es\/index.php?rest_route=\/wp\/v2\/types\/post"}],"author":[{"embeddable":true,"href":"https:\/\/granadacostaglobal.es\/index.php?rest_route=\/wp\/v2\/users\/4"}],"replies":[{"embeddable":true,"href":"https:\/\/granadacostaglobal.es\/index.php?rest_route=%2Fwp%2Fv2%2Fcomments&post=30936"}],"version-history":[{"count":0,"href":"https:\/\/granadacostaglobal.es\/index.php?rest_route=\/wp\/v2\/posts\/30936\/revisions"}],"wp:featuredmedia":[{"embeddable":true,"href":"https:\/\/granadacostaglobal.es\/index.php?rest_route=\/wp\/v2\/media\/30937"}],"wp:attachment":[{"href":"https:\/\/granadacostaglobal.es\/index.php?rest_route=%2Fwp%2Fv2%2Fmedia&parent=30936"}],"wp:term":[{"taxonomy":"category","embeddable":true,"href":"https:\/\/granadacostaglobal.es\/index.php?rest_route=%2Fwp%2Fv2%2Fcategories&post=30936"},{"taxonomy":"post_tag","embeddable":true,"href":"https:\/\/granadacostaglobal.es\/index.php?rest_route=%2Fwp%2Fv2%2Ftags&post=30936"}],"curies":[{"name":"wp","href":"https:\/\/api.w.org\/{rel}","templated":true}]}}