{"id":30921,"date":"2022-01-25T15:52:54","date_gmt":"2022-01-25T15:52:54","guid":{"rendered":"http:\/\/granadacostanacional.es\/?p=30921"},"modified":"2022-01-25T15:52:54","modified_gmt":"2022-01-25T15:52:54","slug":"2021-se-fue-con-penas-y-sin-gloria-alguna","status":"publish","type":"post","link":"https:\/\/granadacostaglobal.es\/?p=30921","title":{"rendered":"2021 SE FUE CON PENAS Y SIN GLORIA ALGUNA"},"content":{"rendered":"<h4 style=\"text-align: left;\"><strong>OPINI\u00d3N<\/strong><\/h4>\n<p style=\"text-align: right;\"><strong>\u00a0\u00a0\u00a0\u00a0\u00a0\u00a0\u00a0\u00a0\u00a0\u00a0\u00a0\u00a0\u00a0\u00a0\u00a0\u00a0\u00a0\u00a0\u00a0\u00a0\u00a0\u00a0\u00a0\u00a0\u00a0\u00a0\u00a0\u00a0\u00a0\u00a0\u00a0\u00a0\u00a0\u00a0\u00a0\u00a0 <\/strong><strong><em>En pol\u00edtica todo necio es peligroso<\/em><\/strong><\/p>\n<p style=\"text-align: right;\"><strong><em>\u00a0\u00a0\u00a0\u00a0\u00a0\u00a0\u00a0\u00a0\u00a0\u00a0\u00a0\u00a0\u00a0\u00a0\u00a0\u00a0\u00a0\u00a0\u00a0\u00a0\u00a0\u00a0\u00a0\u00a0\u00a0\u00a0\u00a0\u00a0\u00a0\u00a0\u00a0\u00a0\u00a0\u00a0\u00a0\u00a0\u00a0\u00a0\u00a0\u00a0\u00a0\u00a0\u00a0\u00a0\u00a0\u00a0\u00a0\u00a0 mientras no demuestre con hechos <\/em><\/strong><\/p>\n<p style=\"text-align: right;\"><strong><em>\u00a0\u00a0\u00a0\u00a0\u00a0\u00a0\u00a0\u00a0\u00a0\u00a0\u00a0\u00a0\u00a0\u00a0\u00a0\u00a0\u00a0\u00a0\u00a0\u00a0\u00a0\u00a0\u00a0\u00a0\u00a0\u00a0\u00a0\u00a0\u00a0\u00a0\u00a0\u00a0\u00a0\u00a0\u00a0\u00a0\u00a0\u00a0\u00a0\u00a0\u00a0\u00a0\u00a0\u00a0\u00a0\u00a0\u00a0\u00a0 su inocuidad (Ram\u00f3n y Cajal)<\/em><\/strong><\/p>\n<p>&nbsp;<\/p>\n<p style=\"text-align: justify;\">\u00a0\u00a0Los \u00faltimos d\u00edas de diciembre y los primeros de enero se vive un ambiente festivo, son d\u00edas de vacaciones, descanso, viajes, comida entre familias y amigos, especialmente para los ni\u00f1os adolescentes y para todos aquellos que todav\u00eda les queda mucha vida por delante. D\u00edas tristes y de duelo ya vendr\u00e1n, mientras tanto a disfrutar. Pero los jubilados y los que tenemos muchos m\u00e1s a\u00f1os, estas fechas se ven y se viven de otra manera porque aparecen los recuerdos, las nostalgias y reflexiones de toda clase. Se echa la vista atr\u00e1s y se hace un balance de lo ya vivido, de lo que hemos hecho y de lo que hemos dejado de hacer. Y resulta inevitable hacer una comparaci\u00f3n sobre los tiempos pasados y los actuales. A pesar de mi avanzada edad, en absoluto me considero reaccionario, pero, no obstante, de la escasez de medios y fuerte trabajo que padecimos en aquellos tiempos en los que me toc\u00f3 vivir, sin duda alguna los prefiero a los de ahora.<\/p>\n<p style=\"text-align: justify;\">Las nuevas generaciones se preguntar\u00e1n \u00bfqu\u00e9 hab\u00eda antes que no hay ahora, cuando todos dicen que no hab\u00eda m\u00e1s que miseria? Es cierto que carec\u00edamos de muchos medios materiales, pero en absoluta est\u00e1bamos en la miseria, eran tiempos dif\u00edciles, pero la carencia de cosas materiales las compens\u00e1bamos con eso que se llama <strong>valores: esfuerzo, responsabilidad, disciplina, generosidad, cooperaci\u00f3n, honradez, autoestima, lealtad, amistad\u2026 <\/strong>y disfrut\u00e1bamos de paz, libertad y todo eso que nos hac\u00eda felices. Ahora, a pesar de la abundancia material (ya por poco tiempo seg\u00fan van las cosas) hay una crisis de desaliento, de desencanto, falta de valores que impiden la felicidad porque en todos los ambientes se ha pasado de una \u00e9tica del esfuerzo a una \u00e9tica de diversi\u00f3n.<\/p>\n<p style=\"text-align: justify;\">\u00a0\u00a0\u00a0\u00a0\u00a0\u00a0\u00a0\u00a0\u00a0 Para avivar la llama de los recuerdos se present\u00f3 en mi casa mi amigo Juan para felicitarme la Navidad. No eran momentos de hablar de pol\u00edtica sino de otras cosas m\u00e1s agradables y a tono con lo que se celebra en estos d\u00edas tan entra\u00f1ables, pero finalmente se acaba hablando del tema pol\u00edtico que cada d\u00eda nos trae un nuevo sobresalto, y como Juan siempre me repite esta frase (que creo la dijo Ives Montand) \u201caunque t\u00fa no te preocupes de la pol\u00edtica ella se ocupar\u00e1 de ti\u201d, y es la verdad. En una democracia todo ciudadano debe de ser pol\u00edtico.<\/p>\n<p style=\"text-align: justify;\">\n<p style=\"text-align: justify;\">Le hemos dado un somero repaso a algunas cosas gordas que han ocurrido en este a\u00f1o, ya ido, de 2021 y sale negro, ruinoso, triste. Ni el gobierno ni los cielos nos han sido ben\u00e9ficos, en absoluto nos han protegido: volcanes, terremotos, lluvias torrenciales en unos lugares y pertinaces sequ\u00edas en otros, la enfermedad del COVID-19 y alguno m\u00e1s, las muertes y todos los vivos con alguna con alguna que otra secuela. \u00bfY qu\u00e9 podemos decir del gobierno de la tierra? Pues malgastando sin ton ni son y endeudando a Espa\u00f1a para muchos a\u00f1os, es decir, ruina.<\/p>\n<p style=\"text-align: justify;\">Mientras esto est\u00e1 ocurriendo el gobierno \u201cprogresista\u201d no cesa de repetir que han tra\u00eddo la modernidad y el estado de bienestar. Pero la verdad alumbra la triste realidad: cuatro millones de parados, miles de empresas y negocias cerrados para siempre, la enorme e insostenible subida de los impuestos, la de los carburantes, la luz, las colas del hambre, etc. descubren la cara del Gobierno. Respecto a las colas del hambre hay que decir bien alto que en esta Espa\u00f1a del progreso la cifra de las comidas repartidas por <strong>C\u00e1ritas y la Iglesia<\/strong> <strong>Cat\u00f3lica<\/strong> ascienden a tres millones doscientas mil en el a\u00f1o 2021.<\/p>\n<p style=\"text-align: justify;\">\u00a0\u00a0\u00a0\u00a0\u00a0\u00a0\u00a0\u00a0\u00a0 Me apunta mi amigo Juan que m\u00e1s que el castigo del cielo es el mal gobierno de la tierra y en Espa\u00f1a es el c\u00e1ncer de la CORRUPCI\u00d3N que se ha instalado con fuerza en los \u00faltimos a\u00f1os en todo cargo p\u00fablico desde el concejal del pueblo m\u00e1s peque\u00f1o hasta el m\u00e1s elevado de la pir\u00e1mide del poder. Unos con visos de legalidad poni\u00e9ndose los sueldos a la carta con pluses, dietas, y cuando no, comisiones; y los hay tambi\u00e9n que roban con todo el descaro del mundo. En estas corrupciones no hay distingos de colores, a la hora de trincar todos est\u00e1n de acuerdo. Ante esta desgraciada situaci\u00f3n todos nos preguntamos \u00bfd\u00f3nde est\u00e1 la Justicia?<\/p>\n<p style=\"text-align: justify;\">Lo que mi amigo Juan ha apuntado es cierto y se queda corto. Le sugiero que lea el libro escrito por el Sr. Leguina titulado: \u201cPedro S\u00e1nchez, historia de una ambici\u00f3n\u201d, para que constate en qu\u00e9 manos estamos; ilustrativo es tambi\u00e9n el escrito por el Sr. Alfonso P\u00e9rez Medina titulado: \u201cNo lo s\u00e9, no me acuerdo, no me consta\u201d. En estos libros escritos con valent\u00eda ver\u00e1 la realidad de la Espa\u00f1a de hoy y no la que nos est\u00e1n vendiendo.<\/p>\n<p style=\"text-align: justify;\">No podemos ignorar que Espa\u00f1a se encuentra inmersa en una grave crisis en muchos aspectos y, ha tenido sus auroras, sus esplendores y sus decadencias. Es la ley de los d\u00edas, de los hombres, de los pueblos y de la tierra. En los d\u00edas de Franco tuvimos auroras y a mediados de \u00e9poca esplendores que duraron hasta final del siglo XX. Prueba evidente de este esplendor fue que en aquellos tiempos Espa\u00f1a ocupaba el noveno lugar en el mundo en cuanto a riqueza, bienestar social y prestigio en todos los aspectos. En la actualidad Espa\u00f1a ocupa el n\u00famero 23 \u00bfEs esto progreso? Claro que los ministros de Franco ten\u00edan <strong>autoridad moral e intelectual,<\/strong> es decir, ministros con saberes, expertos cada uno en su materia y por tanto eficaces en su gesti\u00f3n. \u00bfQu\u00e9 tenemos ahora? Es innecesario abundar en el tema, ellos mismos descubren a diario su incapacidad. Pongamos un solo ejemplo: el Sr. ministro de Consumo ataca y desprestigia a su propio pa\u00eds: contra el sector tur\u00edstico, contra el az\u00facar, contra los juguetes y \u00faltimamente contra el sector ganadero (carne de mala calidad).<\/p>\n<p style=\"text-align: justify;\">\n<p style=\"text-align: justify;\">\u00a0\u00a0\u00a0\u00a0\u00a0\u00a0\u00a0\u00a0\u00a0 Mi amigo Juan reflexiona en voz alta \u00bfC\u00f3mo se puede mantener un presidente que nombra y mantiene ministros de esta clase? Sencillamente porque \u00e9l es peor que sus ministros, siempre est\u00e1 montado en la mentira, en la arbitrariedad, en la injusticia\u2026 No obstante, habla de democracia y de progreso y se niega a informar de su gesti\u00f3n en algo tan importante como son los rescates millonarios a determinadas empresas. Ejemplo palmario: el de la compa\u00f1\u00eda a\u00e9rea \u201cPlus Ultra\u201d relacionada con Venezuela, alegando \u201csecretos de Estado\u201d, que se apoya en una Ley de 1968, o sea, de Franco al que tanto denigra y odia.<\/p>\n<p style=\"text-align: justify;\">Volviendo al aforismo del premio Nobel de Medicina Ram\u00f3n y Cajal \u00bfSon estas actuaciones signos de inepcia?<\/p>\n<p>&nbsp;<\/p>\n<p>&nbsp;<\/p>\n<p style=\"text-align: right;\">\u00a0\u00a0\u00a0\u00a0\u00a0\u00a0\u00a0\u00a0\u00a0\u00a0\u00a0<strong>\u00a0\u00a0\u00a0\u00a0\u00a0\u00a0\u00a0\u00a0 JOS\u00c9 ANTONIO BUSTOS<\/strong><\/p>\n","protected":false},"excerpt":{"rendered":"<p>OPINI\u00d3N \u00a0\u00a0\u00a0\u00a0\u00a0\u00a0\u00a0\u00a0\u00a0\u00a0\u00a0\u00a0\u00a0\u00a0\u00a0\u00a0\u00a0\u00a0\u00a0\u00a0\u00a0\u00a0\u00a0\u00a0\u00a0\u00a0\u00a0\u00a0\u00a0\u00a0\u00a0\u00a0\u00a0\u00a0\u00a0\u00a0 En pol\u00edtica todo necio es peligroso \u00a0\u00a0\u00a0\u00a0\u00a0\u00a0\u00a0\u00a0\u00a0\u00a0\u00a0\u00a0\u00a0\u00a0\u00a0\u00a0\u00a0\u00a0\u00a0\u00a0\u00a0\u00a0\u00a0\u00a0\u00a0\u00a0\u00a0\u00a0\u00a0\u00a0\u00a0\u00a0\u00a0\u00a0\u00a0\u00a0\u00a0\u00a0\u00a0\u00a0\u00a0\u00a0\u00a0\u00a0\u00a0\u00a0\u00a0\u00a0 mientras no demuestre con hechos \u00a0\u00a0\u00a0\u00a0\u00a0\u00a0\u00a0\u00a0\u00a0\u00a0\u00a0\u00a0\u00a0\u00a0\u00a0\u00a0\u00a0\u00a0\u00a0\u00a0\u00a0\u00a0\u00a0\u00a0\u00a0\u00a0\u00a0\u00a0\u00a0\u00a0\u00a0\u00a0\u00a0\u00a0\u00a0\u00a0\u00a0\u00a0\u00a0\u00a0\u00a0\u00a0\u00a0\u00a0\u00a0\u00a0\u00a0\u00a0 su inocuidad (Ram\u00f3n y Cajal)&hellip;<\/p>\n","protected":false},"author":3,"featured_media":16054,"comment_status":"open","ping_status":"open","sticky":false,"template":"","format":"standard","meta":{"om_disable_all_campaigns":false,"_mi_skip_tracking":false,"_monsterinsights_sitenote_active":false,"_monsterinsights_sitenote_note":"","_monsterinsights_sitenote_category":0,"footnotes":""},"categories":[30],"tags":[],"aioseo_notices":[],"_links":{"self":[{"href":"https:\/\/granadacostaglobal.es\/index.php?rest_route=\/wp\/v2\/posts\/30921"}],"collection":[{"href":"https:\/\/granadacostaglobal.es\/index.php?rest_route=\/wp\/v2\/posts"}],"about":[{"href":"https:\/\/granadacostaglobal.es\/index.php?rest_route=\/wp\/v2\/types\/post"}],"author":[{"embeddable":true,"href":"https:\/\/granadacostaglobal.es\/index.php?rest_route=\/wp\/v2\/users\/3"}],"replies":[{"embeddable":true,"href":"https:\/\/granadacostaglobal.es\/index.php?rest_route=%2Fwp%2Fv2%2Fcomments&post=30921"}],"version-history":[{"count":0,"href":"https:\/\/granadacostaglobal.es\/index.php?rest_route=\/wp\/v2\/posts\/30921\/revisions"}],"wp:featuredmedia":[{"embeddable":true,"href":"https:\/\/granadacostaglobal.es\/index.php?rest_route=\/"}],"wp:attachment":[{"href":"https:\/\/granadacostaglobal.es\/index.php?rest_route=%2Fwp%2Fv2%2Fmedia&parent=30921"}],"wp:term":[{"taxonomy":"category","embeddable":true,"href":"https:\/\/granadacostaglobal.es\/index.php?rest_route=%2Fwp%2Fv2%2Fcategories&post=30921"},{"taxonomy":"post_tag","embeddable":true,"href":"https:\/\/granadacostaglobal.es\/index.php?rest_route=%2Fwp%2Fv2%2Ftags&post=30921"}],"curies":[{"name":"wp","href":"https:\/\/api.w.org\/{rel}","templated":true}]}}