{"id":30891,"date":"2022-01-19T18:28:47","date_gmt":"2022-01-19T18:28:47","guid":{"rendered":"http:\/\/granadacostanacional.es\/?p=30891"},"modified":"2022-01-19T18:28:47","modified_gmt":"2022-01-19T18:28:47","slug":"premios-almosita-a-los-valores-culturales","status":"publish","type":"post","link":"https:\/\/granadacostaglobal.es\/?p=30891","title":{"rendered":"Premios Alm\u00f2sita a los Valores Andaluces"},"content":{"rendered":"<p style=\"text-align: justify;\">Tenemos el placer de ofrecerles la \u00faltima informaci\u00f3n por parte de la Asociaci\u00f3n Cultural Alm\u00f2sita, la cual tiene su sede en D\u00farcal y con la que el Proyecto e Cultura Granada Costa se herman\u00f3 en el a\u00f1o 2018.<\/p>\n<p style=\"text-align: justify;\">La Asociaci\u00f3n Alm\u00f2sita ha resuelto, en un comunicado que a continuaci\u00f3n exponemos, la concesi\u00f3n de sus premios Alm\u00f2sita a los Valores Andaluces, que se pospusieron por motivo de la pandemia.<\/p>\n<p style=\"text-align: justify;\">A continuaci\u00f3n, el comunicado:<\/p>\n<p><strong>\u00a0<\/strong><\/p>\n<p style=\"text-align: center;\"><strong>Asociaci\u00f3n Cultural<\/strong><\/p>\n<p style=\"text-align: center;\"><strong>Alm\u00f2sita<\/strong><\/p>\n<p>&nbsp;<\/p>\n<p style=\"text-align: justify;\">A su atenci\u00f3n,<\/p>\n<p style=\"text-align: justify;\">Nos dirigimos a usted para informarle que en la Asamblea Ordinaria de la Asociaci\u00f3n Cultural Alm\u00f2sita celebrada el 14 de noviembre de 2019 y ratificada el 19 de octubre de 2021 debido a la pandemia del Covid-19, sus miembros acuerdan por unanimidad otorgar los XII Premios Alm\u00f2sita a los Valores Andaluces:<\/p>\n<p style=\"text-align: justify;\">en su modalidad de Local a la profesora de historia D\u00aa. Maribel L\u00f3pez Mart\u00edn, por su labor como escritora, conferenciante y colaboradora de prensa y radio local y<\/p>\n<p style=\"text-align: justify;\">en su modalidad de Andaluc\u00eda, al empresario D. Antonio Robles Lizancos, por su labor de desarrollo, crecimiento y consolidaci\u00f3n del proyecto cooperativo andaluz, ejerciendo como presidente de Covir\u00e1n, presidente de la C\u00e1mara de Comercio de Granada y\u00a0formando\u00a0parte del Consejo Asesor de la Caja Rural.<\/p>\n<p style=\"text-align: justify;\">\u00a0 \u00a0 \u00a0 \u00a0 El acto de la entrega de los XII Premios Alm\u00f2sita tendr\u00e1 lugar en el Centro Cultural de D\u00eda de la localidad de D\u00farcal (Granada) en fecha 26 de febrero de 2022, en la celebraci\u00f3n del D\u00eda de Andaluc\u00eda.<\/p>\n<p style=\"text-align: justify;\">\u00a0 \u00a0 \u00a0 \u00a0 El mencionado acto ser\u00e1 acompa\u00f1ado musicalmente por el tr\u00edo local Treinta Cuerdas.<\/p>\n<p style=\"text-align: justify;\">Agradeciendo su atenci\u00f3n, reciba nuestro abrazo y un cordial saludo.<\/p>\n<p>&nbsp;<\/p>\n<p>&nbsp;<\/p>\n<p style=\"text-align: right;\"><strong>El secretario<\/strong><\/p>\n<p style=\"text-align: right;\"><strong>Agust\u00edn Zarco Guti\u00e9rrez<\/strong><\/p>\n<p style=\"text-align: left;\"><a href=\"http:\/\/granadacostanacional.es\/wp-content\/uploads\/2022\/01\/WhatsApp-Image-2022-01-19-at-18.58.43.jpeg\"><img decoding=\"async\" loading=\"lazy\" class=\"aligncenter wp-image-30892\" src=\"http:\/\/granadacostanacional.es\/wp-content\/uploads\/2022\/01\/WhatsApp-Image-2022-01-19-at-18.58.43.jpeg\" alt=\"WhatsApp Image 2022-01-19 at 18.58.43\" width=\"600\" height=\"519\" srcset=\"https:\/\/granadacostaglobal.es\/wp-content\/uploads\/2022\/01\/WhatsApp-Image-2022-01-19-at-18.58.43.jpeg 744w, https:\/\/granadacostaglobal.es\/wp-content\/uploads\/2022\/01\/WhatsApp-Image-2022-01-19-at-18.58.43-300x259.jpeg 300w, https:\/\/granadacostaglobal.es\/wp-content\/uploads\/2022\/01\/WhatsApp-Image-2022-01-19-at-18.58.43-600x519.jpeg 600w\" sizes=\"(max-width: 600px) 100vw, 600px\" \/><\/a><\/p>\n<p style=\"text-align: center;\"><strong>D. Antonio Robles Lizancos y\u00a0D\u00aa. Maribel L\u00f3pez Mart\u00edn<\/strong><\/p>\n","protected":false},"excerpt":{"rendered":"<p>Tenemos el placer de ofrecerles la \u00faltima informaci\u00f3n por parte de la Asociaci\u00f3n Cultural Alm\u00f2sita, la cual tiene su sede&hellip;<\/p>\n","protected":false},"author":3,"featured_media":30893,"comment_status":"open","ping_status":"open","sticky":false,"template":"","format":"standard","meta":{"om_disable_all_campaigns":false,"_mi_skip_tracking":false,"_monsterinsights_sitenote_active":false,"_monsterinsights_sitenote_note":"","_monsterinsights_sitenote_category":0,"footnotes":""},"categories":[21],"tags":[],"aioseo_notices":[],"_links":{"self":[{"href":"https:\/\/granadacostaglobal.es\/index.php?rest_route=\/wp\/v2\/posts\/30891"}],"collection":[{"href":"https:\/\/granadacostaglobal.es\/index.php?rest_route=\/wp\/v2\/posts"}],"about":[{"href":"https:\/\/granadacostaglobal.es\/index.php?rest_route=\/wp\/v2\/types\/post"}],"author":[{"embeddable":true,"href":"https:\/\/granadacostaglobal.es\/index.php?rest_route=\/wp\/v2\/users\/3"}],"replies":[{"embeddable":true,"href":"https:\/\/granadacostaglobal.es\/index.php?rest_route=%2Fwp%2Fv2%2Fcomments&post=30891"}],"version-history":[{"count":0,"href":"https:\/\/granadacostaglobal.es\/index.php?rest_route=\/wp\/v2\/posts\/30891\/revisions"}],"wp:featuredmedia":[{"embeddable":true,"href":"https:\/\/granadacostaglobal.es\/index.php?rest_route=\/wp\/v2\/media\/30893"}],"wp:attachment":[{"href":"https:\/\/granadacostaglobal.es\/index.php?rest_route=%2Fwp%2Fv2%2Fmedia&parent=30891"}],"wp:term":[{"taxonomy":"category","embeddable":true,"href":"https:\/\/granadacostaglobal.es\/index.php?rest_route=%2Fwp%2Fv2%2Fcategories&post=30891"},{"taxonomy":"post_tag","embeddable":true,"href":"https:\/\/granadacostaglobal.es\/index.php?rest_route=%2Fwp%2Fv2%2Ftags&post=30891"}],"curies":[{"name":"wp","href":"https:\/\/api.w.org\/{rel}","templated":true}]}}