{"id":30845,"date":"2022-01-15T08:39:47","date_gmt":"2022-01-15T08:39:47","guid":{"rendered":"http:\/\/granadacostanacional.es\/?p=30845"},"modified":"2022-01-15T08:39:47","modified_gmt":"2022-01-15T08:39:47","slug":"rafagas-en-el-tiempo","status":"publish","type":"post","link":"https:\/\/granadacostaglobal.es\/?p=30845","title":{"rendered":"R\u00c1FAGAS EN EL TIEMPO"},"content":{"rendered":"<p style=\"text-align: justify;\">\u201c<strong>Iql\u00edm Al-Ushar\u201d: el distrito de la ca\u00f1a de az\u00facar<\/strong><\/p>\n<p style=\"text-align: justify;\">\n<p style=\"text-align: justify;\">Al contrario de la opini\u00f3n bastante extendida, Valle de Lecr\u00edn no significa <em>\u201cValle de la Alegr\u00eda\u201d<\/em>, interpretaci\u00f3n que alarga desde Pedro Antonio de Alarc\u00f3n. Una invenci\u00f3n que nos gustar\u00eda mantener, pero no. As\u00ed Palacios, experto en caracteres \u00e1rabes, dice que Lecr\u00edn significa <em>\u201cdistrito\u201d<\/em> y el nombre completo ser\u00eda <em>\u201cDistrito de la ca\u00f1a de az\u00facar\u201d<\/em>.<\/p>\n<p style=\"text-align: justify;\">Aunque siendo falso en origen, a muchos nos gustar\u00eda seguir pensando que es el Valle de la Alegr\u00eda por sus gentes, sus campos, sus monta\u00f1as, su r\u00edo, sus lagunas. Mires donde mires, nuestro valle es un espect\u00e1culo.<\/p>\n<p style=\"text-align: justify;\">\n<p style=\"text-align: justify;\"><strong>La fr\u00e1gil memoria<\/strong><\/p>\n<p style=\"text-align: justify;\">\n<p style=\"text-align: justify;\">1884 es un a\u00f1o que quedar\u00e1 para siempre en nuestra memoria por el devastador terremoto, que caus\u00f3 terribles da\u00f1os y numerosas v\u00edctimas en Murchas y las Albu\u00f1uelas. Se hundieron el 90% de las casas; hubo 9 muertos y 13 heridos. Pero peor lo pas\u00f3 Albu\u00f1uelas donde el 70% de las casas se colapsaron y el resto sufri\u00f3 graves da\u00f1os con 115 muertos. Todav\u00eda se pueden ver casas inclinadas en consecuencia.<\/p>\n<p style=\"text-align: justify;\">Entonces, en Nig\u00fcelas, los ancianos recuerdan historias de no dormir. En la puerta de la iglesia montaron improvisadas tiendas de campa\u00f1a a base de mantones y subieron descalzos a rezar a la cruz del Zahor; desde entonces, hab\u00eda una procesi\u00f3n que ahora est\u00e1 desaparecida, el primer d\u00eda de Pascua.<\/p>\n<p style=\"text-align: justify;\">Ahora poco queda, ni siquiera en nuestros recuerdos. Lo que tenemos es la historia popular algo tergiversada y de fr\u00e1gil recuerdo.<\/p>\n<p style=\"text-align: justify;\">\n<p style=\"text-align: justify;\"><strong>La pegu\u00e9 porque era m\u00eda<\/strong><\/p>\n<p style=\"text-align: justify;\">\n<p style=\"text-align: justify;\">Menudo refr\u00e1n: incre\u00edble porque nadie pertenece a nadie. Pero lo peor es que los encontramos en cualquier sitio y son completamente normales. Pueden ser estupendos compa\u00f1eros, vecinos, amigos que no puedes figurarte jam\u00e1s que sean maltratadores, pero si conoces a la pareja ya es m\u00e1s f\u00e1cil sospechar algo por c\u00f3mo le habla en muchas casos detr\u00e1s de los malos tratos.<\/p>\n<p style=\"text-align: justify;\">Esta es la droga del desempleo o la marginaci\u00f3n social, pero tambi\u00e9n se da en otras clases sociales m\u00e1s altas y sin estos problemas. \u00bfQu\u00e9 est\u00e1 pasando en nuestra sociedad? \u00bfTenemos que empezar desde peque\u00f1os a educar a nuestros hijos? Los malos tratos han existido siempre, pero las denuncias no. Se consideraba una verg\u00fcenza y deshonor que nadie supiese lo que pasaba en la casa. Claro, esto era aprovechado por el maltratador, que pasaba por una buena persona delante de sus convecinos.<\/p>\n<p style=\"text-align: justify;\">Es un drama, un infierno, vivir con una persona as\u00ed. Nadie merece este castigo. Hay que pedir ayuda y salir del c\u00edrculo vicioso <em>agredir-pedir disculpas<\/em>, ya que cada vez va a m\u00e1s. Por t\u00ed, por tus hijos, por tu dignidad de mujer. Pide ayuda cuando lo necesites.<\/p>\n<p>&nbsp;<\/p>\n<p style=\"text-align: right;\"><strong>Fina L\u00f3pez Mart\u00ednez<\/strong><\/p>\n","protected":false},"excerpt":{"rendered":"<p>\u201cIql\u00edm Al-Ushar\u201d: el distrito de la ca\u00f1a de az\u00facar Al contrario de la opini\u00f3n bastante extendida, Valle de Lecr\u00edn no&hellip;<\/p>\n","protected":false},"author":3,"featured_media":29796,"comment_status":"open","ping_status":"open","sticky":false,"template":"","format":"standard","meta":{"om_disable_all_campaigns":false,"_mi_skip_tracking":false,"_monsterinsights_sitenote_active":false,"_monsterinsights_sitenote_note":"","_monsterinsights_sitenote_category":0,"footnotes":""},"categories":[19],"tags":[],"aioseo_notices":[],"_links":{"self":[{"href":"https:\/\/granadacostaglobal.es\/index.php?rest_route=\/wp\/v2\/posts\/30845"}],"collection":[{"href":"https:\/\/granadacostaglobal.es\/index.php?rest_route=\/wp\/v2\/posts"}],"about":[{"href":"https:\/\/granadacostaglobal.es\/index.php?rest_route=\/wp\/v2\/types\/post"}],"author":[{"embeddable":true,"href":"https:\/\/granadacostaglobal.es\/index.php?rest_route=\/wp\/v2\/users\/3"}],"replies":[{"embeddable":true,"href":"https:\/\/granadacostaglobal.es\/index.php?rest_route=%2Fwp%2Fv2%2Fcomments&post=30845"}],"version-history":[{"count":0,"href":"https:\/\/granadacostaglobal.es\/index.php?rest_route=\/wp\/v2\/posts\/30845\/revisions"}],"wp:featuredmedia":[{"embeddable":true,"href":"https:\/\/granadacostaglobal.es\/index.php?rest_route=\/"}],"wp:attachment":[{"href":"https:\/\/granadacostaglobal.es\/index.php?rest_route=%2Fwp%2Fv2%2Fmedia&parent=30845"}],"wp:term":[{"taxonomy":"category","embeddable":true,"href":"https:\/\/granadacostaglobal.es\/index.php?rest_route=%2Fwp%2Fv2%2Fcategories&post=30845"},{"taxonomy":"post_tag","embeddable":true,"href":"https:\/\/granadacostaglobal.es\/index.php?rest_route=%2Fwp%2Fv2%2Ftags&post=30845"}],"curies":[{"name":"wp","href":"https:\/\/api.w.org\/{rel}","templated":true}]}}