{"id":30817,"date":"2022-01-12T11:35:23","date_gmt":"2022-01-12T11:35:23","guid":{"rendered":"http:\/\/granadacostanacional.es\/?p=30817"},"modified":"2022-01-12T11:35:23","modified_gmt":"2022-01-12T11:35:23","slug":"mas-alla-que-una-campana-el-cuento-cambia-si-tu-lo-cuentas","status":"publish","type":"post","link":"https:\/\/granadacostaglobal.es\/?p=30817","title":{"rendered":"Mas all\u00e1 que una campa\u00f1a&#8230; El cuento cambia si tu lo cuentas"},"content":{"rendered":"<p><strong><a href=\"http:\/\/granadacostanacional.es\/wp-content\/uploads\/2021\/10\/tello.jpg\"><img decoding=\"async\" loading=\"lazy\" class=\"alignnone size-full wp-image-29828 alignleft\" src=\"http:\/\/granadacostanacional.es\/wp-content\/uploads\/2021\/10\/tello.jpg\" alt=\"tello\" width=\"190\" height=\"188\" \/><\/a>JORNADA DE PRESENTACI\u00d3N DE LA CAMPA\u00d1A &#8220;EL CUENTO CAMBIA SI TU LO CUENTAS<\/strong><\/p>\n<p style=\"text-align: justify;\">\u00c9sta es una campa\u00f1a para concienciar sobre la violencia que sufren los ni\u00f1os, ni\u00f1as y adolescentes. Es necesario diferenciar violencia de agresividad. La agresividad es una conducta relacionada con el instinto de vida, pero la violencia es una conducta aprendida que considera al otro como un objeto sobre el que puede ejercer el poder y hacer con \u00e9l o ella lo que quiera. En Espa\u00f1a, la violencia contra la infancia y la adolescencia es una realidad que lamentablemente forma parte de la cotidianidad de miles de ni\u00f1os y ni\u00f1as, que tiene consecuencias importantes que afectan a su esfera f\u00edsica, emocional, conductual y social. Se trata de un problema social y de salud de primer orden, siendo responsabilidad de toda la ciudadan\u00eda contribuir a la protecci\u00f3n a la que tienen derechos ni\u00f1os y ni\u00f1as.<\/p>\n<p style=\"text-align: justify;\">En este contexto desarrollamos la campa\u00f1a \u201c<em><u>EL CUENTO CAMBIA SI T\u00da LO CUENTAS<\/u><\/em>\u201d, una campa\u00f1a de sensibilizaci\u00f3n para informar y prevenir sobre la violencia contra la infancia y la adolescencia. Queremos sensibilizar sobre la necesidad de notificar las situaciones de violencia y acercar los recursos de notificaci\u00f3n a la ciudadan\u00eda. Para cumplir con el objetivo de la campa\u00f1a, la Federaci\u00f3n de Asociaciones para la Prevenci\u00f3n del Maltrato Infantil FAPMI y la Asociaci\u00f3n Catalana por la Infancia Maltratada ACIM han desarrollado una serie de materiales utilizando im\u00e1genes de cuentos cl\u00e1sicos con un final diferente del estereotipado.<\/p>\n<p style=\"text-align: justify;\">Con esta campa\u00f1a lo que se pretende es promover la reflexi\u00f3n de la ciudadan\u00eda en general sobre su papel proactivo en la protecci\u00f3n y defensa de los derechos de la infancia, especialmente el derecho a una vida libre de violencia.\u00a0Los cuentos est\u00e1n relacionados con potenciar el espacio simb\u00f3lico de los ni\u00f1os y ni\u00f1as. Aunque los cuentos tradicionales pueden parecer antiguos, lo cierto es que contin\u00faan siendo v\u00e1lidos tambi\u00e9n actualmente. La <em><u>Caperucita Roja<\/u><\/em> nos habla del bosque que es Internet lleno de lobos que pueden hacer creer a los ni\u00f1os que con quien est\u00e1n conectados son ni\u00f1os como ellos, pero que esconden pederastas muy peligrosos. <em><u>Los tres cerditos<\/u><\/em> nos muestra c\u00f3mo los hermanos se pueden ayudar entre ellos y empoderarse para ser capaces de salir de situaciones de violencia externa.<\/p>\n<p style=\"text-align: justify;\">En <em><u>Hansel y Gretell <\/u><\/em>vemos lo f\u00e1cil que es enga\u00f1ar a los peque\u00f1os, ofreci\u00e9ndoles cosas que les gustan y que pueden ser vividas como buenas, pero tambi\u00e9n c\u00f3mo son capaces de poder sobrevivir a una situaci\u00f3n terrible de secuestro utilizando tanto el ingenio como la solidaridad entre hermanos y los factores de resiliencia. O <em><u>la Cenicienta<\/u><\/em> donde queda claramente mostrado el maltrato dentro de la familia y los factores de protecci\u00f3n externos que podemos encontrar para protegernos y tener otro futuro. El <em><u>Patito Feo<\/u><\/em> nos muestra las dificultades con las que se puede encontrar el diferente y al mismo tiempo es un claro ejemplo de bullying. Y as\u00ed podr\u00edamos seguir, pero no quiero cansarles relatando cuentos.<\/p>\n<p style=\"text-align: justify;\">Esta jornada fue presentada como una mesa redonda <em>one line<\/em>, <strong>coordinada por el Sr. Vicente Mora<\/strong> miembro de la junta de ACIM y en la que participaron:<strong>\u00a0Dra. Carme Tello<\/strong> presidenta de ACIM y presidenta de FAPMI, que planteo como los cuentos pueden adaptarse a las situaciones actuales de riesgo de violencia contra la infancia y adolescencia. Insisti\u00f3 en la necesidad de que los padres expliquen cuentos, desde muy peque\u00f1os a sus hijos e hijas, para mejora tanto las relaciones vinculares como para poder desarrollar la inteligencia emocional y simb\u00f3lica.<\/p>\n<p style=\"text-align: justify;\">\u00a0<strong>Dra. Adoraci\u00f3n Pardial<\/strong>, <em>sindica de greuxes<\/em> (Defensor del pueblo) del ayuntamiento de Lleida, y miembro de ACIM. Nos habl\u00f3 de la nueva ley del menor de junio\/20221 y \u00a0del maltrato derivado de la violencia vicaria sobre los hijos e hijas de esos padres y madres que para hacer da\u00f1o al otro da\u00f1an gravemente a sus hijos.<\/p>\n<p style=\"text-align: justify;\">No hay que olvidar nunca que todas las acciones de los padres y madres deben estar siempre dirigidas al inter\u00e9s superior del ni\u00f1o.\u00a0<strong>Dra. Antonia Castillo,<\/strong> responsable del Aula Hospitalaria del Hospital Arnau de Vilanova de Lleida y miembro de ACIM, desarroll\u00f3 la importancia terap\u00e9utica de los cuentos. Como dec\u00edamos, explicar cuentos favorece el desarrollo de la inteligencia simb\u00f3lica de los ni\u00f1os y ni\u00f1as. Los cuentos facilita que los ni\u00f1os y ni\u00f1as puedan entender el proceso de su enfermedad de una manera l\u00fadica, lo que les ayuda en el proceso de cura. Tambi\u00e9n tenemos que destacar la obra de la Dra. Castillo <em><u>&#8220;Los cuentos de la luna&#8221;<\/u><\/em>, que se pueden leer en su bloc, que son un magnifico instrumento terap\u00e9utico para entender el padecimiento de diferentes enfermedades infantiles.<\/p>\n<p style=\"text-align: justify;\">\u00a0Finalmente intervino el <strong>Dr. Francesc Domingo,<\/strong> pediatra del Centro de Asistencia Primaria de Balaguer, forma parte del grupo del grupo EFE (Equipo Funcional de Especialistas en el tema de malos tratos, negligencia y abusos sexuales) del servicio de Pediatr\u00eda del Hospital Arnau de Vilanona de Lleida y vicepresidente de ACIM. Explic\u00f3 la importancia de los cuentos para dar visibilidad a los malos tratos, negligencia y abusos sexuales. En la biblioteca municipal de Balaguer hay un servicio especializado donde las bibliotecarias han organizado cuentos seg\u00fan las diferentes problem\u00e1ticas con las que se pueden encontrar los ni\u00f1os y ni\u00f1as y adolescentes (<em><u>&#8220;los celos&#8221;, &#8220;nacimiento de un hermano&#8221;, &#8220;Padres se separan&#8221;<\/u><\/em> etc.\u2026).<\/p>\n<p style=\"text-align: justify;\">Insisti\u00f3 en el buen trato de los ni\u00f1os y ni\u00f1as pero tambi\u00e9n en la necesidad del buen trato hacia los padres y madres.\u00a0Como resumen les dir\u00e9 que la campa\u00f1a: <em><u>&#8220;El cuento cambia cuando tu lo cuentas&#8221;<\/u><\/em> tiene como finalidad dar visibilidad a la realidad de la violencia contra la infancia y la adolescencia.<\/p>\n<p style=\"text-align: justify;\">Para ello es muy importante:<\/p>\n<p style=\"text-align: justify;\">1. Aumentar la conciencia social sobre el problema de la violencia contra ni\u00f1os y adolescentes<\/p>\n<p style=\"text-align: justify;\">2. Con la nueva ley del menor de junio de 2021, donde se expone la responsabilidad que tenemos todos de denunciar cualquier tipo de violencia contra ni\u00f1os y adolescentes, es importante responsabilizar a toda la sociedad en materia de protecci\u00f3n de ni\u00f1as, ni\u00f1os y adolescentes .<\/p>\n<p style=\"text-align: justify;\">3. Promover que todos notifiquemos situaciones de malos tratos, negligencia y\/o abusos sexuales<\/p>\n<p style=\"text-align: justify;\">4. Dar visibilidad a la realidad de la violencia contra la infancia y la adolescencia.<\/p>\n<p style=\"text-align: justify;\">5. Facilitar el acceso de ni\u00f1os y adolescentes y de la ciudadan\u00eda en general a los mecanismos de notificaci\u00f3n y denuncia existentes<\/p>\n<p style=\"text-align: justify;\">Esta campa\u00f1a pretende ser un factor de protecci\u00f3n y dar instrumentos a ni\u00f1os, ni\u00f1as y adolescentes para que puedan romper el c\u00edrculo de violencia y victimizaci\u00f3n. No debemos olvidar que los ni\u00f1os y ni\u00f1as tienen la tendencia a imitar la conducta de los adultos, especialmente a sus padres y madres, a partir de la observaci\u00f3n personal y el medio ambiente. Esto puede implicar un riesgo elevado de que se vuelvan a repetir las situaciones de violencia como v\u00edctimas o agresores.<\/p>\n<p style=\"text-align: justify;\">Pero no debemos olvidar a los profesionales que est\u00e1n trabajando con esta poblaci\u00f3n infantil y adolescente. Es muy importante que estos profesionales desarrollen su trabajo en red, ya que es un trabajo que dif\u00edcilmente puede llevarse en soledad. Siempre hablamos de que es b\u00e1sico el trabajo en red, pero muchas veces es imposible llevarlo a cabo por las dificultades inherentes a coordinar diferentes agencias con diferentes perfiles y modos de trabajo.<\/p>\n<p style=\"text-align: justify;\">Como dice Brigg, el trabajo en red es similar a una orquesta sinf\u00f3nica en la que todos los instrumentos son importantes pero el director de la orquesta es el que hace que todos los instrumentos se sincronicen haciendo una gran sinfon\u00eda.\u00a0Otro punto a tener en cuenta cu\u00e1nto hablamos de los profesionales que tienen que dar ayuda a ni\u00f1os y adolescentes que sufren violencia es que hay que cuidar al cuidador. Ellos tambi\u00e9n necesitan ser cuidados para evitar el <em>burnout <\/em>(s\u00edndrome del trabajador quemado).<\/p>\n<p style=\"text-align: justify;\">Por eso me gustar\u00eda acabar con una frase de Nietzche de su obra &#8220;M\u00e1s all\u00e1 del cordero y del mal&#8221;:\u00a0&#8220;Quien con monstruos lucha tenga cuidado de no convertirse a la vez en monstruo. Cuando miras largo tiempo un abismo, tambi\u00e9n \u00e9ste mira dentro de ti&#8221;.<\/p>\n<p style=\"text-align: justify;\">\u00a0Dra. Carme Tello Casany Psic\u00f3loga cl\u00ednica.<\/p>\n<p style=\"text-align: justify;\">Presidenta de la Associaci\u00f3 Catalana per la Inf\u00e0ncia Maltractada ACIMPresidenta de la Federaci\u00f3n de Asociaciones para la Prevenci\u00f3n del Maltrato Infantil FAPMI<\/p>\n","protected":false},"excerpt":{"rendered":"<p>JORNADA DE PRESENTACI\u00d3N DE LA CAMPA\u00d1A &#8220;EL CUENTO CAMBIA SI TU LO CUENTAS \u00c9sta es una campa\u00f1a para concienciar sobre&hellip;<\/p>\n","protected":false},"author":4,"featured_media":30814,"comment_status":"open","ping_status":"open","sticky":false,"template":"","format":"standard","meta":{"om_disable_all_campaigns":false,"_mi_skip_tracking":false,"_monsterinsights_sitenote_active":false,"_monsterinsights_sitenote_note":"","_monsterinsights_sitenote_category":0,"footnotes":""},"categories":[25,35,22,19,30],"tags":[],"aioseo_notices":[],"_links":{"self":[{"href":"https:\/\/granadacostaglobal.es\/index.php?rest_route=\/wp\/v2\/posts\/30817"}],"collection":[{"href":"https:\/\/granadacostaglobal.es\/index.php?rest_route=\/wp\/v2\/posts"}],"about":[{"href":"https:\/\/granadacostaglobal.es\/index.php?rest_route=\/wp\/v2\/types\/post"}],"author":[{"embeddable":true,"href":"https:\/\/granadacostaglobal.es\/index.php?rest_route=\/wp\/v2\/users\/4"}],"replies":[{"embeddable":true,"href":"https:\/\/granadacostaglobal.es\/index.php?rest_route=%2Fwp%2Fv2%2Fcomments&post=30817"}],"version-history":[{"count":0,"href":"https:\/\/granadacostaglobal.es\/index.php?rest_route=\/wp\/v2\/posts\/30817\/revisions"}],"wp:featuredmedia":[{"embeddable":true,"href":"https:\/\/granadacostaglobal.es\/index.php?rest_route=\/wp\/v2\/media\/30814"}],"wp:attachment":[{"href":"https:\/\/granadacostaglobal.es\/index.php?rest_route=%2Fwp%2Fv2%2Fmedia&parent=30817"}],"wp:term":[{"taxonomy":"category","embeddable":true,"href":"https:\/\/granadacostaglobal.es\/index.php?rest_route=%2Fwp%2Fv2%2Fcategories&post=30817"},{"taxonomy":"post_tag","embeddable":true,"href":"https:\/\/granadacostaglobal.es\/index.php?rest_route=%2Fwp%2Fv2%2Ftags&post=30817"}],"curies":[{"name":"wp","href":"https:\/\/api.w.org\/{rel}","templated":true}]}}