{"id":30778,"date":"2022-01-10T16:26:55","date_gmt":"2022-01-10T16:26:55","guid":{"rendered":"http:\/\/granadacostanacional.es\/?p=30778"},"modified":"2022-01-10T16:26:55","modified_gmt":"2022-01-10T16:26:55","slug":"mirada-al-pasado-galduria-la-ciudad-perdida","status":"publish","type":"post","link":"https:\/\/granadacostaglobal.es\/?p=30778","title":{"rendered":"MIRADA AL PASADO GALDURIA (La Ciudad Perdida)"},"content":{"rendered":"<p style=\"text-align: justify;\">Todos los pueblos en las diferentes culturas, tuvieron su ciudad espiritual y referente. Hoy quiero acercarme a un caso que no por ignorado es menos relevante para la historia de Espa\u00f1a y Andaluc\u00eda.<\/p>\n<p style=\"text-align: justify;\">Se trata de la antigua capital de Mastia, aquella citada en fuentes cl\u00e1sicas como la joya de Tartessos, m\u00e1s tarde cuando se produce la ca\u00edda de estos, se consolida como capital de los mastienos-bastetanos, hasta que es ocupada por los cartagineses. Fruto de esta ocupaci\u00f3n militar, el pueblo bastetano emprende un \u00e9xodo, estableci\u00e9ndose en amplias zonas del altiplano granadino y cuenca alta del Guadalquivir, fundando su nueva capital en Basti la actual (Baza). La denominaci\u00f3n de bastienos o bastetanos, surge de las relevantes construcciones de sus murallas defensivas, y de lo majestuoso de sus edificios oficiales, que, por desgracia durante el periplo romano, sus piedras fueron reutilizadas en muchas de sus obras que han llegado hasta nuestros d\u00edas.<\/p>\n<p style=\"text-align: justify;\">Tras la derrota cartaginesa en Sicilia, los cartagineses pierden en gran parte el dominio del Mediterr\u00e1neo. Am\u00edlcar Barca se dirige a la pen\u00ednsula ib\u00e9rica, desligado del control del senado de Cartago, ocupando Mastia y creando sobre ella la nueva ciudad, la que denomina Carthago Nova, convirtiendo esta en el centro de operaciones del Mediterr\u00e1neo. Un lugar estrat\u00e9gico para las operaciones militares, pero sin duda tambi\u00e9n en el control de las rutas comerciales, sobre todo en una zona con abundantes riquezas, en vi\u00f1edos de donde proven\u00eda el nombre de \u201cMastia\u201d (vi\u00f1a en lengua \u00edbera), pero tambi\u00e9n en recursos mineros. La conformaci\u00f3n territorial del pueblo bastetano, se extiende en lo que hoy es gran parte de Andaluc\u00eda, en provincias como Almer\u00eda, Granada y Ja\u00e9n, tambi\u00e9n en otras comunidades entre las que cabe destacar, Murcia, Castilla La Mancha y la Comunidad de Valencia.<\/p>\n<p style=\"text-align: justify;\"><a href=\"http:\/\/granadacostanacional.es\/wp-content\/uploads\/2022\/01\/Baza-la-antigua-Basti.jpg\"><img decoding=\"async\" loading=\"lazy\" class=\"aligncenter wp-image-30780\" src=\"http:\/\/granadacostanacional.es\/wp-content\/uploads\/2022\/01\/Baza-la-antigua-Basti.jpg\" alt=\"Baza, la antigua Basti\" width=\"600\" height=\"338\" srcset=\"https:\/\/granadacostaglobal.es\/wp-content\/uploads\/2022\/01\/Baza-la-antigua-Basti.jpg 600w, https:\/\/granadacostaglobal.es\/wp-content\/uploads\/2022\/01\/Baza-la-antigua-Basti-300x169.jpg 300w\" sizes=\"(max-width: 600px) 100vw, 600px\" \/><\/a><\/p>\n<p style=\"text-align: center;\"><strong>Baza, la antigua Basti<\/strong><\/p>\n<p><strong>Antecedentes:<\/strong><\/p>\n<p style=\"text-align: justify;\">De la existencia de esta ciudad, las primeras citas se remontan al siglo VIII a.c., en ellas se hace menci\u00f3n a las actividades comerciales principalmente vino, con los comerciantes fenicios, precisamente su nombre Mastia, que en \u00edbero quiere decir vi\u00f1a, como ya hemos comentado con anterioridad, nos da una idea de la abundancia de vi\u00f1edos que hubo en esta comarca.<\/p>\n<p style=\"text-align: justify;\">\u00a0Sobre el nombre que se asignaba a este pueblo, tenemos que decir que no es dif\u00edcil que en unas citas aparezca como mastienos y otras como bastienos o bastetanos, referencias cuya autor\u00eda corresponde a los autores greco-romanos, al fin y al cabo, extranjeros.<\/p>\n<p style=\"text-align: justify;\">Entre los primeros cronistas, tenemos al poeta latino Avieno en su obra \u201cOra mar\u00edtima\u201d, en esta obra se recogen las cr\u00f3nicas m\u00e1s antiguas que se conocen sobre la pen\u00ednsula ib\u00e9rica. Tambi\u00e9n en el segundo tratado romano-cartagin\u00e9s, a\u00f1o 348 a.c., aparece el nombre de Mastia Tartes\u00f3n (Mastia de los Tartessos).<\/p>\n<p style=\"text-align: justify;\">\u00a0La invasi\u00f3n de Mastia se produjo alrededor del a\u00f1o 227 a.c., por el general cartagin\u00e9s Asdr\u00fabal el Bello, yerno del general Am\u00edlcar Barca, d\u00e1ndole el nombre de Qart Hadasht, (Ciudad Nueva). Am\u00edlcar Barca (275-228 a.c.), fue un general y estadista cartagin\u00e9s, l\u00edder destacado de la familia B\u00e1rcida y padre de An\u00edbal Asdr\u00fabal y Mag\u00f3n. Fue tambi\u00e9n suegro de Asdr\u00fabal el Bello. El nombre de Am\u00edlcar de origen p\u00fanico-fenicio, cuyo significado es \u201chermano de Melkart\u201d, este nombre era muy com\u00fan entre los hombres de Cartago. El nombre Brg \u00f3 Baraq, significa rayo en lengua p\u00fanica y por lo tanto equivalente al ep\u00edteto \u00f3 sobrenombre Carauno, com\u00fan entre muchos de los comandantes griegos contempor\u00e1neos, este antrop\u00f3nimo se adopta en el \u00e1rabe y hebreo con el mismo significado, pasando a ser un nombre muy com\u00fan en su tiempo. El pueblo bastetano obligado a emprender el \u00e9xodo, se adentra por el altiplano granadino estableciendo su nueva capital en Basti (Baza). Pero como veremos m\u00e1s adelante nunca olvidaron sus or\u00edgenes, y sobre todo su ciudad sagrada arrebatada por la guerra. En historia los desplazamientos forzados, es una constante de la cual somos testigos en la actualidad.<\/p>\n<p style=\"text-align: justify;\"><a href=\"http:\/\/granadacostanacional.es\/wp-content\/uploads\/2022\/01\/Dama-de-Baza.jpg\"><img decoding=\"async\" loading=\"lazy\" class=\"aligncenter wp-image-30781\" src=\"http:\/\/granadacostanacional.es\/wp-content\/uploads\/2022\/01\/Dama-de-Baza.jpg\" alt=\"Dama de Baza\" width=\"600\" height=\"746\" srcset=\"https:\/\/granadacostaglobal.es\/wp-content\/uploads\/2022\/01\/Dama-de-Baza.jpg 798w, https:\/\/granadacostaglobal.es\/wp-content\/uploads\/2022\/01\/Dama-de-Baza-241x300.jpg 241w, https:\/\/granadacostaglobal.es\/wp-content\/uploads\/2022\/01\/Dama-de-Baza-768x955.jpg 768w, https:\/\/granadacostaglobal.es\/wp-content\/uploads\/2022\/01\/Dama-de-Baza-600x746.jpg 600w\" sizes=\"(max-width: 600px) 100vw, 600px\" \/><\/a><\/p>\n<p style=\"text-align: center;\"><strong>Dama de Baza<\/strong><\/p>\n<p><strong>Mastia la ciudad perdida:<\/strong><\/p>\n<p style=\"text-align: justify;\">Con la invasi\u00f3n de su capital, el pueblo bastetano se vio obligado a redise\u00f1ar los l\u00edmites de su nuevo estado como hemos dejado reflejado con anterioridad. Sobre todo, en casis todos los promontorios pr\u00f3ximos a los r\u00edos, establecieron nuevas ciudades muchas de ellas hoy sin apenas referencias, salvo en la toponimia la cual conserva top\u00f3nimos como, Castell\u00f3n, Castillejo entre otros. Las necr\u00f3polis es otro testigo de aquel tiempo, estos enterramientos se hac\u00edan por el sistema de incineraci\u00f3n, que m\u00e1s tarde los huesos depositaban en urnas, de ah\u00ed que muchos lugares aun hoy en d\u00eda son conocidos como \u201cel tejar del moro\u201d, sin duda haciendo referencia a la abundante aparici\u00f3n de fragmentos de urnas funerarias, en los campos de labranza y que asemejan a tejas rotas.<\/p>\n<p style=\"text-align: justify;\">Este pueblo que debe su nombre por sus grandes construcciones, fue un referente que traspaso fronteras, hoy tenemos bastidas no solo por toda la pen\u00ednsula, tambi\u00e9n por el sur de Francia.<\/p>\n<p style=\"text-align: justify;\">El motivo principal de la codicia sobre Mastia, fue por sus importantes recursos mineros de plomo, plata y otros minerales, durante el Alto Imperio Romano Carthago Nova, continu\u00f3 siendo explotada en sus recursos mineros, haciendo trabajar seg\u00fan las citas cl\u00e1sicas a m\u00e1s de 40.000 esclavos, lo que deja de manifiesto la riqueza minera de sus cotos. Pero tambi\u00e9n por ser un importante centro vin\u00edcola, llegando a extenderse su fama por todo el Mediterr\u00e1neo.<\/p>\n<p style=\"text-align: justify;\">Durante el dominio romano, fue considerada la joya m\u00e1s preciada de su imperio, en el a\u00f1o 44 a.c., la ciudad recibe el titulo de colonia bajo la denominaci\u00f3n de \u201cColonia Vrbs Iulia Nova Carthago\u201d (C.V.I.N.C.), formada por ciudadanos de derecho romano. En el a\u00f1o 27, a.c., Augusto decide reorganizar Hispania, de manera que la ciudad fue incluida en la nueva provincia imperial Hispania Tarraconensis.<\/p>\n<p style=\"text-align: justify;\">Durante el \u00e9xodo y en su marcha a los nuevos territorios, fueron dejando una abundante siembra de referencias sobre el nuevo territorio, participando en la fundaci\u00f3n de varias ciudades, entre otras la ciudad de Alba, situada entre Urci y Acci, al oeste de Basti (actual Baza).<\/p>\n<p style=\"text-align: justify;\"><a href=\"http:\/\/granadacostanacional.es\/wp-content\/uploads\/2022\/01\/Danza-bastetana.jpg\"><img decoding=\"async\" loading=\"lazy\" class=\"aligncenter wp-image-30782\" src=\"http:\/\/granadacostanacional.es\/wp-content\/uploads\/2022\/01\/Danza-bastetana.jpg\" alt=\"Danza bastetana\" width=\"600\" height=\"251\" srcset=\"https:\/\/granadacostaglobal.es\/wp-content\/uploads\/2022\/01\/Danza-bastetana.jpg 800w, https:\/\/granadacostaglobal.es\/wp-content\/uploads\/2022\/01\/Danza-bastetana-300x126.jpg 300w, https:\/\/granadacostaglobal.es\/wp-content\/uploads\/2022\/01\/Danza-bastetana-768x322.jpg 768w, https:\/\/granadacostaglobal.es\/wp-content\/uploads\/2022\/01\/Danza-bastetana-600x251.jpg 600w\" sizes=\"(max-width: 600px) 100vw, 600px\" \/><\/a><\/p>\n<p style=\"text-align: center;\"><strong>Danza bastetana<\/strong><\/p>\n<p><strong>La espiritualidad:<\/strong><\/p>\n<p style=\"text-align: justify;\">Con la huida forzada no solo se llevaron las costumbres, sus creencias y divinidades que fueron necesarias para poder soportar las calamidades, que conlleva todo abandono del pueblo de origen.<\/p>\n<p style=\"text-align: justify;\">Una de estas deidades fue la diosa Alba, la que los romanos denominaron \u201cVenus\u201d por su equivalencia con la deidad romana. Alba hija de la diosa madre, figura sagrada en los tiempos antiguos desde el paleol\u00edtico hasta plena Edad del Hierro. La iconograf\u00eda se modific\u00f3 notablemente, con el contacto con los fenicios la escultura adopta rasgos orientales, como podemos ver en la \u201cDama de Baza\u201d, muchos historiadores no la reconocieron como deidad ind\u00edgena, por esta raz\u00f3n por estar acogida a la representaci\u00f3n de la escultura oriental, llegando a catalogarla como si se tratase de la diosa fenicia Astart\u00e9. Sin embargo, el hallazgo de la Dama de Baza, es una representaci\u00f3n bell\u00edsima de la diosa Alba, que nos muestra la tradici\u00f3n de incineraci\u00f3n del pueblo bastetano, y la consideraci\u00f3n de ave sagrada la golondrina, transportadora de las almas del finado al m\u00e1s all\u00e1. (Por cierto aqu\u00ed tambi\u00e9n en este detalle de la mano, tenemos afirmaciones disparatadas, como que lo que guarda en su mano es un pich\u00f3n pero unas manos delicadas y menudas como las que nos muestra esta bella escultura, no puede ser otra que la golondrina, ave sagrada en el pueblo bastetano, todo esto se puede corroborar en las representaciones sobre cer\u00e1mica, del yacimiento de Azaila en Teruel). Otro referente importante a la hora de valorar la iconograf\u00eda religiosa o espiritual, son las damas halladas en el Cerro de los Santos en (Albacete), damas de diverso estilo que denotan las diversas influencias a lo largo de la historia, como ocurre con la Dama de Elche. Intentos de reconquista, por parte del pueblo bastetano una vez asentados en sus nuevos territorios, hubo varios intentos de tratar de reconquistar su territorio perdido, incluyendo su capital Mastia que, como quedo reflejado a lo largo de la historia todos ellos frustrados. Pero uno de estos intentos quedo perfectamente documentado, por ser en el cual Am\u00edlcar perdi\u00f3 la vida en dicha batalla, siendo su hijo An\u00edbal Barca el que tomo la jefatura y el gobierno. Los cronistas no se ponen de acuerdo, sobre el lugar exacto donde se produjo la muerte de Am\u00edlcar Barca. Las dudas surgen con el nombre de la ciudad donde se desarroll\u00f3 la batalla, esta batalla pasa a la historia con el nombre de \u201cBatalla de Ilice\u201d (Elche). Resulta dif\u00edcil pensar en el actual Elche alicantino, este top\u00f3nimo fue abundante en aquel tiempo, pero si aplicamos la l\u00f3gica hist\u00f3rica, lo m\u00e1s f\u00e1cil es que dicho acontecimiento b\u00e9lico, tuviese lugar dentro del territorio bastetano, centrando toda probabilidad sobre el actual Elche de la Sierra, ubicado dentro de la actual provincia de Albacete. En estos momentos parece reinar el acuerdo entre los historiadores, acordando que el lugar es el Ilice albacete\u00f1o.\u00a0 Es importante se\u00f1alar que en la vieja Mastia, fue donde An\u00edbal preparo un ej\u00e9rcito, el m\u00e1s poderoso hasta entonces conocido y lo suficientemente armado para enfrentarse a los romanos. Qart Hadasht que era como paso a llamarse Mastia, de este lugar parti\u00f3 la famosa expedici\u00f3n con rumbo a Italia de An\u00edbal a lomos de elefantes y que atravesar\u00eda los Alpes en el a\u00f1o 218 a. c.<\/p>\n<p style=\"text-align: justify;\"><a href=\"http:\/\/granadacostanacional.es\/wp-content\/uploads\/2022\/01\/J\u00f3dar.Inscripcion-Iberolatina-actualidad.jpg\"><img decoding=\"async\" loading=\"lazy\" class=\"aligncenter size-large wp-image-30783\" src=\"http:\/\/granadacostanacional.es\/wp-content\/uploads\/2022\/01\/J\u00f3dar.Inscripcion-Iberolatina-actualidad-1024x768.jpg\" alt=\"J\u00f3dar.Inscripcion Iberolatina actualidad\" width=\"1024\" height=\"768\" \/><\/a><\/p>\n<p style=\"text-align: center;\">J\u00f3dar. Inscripcion Iberolatina actualidad<\/p>\n<p style=\"text-align: justify;\">Un descubrimiento clave, el hallazgo de una estela con epigraf\u00eda ibero-latina, en la ciudad jienense de J\u00f3dar, fue de suma importancia por dos razones, la primera la de descubrir que el pueblo bastetano dejaba plasmada su historia en la antroponimia, asignando nombre entre sus mujeres con el nombre de Galduria, que en ibero quiere decir Galdu=perdida e Iria= ciudad por lo cual la etimolog\u00eda seria \u201cLa ciudad perdida, clara referencia a Mastia la ciudad sagrada del pueblo bastetano, en cuanto a la segunda gran raz\u00f3n es la de conocer su procedencia, un Oppidum asentado junto al r\u00edo Gandulilla, (actual Jandulilla), es posible que este r\u00edo tomase el nombre de la ciudad, que su nombre en lengua ibera quiere decir \u201cCiudad de la Bruma\u201d. Desgraciadamente a esta estela no se le ha concedido la importancia que merece, es justo reconocer que en J\u00f3dar se le ha reconocido, hasta el punto de aplicar el gentilicio de galdurienses a sus vecinos. Pero teniendo en cuenta que forma parte de los muros exteriores de la iglesia parroquial, es preocupante su conservaci\u00f3n expuesta a los rigores climatol\u00f3gicos. Los dos grandes descubrimientos en territorio andaluz, sobre el pasado ibero el primero es la Dama de Baza (Granada) y el segundo la estela de J\u00f3dar (Ja\u00e9n). Considero que es necesario una puesta en valor una ruta bastetana, de car\u00e1cter tur\u00edstico cultural como ya existe con la ruta nazar\u00ed, el pasado hist\u00f3rico de esta gran parte de Andaluc\u00eda lo merece al mismo tiempo formar\u00eda parte de un recurso de m\u00e1ximo inter\u00e9s para muchos visitantes, no olvidemos que la cultura de este pueblo, comenzando por su lengua, vehicular y recurrente en una buena parte de la actual Europa, dejo una siembra de infinidad de top\u00f3nimos \u00edberos entre ellos las bastidas.<\/p>\n<p>&nbsp;<\/p>\n<p><a href=\"http:\/\/granadacostanacional.es\/wp-content\/uploads\/2022\/01\/Vista-de-J\u00f3dar.jpg\"><img decoding=\"async\" loading=\"lazy\" class=\"size-large wp-image-30784\" src=\"http:\/\/granadacostanacional.es\/wp-content\/uploads\/2022\/01\/Vista-de-J\u00f3dar-1024x768.jpg\" alt=\"OLYMPUS DIGITAL CAMERA\" width=\"1024\" height=\"768\" \/><\/a><\/p>\n<p style=\"text-align: center;\"><strong>Vista de J\u00f3dar<\/strong><\/p>\n<p><strong>Conclusiones:<\/strong><\/p>\n<p style=\"text-align: justify;\">En la larga historia del pueblo bastetano, tenemos un gran relato que nos dejaron escrito, la estela con inscripci\u00f3n ibero-latina, hallada en la ciudad jienense de J\u00f3dar, que nos habla de un amor al mismo tiempo que la eterna nostalgia por la p\u00e9rdida de su capital sagrada Mastia. Pero la relaci\u00f3n de este pueblo con gran parte de lo que hoy es la actual Andaluc\u00eda, la tenemos en el establecimiento de su nueva capital en lo que hoy es Baza, nombre derivado de la vieja Basti. Para un historiador volcado en la investigaci\u00f3n, el descubrimiento y esclarecimiento de un mensaje escrito como es el de la estela de J\u00f3dar, es una recompensa que colma de satisfacci\u00f3n, ante los cientos de horas invertidas en diversos trabajos, sin resultado alguno. Ilusionado por este logro, quise dejar constancia en una herramienta de utilizaci\u00f3n diaria, el correo electr\u00f3nico, es por esta raz\u00f3n que mi correo \u201cescrigalduria\u201d es una composici\u00f3n de las primeras letras de mi apellido, escribano y Galduria, que en \u00edbero quiere decir, galdu= perdida e iria=ciudad. Sin embargo este hallazgo en principio conocido y descubierto hace d\u00e9cadas, no ha sido suficientemente valorado, no as\u00ed por los ciudadanos de J\u00f3dar que lo acogieron de tal forma que hoy son mayor\u00eda los que lo utilizan como gentilicio, no dudando en llamarse \u201cgaldurienses\u201d. En geolog\u00eda est\u00e1 muy claro que las piedras nos hablan del pasado de la tierra, en historia con frecuencia tambi\u00e9n vemos como las piedras de diversas construcciones, fueron siendo reutilizadas para construir edificios de inter\u00e9s en culturas posteriores. En el caso que nos ocupa ocurri\u00f3 algo as\u00ed, esta piedra grabada formo parte de las murallas del Oppidum bastetano de Gandulilla, m\u00e1s tarde en \u00e9poca musulm\u00e1n, se reutiliz\u00f3 en la construcci\u00f3n del castillo de Saudar y con posterioridad, contribuyo a formar parte de las murallas de la iglesia parroquial de J\u00f3dar y anterior mezquita. (En estos momentos cualquier visitante puede observarla en el muro exterior de lo que dentro de la parroquia es la capilla de San Jos\u00e9).<\/p>\n<p style=\"text-align: justify;\">\n<p style=\"text-align: right;\"><strong>Jos\u00e9 Mar\u00eda Escribano Mu\u00f1oz<\/strong><\/p>\n<p style=\"text-align: right;\"><strong>Hendaya-Francia<\/strong><\/p>\n","protected":false},"excerpt":{"rendered":"<p>Todos los pueblos en las diferentes culturas, tuvieron su ciudad espiritual y referente. Hoy quiero acercarme a un caso que&hellip;<\/p>\n","protected":false},"author":3,"featured_media":19090,"comment_status":"open","ping_status":"open","sticky":false,"template":"","format":"standard","meta":{"om_disable_all_campaigns":false,"_mi_skip_tracking":false,"_monsterinsights_sitenote_active":false,"_monsterinsights_sitenote_note":"","_monsterinsights_sitenote_category":0,"footnotes":""},"categories":[21],"tags":[],"aioseo_notices":[],"_links":{"self":[{"href":"https:\/\/granadacostaglobal.es\/index.php?rest_route=\/wp\/v2\/posts\/30778"}],"collection":[{"href":"https:\/\/granadacostaglobal.es\/index.php?rest_route=\/wp\/v2\/posts"}],"about":[{"href":"https:\/\/granadacostaglobal.es\/index.php?rest_route=\/wp\/v2\/types\/post"}],"author":[{"embeddable":true,"href":"https:\/\/granadacostaglobal.es\/index.php?rest_route=\/wp\/v2\/users\/3"}],"replies":[{"embeddable":true,"href":"https:\/\/granadacostaglobal.es\/index.php?rest_route=%2Fwp%2Fv2%2Fcomments&post=30778"}],"version-history":[{"count":0,"href":"https:\/\/granadacostaglobal.es\/index.php?rest_route=\/wp\/v2\/posts\/30778\/revisions"}],"wp:featuredmedia":[{"embeddable":true,"href":"https:\/\/granadacostaglobal.es\/index.php?rest_route=\/"}],"wp:attachment":[{"href":"https:\/\/granadacostaglobal.es\/index.php?rest_route=%2Fwp%2Fv2%2Fmedia&parent=30778"}],"wp:term":[{"taxonomy":"category","embeddable":true,"href":"https:\/\/granadacostaglobal.es\/index.php?rest_route=%2Fwp%2Fv2%2Fcategories&post=30778"},{"taxonomy":"post_tag","embeddable":true,"href":"https:\/\/granadacostaglobal.es\/index.php?rest_route=%2Fwp%2Fv2%2Ftags&post=30778"}],"curies":[{"name":"wp","href":"https:\/\/api.w.org\/{rel}","templated":true}]}}