{"id":30728,"date":"2022-01-04T15:43:42","date_gmt":"2022-01-04T15:43:42","guid":{"rendered":"http:\/\/granadacostanacional.es\/?p=30728"},"modified":"2022-01-04T15:43:42","modified_gmt":"2022-01-04T15:43:42","slug":"la-muneca-bibona-a-toda-costa","status":"publish","type":"post","link":"https:\/\/granadacostaglobal.es\/?p=30728","title":{"rendered":"La mu\u00f1eca \u201cBIBONA\u201d \u2013 A TODA COSTA"},"content":{"rendered":"<h2 style=\"text-align: center;\"><strong>El p\u00e1lpito de las noches previas al d\u00eda de \u201cReyes\u201d se notaba pr\u00f3ximo<\/strong><\/h2>\n<p style=\"text-align: justify;\">Las calles rebosan de gente entregada a la sociedad de consumo. Las luces del centro de la ciudad resplandecen con un fulgor inusual y los escaparates est\u00e1n m\u00e1s repletos y opulentos que el resto del a\u00f1o<\/p>\n<p style=\"text-align: justify;\">El rugir de los motores, la impertinencia del claxon de un conductor nervioso, las escandalosas puertas de los autobuses, conformaban el bullicio urbano que se filtraba por plazuelas, esquinas y recodos.<\/p>\n<p style=\"text-align: justify;\">Un paseante poco habitual del centro de la urbe, pateaba aquella zona con deportivas desgastadas y su vaquero ra\u00eddo.<\/p>\n<p style=\"text-align: justify;\">Llevaba de la mano a una ni\u00f1a de seis a\u00f1os. Su hija.<\/p>\n<p style=\"text-align: justify;\">Ante un escaparate detuvieron su recorrido para ver a la mu\u00f1eca <strong>\u201cBIBONA\u201d<\/strong> \u2013 a la cr\u00eda le temblaban las manos de gozo -, su padre lo percibi\u00f3.<\/p>\n<p style=\"text-align: justify;\">Era la misma <strong>\u201cBIBONA\u201d,<\/strong> que ella ve\u00eda por la televisi\u00f3n una y otra vez en los \u201cspots\u201d publicitarios.<\/p>\n<p style=\"text-align: justify;\">La que lloraba si le apretabas la barriguita o sonre\u00eda al oprimirle la nariz. \u00a1Estaba all\u00ed! con su rostro invariable y en sus mejillas un exultante rojo carmes\u00ed.<\/p>\n<p style=\"text-align: justify;\">Tirando del brazo de su padre lo arrastr\u00f3 al interior de la tienda, preguntaron el precio, \u00a1Era cara la endiablada mu\u00f1eca!, ten\u00eda que pagarse el marketing.<\/p>\n<p style=\"text-align: justify;\"><a href=\"http:\/\/granadacostanacional.es\/wp-content\/uploads\/2022\/01\/final-reyes-magos.jpg\"><img decoding=\"async\" loading=\"lazy\" class=\"aligncenter size-large wp-image-30729\" src=\"http:\/\/granadacostanacional.es\/wp-content\/uploads\/2022\/01\/final-reyes-magos-822x1024.jpg\" alt=\"final-reyes-magos\" width=\"822\" height=\"1024\" srcset=\"https:\/\/granadacostaglobal.es\/wp-content\/uploads\/2022\/01\/final-reyes-magos-822x1024.jpg 822w, https:\/\/granadacostaglobal.es\/wp-content\/uploads\/2022\/01\/final-reyes-magos-241x300.jpg 241w, https:\/\/granadacostaglobal.es\/wp-content\/uploads\/2022\/01\/final-reyes-magos-768x957.jpg 768w, https:\/\/granadacostaglobal.es\/wp-content\/uploads\/2022\/01\/final-reyes-magos-1232x1536.jpg 1232w, https:\/\/granadacostaglobal.es\/wp-content\/uploads\/2022\/01\/final-reyes-magos-1643x2048.jpg 1643w, https:\/\/granadacostaglobal.es\/wp-content\/uploads\/2022\/01\/final-reyes-magos-600x748.jpg 600w, https:\/\/granadacostaglobal.es\/wp-content\/uploads\/2022\/01\/final-reyes-magos.jpg 2000w\" sizes=\"(max-width: 822px) 100vw, 822px\" \/><\/a><\/p>\n<p style=\"text-align: justify;\">Le ense\u00f1aron otras mucho m\u00e1s econ\u00f3micas que hac\u00edan lo mismo y tambi\u00e9n pip\u00ed y hasta se les pod\u00eda peinar su dorado cabello de fibra.<\/p>\n<p style=\"text-align: justify;\">Pero claro no era la <strong>\u201cBIBONA\u201d<\/strong> de la \u201ctele\u201d.<\/p>\n<p style=\"text-align: justify;\">La ni\u00f1a tajante rechaz\u00f3 cualquier otra y el padre tuvo que prometerle que los \u201cReyes Magos de Oriente\u201d se la traer\u00edan en la noche del cinco al seis de enero.<\/p>\n<p style=\"text-align: justify;\">La econom\u00eda de la familia era modesta y la actual crisis y paro laboral tambi\u00e9n les hab\u00eda ara\u00f1ado, el padre empez\u00f3 a odiar la tele. \u00bfPor qu\u00e9 gastar tanto por esa mu\u00f1eca, si las otras costaban menos?<\/p>\n<p style=\"text-align: justify;\">Cabalgata de Reyes, calles repletas de un gent\u00edo colosal, carrozas, pajes, luz, colorido, unos caramelos caen cerca la ni\u00f1a, se inclina a recogerlos, levanta la cabeza y ve cerca a Melchor, luego a Gaspar y por \u00faltimo a Baltasar, estaban all\u00ed y tra\u00edan muchos paquetes, se acostar\u00eda pronto, dormir\u00eda tranquila, hab\u00eda puesto su calzado en el balc\u00f3n y los Reyes eran muy buenos.<\/p>\n<p style=\"text-align: center;\">*\u00a0 *\u00a0 *\u00a0 *\u00a0 *<\/p>\n<p style=\"text-align: justify;\">Sobre los zapatos de la peque\u00f1a un gran paquete: dentro <strong>\u201cBIBONA\u201d.<\/strong> Unos ojos como platos en la cr\u00eda. En otros ojos, un tenue velo producido por unas incipientes l\u00e1grimas de emoci\u00f3n.<\/p>\n<p style=\"text-align: justify;\">La publicidad machacona, el consumismo, seguir\u00e1 a\u00f1o tras a\u00f1o su camino y los padres continuar\u00e1n siendo padrazos a pesar de que en la mesa no tengan pavo relleno, ni rosc\u00f3n, <strong>solo sopa de sobre y suced\u00e1neo de turr\u00f3n.<\/strong><\/p>\n<p style=\"text-align: right;\"><strong>Francisco Ponce Carrasco<\/strong><\/p>\n","protected":false},"excerpt":{"rendered":"<p>El p\u00e1lpito de las noches previas al d\u00eda de \u201cReyes\u201d se notaba pr\u00f3ximo Las calles rebosan de gente entregada a&hellip;<\/p>\n","protected":false},"author":3,"featured_media":24452,"comment_status":"open","ping_status":"open","sticky":false,"template":"","format":"standard","meta":{"om_disable_all_campaigns":false,"_mi_skip_tracking":false,"_monsterinsights_sitenote_active":false,"_monsterinsights_sitenote_note":"","_monsterinsights_sitenote_category":0,"footnotes":""},"categories":[30],"tags":[],"aioseo_notices":[],"_links":{"self":[{"href":"https:\/\/granadacostaglobal.es\/index.php?rest_route=\/wp\/v2\/posts\/30728"}],"collection":[{"href":"https:\/\/granadacostaglobal.es\/index.php?rest_route=\/wp\/v2\/posts"}],"about":[{"href":"https:\/\/granadacostaglobal.es\/index.php?rest_route=\/wp\/v2\/types\/post"}],"author":[{"embeddable":true,"href":"https:\/\/granadacostaglobal.es\/index.php?rest_route=\/wp\/v2\/users\/3"}],"replies":[{"embeddable":true,"href":"https:\/\/granadacostaglobal.es\/index.php?rest_route=%2Fwp%2Fv2%2Fcomments&post=30728"}],"version-history":[{"count":0,"href":"https:\/\/granadacostaglobal.es\/index.php?rest_route=\/wp\/v2\/posts\/30728\/revisions"}],"wp:featuredmedia":[{"embeddable":true,"href":"https:\/\/granadacostaglobal.es\/index.php?rest_route=\/"}],"wp:attachment":[{"href":"https:\/\/granadacostaglobal.es\/index.php?rest_route=%2Fwp%2Fv2%2Fmedia&parent=30728"}],"wp:term":[{"taxonomy":"category","embeddable":true,"href":"https:\/\/granadacostaglobal.es\/index.php?rest_route=%2Fwp%2Fv2%2Fcategories&post=30728"},{"taxonomy":"post_tag","embeddable":true,"href":"https:\/\/granadacostaglobal.es\/index.php?rest_route=%2Fwp%2Fv2%2Ftags&post=30728"}],"curies":[{"name":"wp","href":"https:\/\/api.w.org\/{rel}","templated":true}]}}