{"id":30726,"date":"2022-01-03T18:26:16","date_gmt":"2022-01-03T18:26:16","guid":{"rendered":"http:\/\/granadacostanacional.es\/?p=30726"},"modified":"2022-01-03T18:26:16","modified_gmt":"2022-01-03T18:26:16","slug":"para-ahorrar-carburantes","status":"publish","type":"post","link":"https:\/\/granadacostaglobal.es\/?p=30726","title":{"rendered":"PARA AHORRAR CARBURANTES"},"content":{"rendered":"<p style=\"text-align: justify;\"><strong>En<\/strong> estos d\u00edas del mes de diciembre iba yo con mi nieto a hacer unas compras por la zona de la \u201cPaloma\u201d de Almu\u00f1ecar cuando vimos a un hombre que daba fuertes y continuas patadas a las ruedas de una furgoneta all\u00ed aparcada. Nos quedamos unos momentos observ\u00e1ndolo y cuando se cansaba de dar patadas a las ruedas la emprend\u00eda a pu\u00f1etazos con las puertas y de vez en cuando alg\u00fan cabezazo tambi\u00e9n. Se le ve\u00eda francamente cabreado. Cuando estuvimos cerca de \u00e9l nos dimos cuenta que era conocido y entonces le pregunt\u00e9 qu\u00e9 le pasaba. Aquel hombre con una rabia que le sal\u00eda por todos los poros me dice: \u00bfQu\u00e9 me pasa, qu\u00e9 me pasa? Estas patadas que le estoy dando a la furgoneta se las dar\u00eda yo en cierto sitio a los que han puesto estos precios a los carburantes, a la luz, los impuestos y\u2026 a todos los que consienten esta terrible dictadura que es este Gobierno, que se llama democr\u00e1tico y progresista.<\/p>\n<p style=\"text-align: justify;\">\u00a0\u00a0\u00a0\u00a0\u00a0\u00a0\u00a0\u00a0 Mi negocio que es una tienda de comestibles donde trabajamos una empleada, mi mujer y yo en r\u00e9gimen de aut\u00f3nomo, lo cerramos en este mes porque todo se va en gastos. Los labradores locales y de la comarca a los que yo les compraba las hortalizas, frutas y otros productos han dejado de sembrar porque no les compensa, pues todo se va en la subida de impuestos. Por tanto tengo que alejarme de la zona para las compras y eso supone incrementar mucho m\u00e1s los gastos. Por ejemplo las patatas que ahora comemos vienen de Francia, de Holanda, que salen m\u00e1s baratas que criarlas aqu\u00ed; las frutas de Marruecos, y as\u00ed en todo lo dem\u00e1s. Este Gobierno no trae m\u00e1s que ruina. Nos agobian con impuestos, con la subida de los carburantes, la luz y sin ninguna ayuda. Y ante esta situaci\u00f3n, \u00bfQu\u00e9 hacen los sindicatos, la patronal, la oposici\u00f3n? Todos tan bien pagados por los ciudadanos. Consienten toda clase de despilfarros y, sin embargo, el tejido productivo arruin\u00e1ndose. Dentro de poco todos seremos esclavos del padrecito Estado y \u00e9ste nos dar\u00e1 una paguita si nos portamos bien. Y ante esta situaci\u00f3n todos callando, porque estamos aborregados, sumisos, con miedo, pues ya estamos en un pa\u00eds comunista.<\/p>\n<p style=\"text-align: justify;\">\u00a0\u00a0\u00a0\u00a0\u00a0\u00a0\u00a0\u00a0 En mi casa ya para no pasar fr\u00edo este invierno mi mujer ha rescatado el antiguo brasero, el que se pon\u00eda debajo de la mesa camilla con ascuas y alg\u00fan carboncillo; y el antiguo y desechado rinc\u00f3n de le\u00f1a ya est\u00e1 funcionando para calentarnos y para guisar, pues el gasto el\u00e9ctrico ya s\u00f3lo queda para los ricos. Y por si acaso le he dicho que limpie y prepare el hornillo de petr\u00f3leo.<\/p>\n<p style=\"text-align: justify;\">As\u00ed que en Espa\u00f1a seg\u00fan el Presidente S\u00e1nchez hemos progresado y alcanzado un alto nivel de bienestar. El que verdaderamente ha progresado es \u00e9l y su Vicepresidente, (miremos a Galapagar) ministros, etc. Todos se mueven el Falcon y en helic\u00f3ptero que todos le pagamos, y despu\u00e9s el Sr. Presidente muy compungido y a la vez engolado habla sobre el <strong>cambio clim\u00e1tico<\/strong> al que hay que ponerle freno, y la necesidad de que vayamos a pie o en burro todos los dem\u00e1s.<\/p>\n<p style=\"text-align: justify;\">\u00a0\u00a0 Nos alejamos de all\u00ed sin decir nada ante la desgraciada situaci\u00f3n de aquel trabajador, no cab\u00eda ninguna palabra de est\u00edmulo. Fue entonces cuando expuse a mi nieto aquella idea a la que llevaba tiempo d\u00e1ndole vueltas en mi cabeza desde que aparecieron aquellas voces de la <strong>ecolog\u00eda<\/strong> y despu\u00e9s los pol\u00edticos de todos los colores y gobiernos del mundo anunciando las pr\u00f3ximas cat\u00e1strofes debidas al cambio clim\u00e1tico y al que hay que echarle un pulso. Despu\u00e9s de sonadas reuniones, buenos prop\u00f3sitos, gran publicidad y a la vez un <strong>enorme gasto de energ\u00eda contaminante<\/strong> se van muy satisfechos para volver al a\u00f1o siguiente a otro lugar a repetir las mismas soflamas, olvidando que el principio elemental de la ecolog\u00eda es: no ensuciar. Y ellos son los que m\u00e1s ensucian y contaminan.<\/p>\n<p style=\"text-align: justify;\">\u00a0\u00a0\u00a0\u00a0\u00a0\u00a0\u00a0\u00a0 Pues bien, mi idea para no ensuciar y no contaminar en todos los medios de transporte (autom\u00f3viles, camiones, barcos, trenes, etc) poner placas solares en los techos, puertas y en cualquier parte en la que se pueda aprovechar la energ\u00eda solar que se acumular\u00eda en bater\u00edas, tal y como se hace en la actualidad con el coche el\u00e9ctrico. De esta manera podr\u00eda disponer de dos o m\u00e1s sistemas de producci\u00f3n y almacenamiento de energ\u00eda que funcionar\u00edan juntos o de forma independiente adapt\u00e1ndose a las circunstancias de las marchas, de la carga y del terreno por donde se circula.<\/p>\n<p style=\"text-align: justify;\">\u00a0 Otro sistema no contaminante que se podr\u00eda aplicar es el <strong>E\u00d3LICO <\/strong>que funcionar\u00eda de d\u00eda y de noche, con sol y nublado mediante dispositivos que aprovechasen la energ\u00eda que produce el veh\u00edculo en su movimiento.<\/p>\n<p style=\"text-align: justify;\">Con el aprovechamiento de todos estos medios de energ\u00eda limpia, segura, no contaminante y barata estar\u00edamos en verdadero progreso.<\/p>\n<p style=\"text-align: justify;\">\u00a0\u00a0\u00a0\u00a0\u00a0\u00a0\u00a0\u00a0 Como todo lo expuesto era s\u00f3lo una idea, he tenido ocasi\u00f3n de consultarlo con un ingeniero aeron\u00e1utico amigo y su respuesta ha sido un S\u00cd rotundo. \u00bfEntonces por qu\u00e9 no se hace? El ingeniero continu\u00f3: llevarlo a cabo es simple y barato, pero si esto se hiciera se producir\u00eda un enorme cambio en la pol\u00edtica, en la econom\u00eda, en la sociedad, porque hay muchos intereses. Es un tema largo que da para mucho. De momento piensa s\u00f3lo en Espa\u00f1a \u00bfcu\u00e1ntos miles de millones se lleva el Estado de los carburantes y ahora de la luz?<\/p>\n<p style=\"text-align: justify;\">\u00a0\u00a0Efectivamente, con los carburantes y la luz estamos pagando a todos los pol\u00edticos con cargos y sin cargos, sindicatos, asociaciones, fundaciones y otros muchos inventos, y a toda esa caterva que comen sin trabajar pero s\u00ed tienen voto. Si se pusiera en marcha esa idea de producci\u00f3n energ\u00e9tica los gobiernos de turno se ver\u00edan en un gran aprieto. No obstante, mantenemos abierta la ventana de la esperanza para que a Espa\u00f1a la gobiernen pol\u00edticos honrados, preparados y responsables. En tanto eso llega me acojo a las palabras del pintor Chagall: \u201cMientras tengamos vida, debemos pintarla con nuestros propios colores del amor y la esperanza\u201d.<\/p>\n<p style=\"text-align: justify;\">\n<p style=\"text-align: right;\"><strong>Jos\u00e9 Antonio Bustos<\/strong><\/p>\n","protected":false},"excerpt":{"rendered":"<p>En estos d\u00edas del mes de diciembre iba yo con mi nieto a hacer unas compras por la zona de&hellip;<\/p>\n","protected":false},"author":3,"featured_media":16054,"comment_status":"open","ping_status":"open","sticky":false,"template":"","format":"standard","meta":{"om_disable_all_campaigns":false,"_mi_skip_tracking":false,"_monsterinsights_sitenote_active":false,"_monsterinsights_sitenote_note":"","_monsterinsights_sitenote_category":0,"footnotes":""},"categories":[30],"tags":[],"aioseo_notices":[],"_links":{"self":[{"href":"https:\/\/granadacostaglobal.es\/index.php?rest_route=\/wp\/v2\/posts\/30726"}],"collection":[{"href":"https:\/\/granadacostaglobal.es\/index.php?rest_route=\/wp\/v2\/posts"}],"about":[{"href":"https:\/\/granadacostaglobal.es\/index.php?rest_route=\/wp\/v2\/types\/post"}],"author":[{"embeddable":true,"href":"https:\/\/granadacostaglobal.es\/index.php?rest_route=\/wp\/v2\/users\/3"}],"replies":[{"embeddable":true,"href":"https:\/\/granadacostaglobal.es\/index.php?rest_route=%2Fwp%2Fv2%2Fcomments&post=30726"}],"version-history":[{"count":0,"href":"https:\/\/granadacostaglobal.es\/index.php?rest_route=\/wp\/v2\/posts\/30726\/revisions"}],"wp:featuredmedia":[{"embeddable":true,"href":"https:\/\/granadacostaglobal.es\/index.php?rest_route=\/"}],"wp:attachment":[{"href":"https:\/\/granadacostaglobal.es\/index.php?rest_route=%2Fwp%2Fv2%2Fmedia&parent=30726"}],"wp:term":[{"taxonomy":"category","embeddable":true,"href":"https:\/\/granadacostaglobal.es\/index.php?rest_route=%2Fwp%2Fv2%2Fcategories&post=30726"},{"taxonomy":"post_tag","embeddable":true,"href":"https:\/\/granadacostaglobal.es\/index.php?rest_route=%2Fwp%2Fv2%2Ftags&post=30726"}],"curies":[{"name":"wp","href":"https:\/\/api.w.org\/{rel}","templated":true}]}}