{"id":30719,"date":"2022-01-03T16:22:51","date_gmt":"2022-01-03T16:22:51","guid":{"rendered":"http:\/\/granadacostanacional.es\/?p=30719"},"modified":"2022-01-03T16:22:51","modified_gmt":"2022-01-03T16:22:51","slug":"la-cultura-como-clave-para-mejorar-el-mundo","status":"publish","type":"post","link":"https:\/\/granadacostaglobal.es\/?p=30719","title":{"rendered":"La Cultura como clave para mejorar el mundo"},"content":{"rendered":"<p style=\"text-align: justify;\">Como introducci\u00f3n, al tema que nos ocupa: la cultura como clave para transformar y mejorar el mundo, es la capacidad de transmitir y hacer uso de conocimientos e ideas para el desarrollo de la sociedad, es lo que diferencia a los humanos del resto de animales. Sin embargo, creo que flaco favor se le hace al fortalecimiento de una cultura condicionada a la gesti\u00f3n \u00fanica de un gobierno y sus t\u00e9cnicos si son excluyentes; aunque la mayor\u00eda de pensadores y fil\u00f3sofos de la historia est\u00e1n de acuerdo en que la cultura es absolutamente necesaria para el progreso, muchos de nuestros gobernantes la toman como \u00fanica herramienta de entretenimiento, y es partidista, se apoya s\u00f3lo si interesa para los fines de un partido; cuando es algo que no deber\u00eda estar re\u00f1ida con las ideolog\u00edas, porque Cervantes o Lorca puede llegar tanto a un conservador como a un progresista. Asimismo, la cultura es la memoria del pueblo, la conciencia colectiva de la continuidad hist\u00f3rica, el modo de pensar y de vivir. Al carro de la cultura espa\u00f1ola le falta la rueda de la ciencia seg\u00fan dir\u00eda Santiago Ram\u00f3n y Cajal, y yo dir\u00eda que lo que le falta es el acervo de la formaci\u00f3n y de una felicidad o bienestar que deber\u00edamos compartir. En este sentido, en cuestiones de cultura y de saber, s\u00f3lo se pierde lo que se guarda y no se convive; s\u00f3lo se gana lo que se da, dir\u00eda Machado, nunca pierde el destinatario, al que se le intenta transmitir sin color ni ideolog\u00edas. De esta manera, se elimina los controles o manipulaci\u00f3n pues se debe poner s\u00f3lo \u00e9nfasis en la gratificaci\u00f3n por el desempe\u00f1o del arte, proceda de donde proceda.<\/p>\n<p style=\"text-align: justify;\">As\u00ed pues, para mejorar a la humanidad\u00a0 y la transparencia de nuestro sentir y pensamiento, la cultura beneficia el desarrollo y bienestar de las personas como indicadores claves para medir aspectos de la gesti\u00f3n p\u00fablica y de la libertad, y creer verdadero cuanto le reporta alguna utilidad, porque el hombre ama la verdad hasta el punto que acepta anticipadamente, la m\u00e1s amarga de todas como dir\u00eda Juan de Mairena en Antonio Machado, que equivaldr\u00eda a no envenenar el coraz\u00f3n del pueblo con hipocres\u00eda, huyendo de la hueca palabrer\u00eda. En cambio Nietzsche dir\u00eda la ilusi\u00f3n es lo vital y lo que constituye el hombre que es la creaci\u00f3n y no es algo que preexista a su actividad, al contrario, su esencia es el efecto de la acci\u00f3n de la cultura contra la moral del reba\u00f1o. Concluyendo no se trata de una propuesta de una cultura de la sumisi\u00f3n disfrazada de libertad (en la medida que hagas y valores lo que los gobernantes de turno te impongan para tener una \u201cbuena recompensa\u201d) en una dial\u00e9ctica entre el individuo y las normas o reglas de su gobierno, quien le hace part\u00edcipe o le excluye ante los eventos que organiza o desorganiza seg\u00fan convenga; juzguen ustedes y buena entrada de a\u00f1o 2022.<\/p>\n<p style=\"text-align: right;\"><strong>Francisco Velasco Rey<\/strong><\/p>\n","protected":false},"excerpt":{"rendered":"<p>Como introducci\u00f3n, al tema que nos ocupa: la cultura como clave para transformar y mejorar el mundo, es la capacidad&hellip;<\/p>\n","protected":false},"author":3,"featured_media":0,"comment_status":"open","ping_status":"open","sticky":false,"template":"","format":"standard","meta":{"om_disable_all_campaigns":false,"_mi_skip_tracking":false,"_monsterinsights_sitenote_active":false,"_monsterinsights_sitenote_note":"","_monsterinsights_sitenote_category":0,"footnotes":""},"categories":[21],"tags":[],"aioseo_notices":[],"_links":{"self":[{"href":"https:\/\/granadacostaglobal.es\/index.php?rest_route=\/wp\/v2\/posts\/30719"}],"collection":[{"href":"https:\/\/granadacostaglobal.es\/index.php?rest_route=\/wp\/v2\/posts"}],"about":[{"href":"https:\/\/granadacostaglobal.es\/index.php?rest_route=\/wp\/v2\/types\/post"}],"author":[{"embeddable":true,"href":"https:\/\/granadacostaglobal.es\/index.php?rest_route=\/wp\/v2\/users\/3"}],"replies":[{"embeddable":true,"href":"https:\/\/granadacostaglobal.es\/index.php?rest_route=%2Fwp%2Fv2%2Fcomments&post=30719"}],"version-history":[{"count":0,"href":"https:\/\/granadacostaglobal.es\/index.php?rest_route=\/wp\/v2\/posts\/30719\/revisions"}],"wp:attachment":[{"href":"https:\/\/granadacostaglobal.es\/index.php?rest_route=%2Fwp%2Fv2%2Fmedia&parent=30719"}],"wp:term":[{"taxonomy":"category","embeddable":true,"href":"https:\/\/granadacostaglobal.es\/index.php?rest_route=%2Fwp%2Fv2%2Fcategories&post=30719"},{"taxonomy":"post_tag","embeddable":true,"href":"https:\/\/granadacostaglobal.es\/index.php?rest_route=%2Fwp%2Fv2%2Ftags&post=30719"}],"curies":[{"name":"wp","href":"https:\/\/api.w.org\/{rel}","templated":true}]}}