{"id":30647,"date":"2021-12-27T08:55:28","date_gmt":"2021-12-27T08:55:28","guid":{"rendered":"http:\/\/granadacostanacional.es\/?p=30647"},"modified":"2021-12-27T08:55:28","modified_gmt":"2021-12-27T08:55:28","slug":"el-inocente-vicente-y-otros-a-toda-costa","status":"publish","type":"post","link":"https:\/\/granadacostaglobal.es\/?p=30647","title":{"rendered":"El inocente Vicente y otros \u2013 A TODA COSTA"},"content":{"rendered":"<h2 style=\"text-align: center;\">\u00a1Qu\u00e9 cosas tiene \u201cInternete\u201d!<\/h2>\n<p><strong>\u00a0<\/strong><\/p>\n<p style=\"text-align: justify;\">Recuerdo que fue un 28 de diciembre\u2026 acud\u00ed ilusionado, posiblemente la ingenuidad se adue\u00f1\u00f3 de m\u00ed.<\/p>\n<p style=\"text-align: justify;\">Fue una cita a trav\u00e9s de Internet por las redes sociales.<\/p>\n<p style=\"text-align: justify;\"><em>\u2013 He le\u00eddo tu p\u00e1gina y me gustar\u00eda conocerte, hacer amistad y\u2026lo que salga.<\/em> \u2013 dec\u00eda. &#8211;<\/p>\n<p style=\"text-align: justify;\"><em>\u2013 M\u00e1ndame una fotograf\u00eda y as\u00ed te reconocer\u00e9. &#8211;<\/em> le dije luego<\/p>\n<p style=\"text-align: justify;\">Me mand\u00f3 una bonita foto, \u00a1Qu\u00e9 mujer!<\/p>\n<p style=\"text-align: justify;\">El d\u00eda, la hora y el lugar se hicieron para m\u00ed una quimera, \u00a1Como lo esperaba!\u2026 Bueno uno tambi\u00e9n tiene derecho a hacerse ilusiones, \u00bfNo?<\/p>\n<p style=\"text-align: justify;\">Me hab\u00eda dicho que vestir\u00eda un traje rojo escotado con una flor en el lado del coraz\u00f3n.<\/p>\n<p style=\"text-align: justify;\">El recorrido hasta la c\u00e9ntrica cafeter\u00eda se me hizo largo, entr\u00e9 en el establecimiento diez minutos antes, para poderla observar cuando apareciera.<\/p>\n<p style=\"text-align: justify;\">Diez que llegue antes y diez que se retas\u00f3 ella, fueron veinte minutos y cuando pens\u00e9 que ya no vendr\u00eda, pude ver a trav\u00e9s del cristal un vestido rojo.<\/p>\n<p style=\"text-align: justify;\"><a href=\"http:\/\/granadacostanacional.es\/wp-content\/uploads\/2021\/12\/se\u00f1ora-estupenda.jpg\"><img decoding=\"async\" loading=\"lazy\" class=\"aligncenter size-large wp-image-30648\" src=\"http:\/\/granadacostanacional.es\/wp-content\/uploads\/2021\/12\/se\u00f1ora-estupenda-733x1024.jpg\" alt=\"se\u00f1ora estupenda\" width=\"733\" height=\"1024\" \/><\/a><\/p>\n<p style=\"text-align: justify;\">La puerta se abri\u00f3, apareci\u00f3 la flor \u2013me refiero a la del pecho<em> -, <\/em>pues el resto no ten\u00eda nada de floral.<\/p>\n<p style=\"text-align: justify;\">Estaba turbado, confundido, no pod\u00eda pensar, pero como ella me conoc\u00eda por la Web, se dirigi\u00f3 claramente hacia m\u00ed y sonriendo me dijo:<\/p>\n<p style=\"text-align: justify;\"><em>\u2013 \u00a1Hola Vicente!<\/em><\/p>\n<p style=\"text-align: justify;\"><em>\u2013 \u00a1Hola! &#8211;<\/em> correspond\u00ed al saludo levant\u00e1ndome. &#8211;<\/p>\n<p style=\"text-align: justify;\">Ten\u00eda la fotograf\u00eda sobre la mesa junto a una cerveza. Hab\u00eda adoptado esta medida no fuera a ser que se me pasara el reconocerla.<\/p>\n<p style=\"text-align: justify;\">Ahora me esforzaba por mirar de reojo la foto para encontrarle\u00a0alg\u00fan parecido. No sab\u00eda que decir.<\/p>\n<p style=\"text-align: justify;\"><em>\u2013 Bien\u2026bueno, estoy esperando a una se\u00f1orita\u2026<\/em><\/p>\n<p style=\"text-align: justify;\"><em>\u2013 Si claro a m\u00ed, no ves mi vestido rojo y mi flor\u2026<\/em><\/p>\n<p style=\"text-align: justify;\"><em>\u2013 Si\u2026s\u00ed\u2026 pero el resto no se corresponde.<\/em><\/p>\n<p style=\"text-align: justify;\"><em>\u2013 \u00a1Que tonto!, fue un error y te mande confundida, la fotograf\u00eda de una amiga.<\/em><\/p>\n<p style=\"text-align: justify;\">Se me ocurri\u00f3 preguntarle.<\/p>\n<p style=\"text-align: justify;\"><em>\u2013 \u00bfY no podr\u00eda venir tu amiga?<\/em><\/p>\n<p style=\"text-align: justify;\">Me lanz\u00f3 una mirada de desprecio, que yo agradec\u00ed, \u00a1que quieren que les diga!, dio un golpe con el bolso sobre la mesa derramando el vaso de cerveza \u2013 fina tampoco era \u2013 y se march\u00f3 muy digna.<\/p>\n<p style=\"text-align: justify;\">\u00a1Qu\u00e9 cosas tienen Internet y las redes sociales!<\/p>\n<p style=\"text-align: right;\"><strong>Francisco Ponce Carrasco<\/strong><\/p>\n","protected":false},"excerpt":{"rendered":"<p>\u00a1Qu\u00e9 cosas tiene \u201cInternete\u201d! \u00a0 Recuerdo que fue un 28 de diciembre\u2026 acud\u00ed ilusionado, posiblemente la ingenuidad se adue\u00f1\u00f3 de&hellip;<\/p>\n","protected":false},"author":3,"featured_media":24452,"comment_status":"open","ping_status":"open","sticky":false,"template":"","format":"standard","meta":{"om_disable_all_campaigns":false,"_mi_skip_tracking":false,"_monsterinsights_sitenote_active":false,"_monsterinsights_sitenote_note":"","_monsterinsights_sitenote_category":0,"footnotes":""},"categories":[30],"tags":[],"aioseo_notices":[],"_links":{"self":[{"href":"https:\/\/granadacostaglobal.es\/index.php?rest_route=\/wp\/v2\/posts\/30647"}],"collection":[{"href":"https:\/\/granadacostaglobal.es\/index.php?rest_route=\/wp\/v2\/posts"}],"about":[{"href":"https:\/\/granadacostaglobal.es\/index.php?rest_route=\/wp\/v2\/types\/post"}],"author":[{"embeddable":true,"href":"https:\/\/granadacostaglobal.es\/index.php?rest_route=\/wp\/v2\/users\/3"}],"replies":[{"embeddable":true,"href":"https:\/\/granadacostaglobal.es\/index.php?rest_route=%2Fwp%2Fv2%2Fcomments&post=30647"}],"version-history":[{"count":0,"href":"https:\/\/granadacostaglobal.es\/index.php?rest_route=\/wp\/v2\/posts\/30647\/revisions"}],"wp:featuredmedia":[{"embeddable":true,"href":"https:\/\/granadacostaglobal.es\/index.php?rest_route=\/"}],"wp:attachment":[{"href":"https:\/\/granadacostaglobal.es\/index.php?rest_route=%2Fwp%2Fv2%2Fmedia&parent=30647"}],"wp:term":[{"taxonomy":"category","embeddable":true,"href":"https:\/\/granadacostaglobal.es\/index.php?rest_route=%2Fwp%2Fv2%2Fcategories&post=30647"},{"taxonomy":"post_tag","embeddable":true,"href":"https:\/\/granadacostaglobal.es\/index.php?rest_route=%2Fwp%2Fv2%2Ftags&post=30647"}],"curies":[{"name":"wp","href":"https:\/\/api.w.org\/{rel}","templated":true}]}}