{"id":30643,"date":"2021-12-27T08:50:10","date_gmt":"2021-12-27T08:50:10","guid":{"rendered":"http:\/\/granadacostanacional.es\/?p=30643"},"modified":"2021-12-27T08:50:10","modified_gmt":"2021-12-27T08:50:10","slug":"si-naciste-para-martillo-del-cielo-te-caen-los-clavos","status":"publish","type":"post","link":"https:\/\/granadacostaglobal.es\/?p=30643","title":{"rendered":"Si naciste para martillo, del cielo te caen los clavos"},"content":{"rendered":"<p style=\"text-align: justify;\">Lo vi venir\u00a0 desde el primer momento en que el Presidente mand\u00f3 un mensaje a toda la poblaci\u00f3n. Lo vi venir. El apocalipsis de las recientes distop\u00edas; desde \u201cEl d\u00eda despu\u00e9s\u201d han habido muchas narraciones literarias y cinematogr\u00e1ficas que avanzaron la necesidad de construir un refugio nuclear, un refugio provisto de elementos para la subsistencia. Se trataba de hacer acopio de cosas multifuncionales\u2026\u00a0 Pero esto era algo diferente, el refugio es nuestra casa. Casas repletas de objetos de consumo, casas con luz, frigor\u00edficos, conservas y legumbres, ropa de sobra para tres pandemias, linternas, paracetamol y detergentes. Record\u00e9 la vieja bicicleta est\u00e1tica y me pareci\u00f3 un tesoro a recobrar. Ahora que no podremos salir a caminar ocupar\u00e1 un lugar prominente en el sal\u00f3n-comedor. Y la Wii\u2026 arrinconada hace tiempo, es ahora protagonista del bienestar de nuestro cuerpo: juego y deporte o<em> men sana in corpore sano<\/em> \u00bfno? Suerte que tengo una pareja querible y convivible, con quien juego, hablo y nos damos atracones de cine en la pantalla de casa. Y guisamos juntos; eso es importante porque nos gusta guisar casi tanto como experimentar y degustar.<\/p>\n<p style=\"text-align: justify;\">\u00bfQu\u00e9 pasar\u00eda con las personas que viven solas? \u00bfQu\u00e9 con las personas que cargan con la dependencia de\u00a0 otras personas y tambi\u00e9n se sienten solas? \u00bfQu\u00e9 con las personas que se agobian y sufren angustia con los cambios y la incertidumbre?&#8230; Corr\u00ed al ordenador: mi mente paridora cre\u00f3 una mini gu\u00eda para gente amiga, conocida, querida o desconocida. \u201c\u2026No est\u00e9s colgada de las noticias ni del tel\u00e9fono durante todo el d\u00eda\u2026 ponte una hora de levantarte y cumple\u2026 Haz respiraciones, estiramientos y ejercicios\u2026 queda para <em>el vermut<\/em> por video WhatsApp, Skype u otros medios\u2026 haz una lista de amigas y amigos a quien hace tiempo que no llamas y llama a dos por d\u00eda para una conversaci\u00f3n larga\u2026 Date una misi\u00f3n, como por ejemplo llamar a las personas que conozcas y que viven solas\u2026\u201d y as\u00ed fui desgranando una colecci\u00f3n de recomendaciones basadas en \u201cAprovecha esta experiencia que vas a vivir por primera y tal vez \u00fanica ocasi\u00f3n en tu vida!\u201d y la lanc\u00e9 por e-mail, WhatsApp y Telegram con una coletilla final: \u201csi te sientes mal, ll\u00e1mame\u201d.<\/p>\n<p style=\"text-align: justify;\">Algunas respuestas, m\u00e1s r\u00e1pido de lo imaginado, me conmovieron. Apreciaban mi modesto escrito. Me sent\u00ed bien\u2026 Inevitablemente, unas semanas despu\u00e9s ten\u00eda un tele-consultorio altruista ya en marcha \u00a1seis d\u00edas a la semana! Me par\u00e9 a pensar \u00bfCu\u00e1ntas veces he deseado que pasara algo que me obligara a estar en casa simplemente leyendo? Y \u00bfPor qu\u00e9 ahora he llenado de nuevo mi tiempo hasta el punto que apenas puedo leer para mi placer? Ahora se acaba el encierro que he cumplido escrupulosamente y me pregunto \u00bfSer\u00e9 la misma la pr\u00f3xima vez?<\/p>\n<p style=\"text-align: justify;\"><a href=\"http:\/\/granadacostanacional.es\/wp-content\/uploads\/2021\/12\/Aysll\u00f3n-si-naciste....jpg\"><img decoding=\"async\" loading=\"lazy\" class=\"aligncenter size-large wp-image-30644\" src=\"http:\/\/granadacostanacional.es\/wp-content\/uploads\/2021\/12\/Aysll\u00f3n-si-naciste...-1024x768.jpg\" alt=\"Aysll\u00f3n si naciste...\" width=\"1024\" height=\"768\" \/><\/a><\/p>\n<p style=\"text-align: justify;\">Reencuentro<\/p>\n<p style=\"text-align: justify;\">Foto: Lorelei 1 de junio 2020<\/p>\n<p style=\"text-align: right;\"><strong>Mar\u00eda Teresa Ayll\u00f3n Trujillo<\/strong><\/p>\n","protected":false},"excerpt":{"rendered":"<p>Lo vi venir\u00a0 desde el primer momento en que el Presidente mand\u00f3 un mensaje a toda la poblaci\u00f3n. Lo vi&hellip;<\/p>\n","protected":false},"author":3,"featured_media":30645,"comment_status":"open","ping_status":"open","sticky":false,"template":"","format":"standard","meta":{"om_disable_all_campaigns":false,"_mi_skip_tracking":false,"_monsterinsights_sitenote_active":false,"_monsterinsights_sitenote_note":"","_monsterinsights_sitenote_category":0,"footnotes":""},"categories":[30],"tags":[],"aioseo_notices":[],"_links":{"self":[{"href":"https:\/\/granadacostaglobal.es\/index.php?rest_route=\/wp\/v2\/posts\/30643"}],"collection":[{"href":"https:\/\/granadacostaglobal.es\/index.php?rest_route=\/wp\/v2\/posts"}],"about":[{"href":"https:\/\/granadacostaglobal.es\/index.php?rest_route=\/wp\/v2\/types\/post"}],"author":[{"embeddable":true,"href":"https:\/\/granadacostaglobal.es\/index.php?rest_route=\/wp\/v2\/users\/3"}],"replies":[{"embeddable":true,"href":"https:\/\/granadacostaglobal.es\/index.php?rest_route=%2Fwp%2Fv2%2Fcomments&post=30643"}],"version-history":[{"count":0,"href":"https:\/\/granadacostaglobal.es\/index.php?rest_route=\/wp\/v2\/posts\/30643\/revisions"}],"wp:featuredmedia":[{"embeddable":true,"href":"https:\/\/granadacostaglobal.es\/index.php?rest_route=\/"}],"wp:attachment":[{"href":"https:\/\/granadacostaglobal.es\/index.php?rest_route=%2Fwp%2Fv2%2Fmedia&parent=30643"}],"wp:term":[{"taxonomy":"category","embeddable":true,"href":"https:\/\/granadacostaglobal.es\/index.php?rest_route=%2Fwp%2Fv2%2Fcategories&post=30643"},{"taxonomy":"post_tag","embeddable":true,"href":"https:\/\/granadacostaglobal.es\/index.php?rest_route=%2Fwp%2Fv2%2Ftags&post=30643"}],"curies":[{"name":"wp","href":"https:\/\/api.w.org\/{rel}","templated":true}]}}