{"id":30641,"date":"2021-12-27T08:45:35","date_gmt":"2021-12-27T08:45:35","guid":{"rendered":"http:\/\/granadacostanacional.es\/?p=30641"},"modified":"2021-12-27T08:45:35","modified_gmt":"2021-12-27T08:45:35","slug":"en-el-pais-de-los-ciegos","status":"publish","type":"post","link":"https:\/\/granadacostaglobal.es\/?p=30641","title":{"rendered":"EN EL PA\u00cdS DE LOS CIEGOS"},"content":{"rendered":"<p style=\"text-align: justify;\">Las Navidades son una \u00e9poca propicia para realizar recapitulaciones: cu\u00e1les han sido las mejores pel\u00edculas del \u00faltimo a\u00f1o, las mayores gestas deportivas, las m\u00e1s sonadas corruptelas y desprop\u00f3sitos (yo he cumplido todos y cada uno de mis desprop\u00f3sitos de a\u00f1o nuevo, doy f), etc\u00e9tera. Y me puse manos a la obra.<\/p>\n<p style=\"text-align: justify;\">\n<p style=\"text-align: justify;\">Como la memoria a corto plazo ya me falla, pens\u00e9 en una novela que hubiera dejado huella en m\u00ed as\u00ed, en general. Y en mi mente surgi\u00f3 \u201cEl d\u00eda de los Tr\u00edfidos\u201d.<\/p>\n<p style=\"text-align: justify;\">\n<p style=\"text-align: justify;\">No tengo ni la menor idea de por qu\u00e9 pens\u00e9 en esa creaci\u00f3n del escritor de ciencia ficci\u00f3n John Wyndham. Sin duda se trata de una muy buena obra, pero lejos de estar entre las mejores que haya le\u00eddo en mi vida. O que me hayan impactado m\u00e1s.<\/p>\n<p style=\"text-align: justify;\">\n<p style=\"text-align: justify;\">Sin meterme en terrenos del psicoan\u00e1lisis freudiano, al principio supuse que ten\u00eda que ver con el hecho de que, aunque de forma indirecta, trata de diversas pandemias. El relato empieza con un hecho traum\u00e1tico: en un momento dado se produce un acontecimiento c\u00f3smico que deja a la mayor parte de la humanidad ciega, y por tanto a merced de unos engendros producto de la biotecnolog\u00eda y la guerra fr\u00eda (la novela est\u00e1 escrita a mediados de los a\u00f1os cincuenta) llamados Tr\u00edfidos, un espantoso h\u00edbrido entre vegetales y animales depredadores.<\/p>\n<p style=\"text-align: justify;\">\n<p style=\"text-align: justify;\">Pero luego coleg\u00ed que quiz\u00e1 la raz\u00f3n fuera la cuesti\u00f3n de la ceguera. La imposibilidad de percibir la realidad que nos rodea es una de las met\u00e1foras m\u00e1s recurrentes no solo en la literatura y el cine, sino en el lenguaje cotidiano. Se me ocurren dos ejemplos distantes en el tiempo, pero estrechamente conectados de lo primero: la alegor\u00eda de la caverna plat\u00f3nica y la obra \u201cEnsayo sobre la ceguera\u201d de Saramago (quien, para evitar confusiones lamentables, me veo obligado a recordar que era var\u00f3n). El fil\u00f3sofo griego trataba de mostrar, entre otras cosas, la incapacidad de la mayor\u00eda de personas para comprender la verdad, el bien y la justicia. Y no solo de eso, sino sobre todo de su renuncia a intentar comprenderlas. En el caso del premio N\u00f3bel de literatura, de denunciar la sociedad ego\u00edsta que entre todos hemos construido.<\/p>\n<p style=\"text-align: justify;\">\n<p style=\"text-align: justify;\">No parece descabellado seguir estando de acuerdo con ambas propuestas. \u00bfPor qu\u00e9 ser\u00e1?<\/p>\n<p style=\"text-align: justify;\">\n<p style=\"text-align: justify;\">Respecto del lenguaje, existen infinidad de ejemplos, muchos de ellos aplicables a nuestra <em>forma de ver <\/em>las cosas hoy en d\u00eda. No es necesario ser un<em> iluminado<\/em> para darse cuenta de ello. Bastar\u00e1 con un par de aforismos bien conocidos: \u201cNo hay peor ciego que el que no quiere ver\u201d y \u201cEn el pa\u00eds de los ciegos, el tuerto es em\u00e9rito\u201d. No recuerdo bien si este \u00faltimo es exactamente as\u00ed, por lo que dejo en manos del lector su interpretaci\u00f3n. Aunque, <em>bien mirado<\/em>, no puedo dejar pasar la ocasi\u00f3n de citar a Nietzsche, de quien tom\u00e9 prestado el t\u00edtulo de esta secci\u00f3n: \u201cY aun la ceguera del ciego y su andar a tientas han de dar fe del poder del sol que mir\u00f3\u201d.<\/p>\n<p style=\"text-align: justify;\">\n<p style=\"text-align: justify;\">Ignoro qu\u00e9 sol tan terrible puede llegar a asomar en el pr\u00f3ximo amanecer, pero s\u00ed s\u00e9 al menos una cosa: les deseo a todos ustedes que tengan (o hayan tenido) unas felices fiestas en compa\u00f1\u00eda de sus seres queridos y un pr\u00f3spero y acov\u00eddico 2022.<\/p>\n<p style=\"text-align: justify;\">\n<p style=\"text-align: justify;\">\u00a1Eso s\u00ed, procuren no ponerse (o haberse puesto) ciegos de turr\u00f3n y cava, no vayan a precisar de un lazarillo, que el de Tormes hace tiempo que se jubil\u00f3!<\/p>\n<p>&nbsp;<\/p>\n<p style=\"text-align: right;\"><strong>\u00a0Javier Serra<\/strong><\/p>\n","protected":false},"excerpt":{"rendered":"<p>Las Navidades son una \u00e9poca propicia para realizar recapitulaciones: cu\u00e1les han sido las mejores pel\u00edculas del \u00faltimo a\u00f1o, las mayores&hellip;<\/p>\n","protected":false},"author":3,"featured_media":27434,"comment_status":"open","ping_status":"open","sticky":false,"template":"","format":"standard","meta":{"om_disable_all_campaigns":false,"_mi_skip_tracking":false,"_monsterinsights_sitenote_active":false,"_monsterinsights_sitenote_note":"","_monsterinsights_sitenote_category":0,"footnotes":""},"categories":[30],"tags":[],"aioseo_notices":[],"_links":{"self":[{"href":"https:\/\/granadacostaglobal.es\/index.php?rest_route=\/wp\/v2\/posts\/30641"}],"collection":[{"href":"https:\/\/granadacostaglobal.es\/index.php?rest_route=\/wp\/v2\/posts"}],"about":[{"href":"https:\/\/granadacostaglobal.es\/index.php?rest_route=\/wp\/v2\/types\/post"}],"author":[{"embeddable":true,"href":"https:\/\/granadacostaglobal.es\/index.php?rest_route=\/wp\/v2\/users\/3"}],"replies":[{"embeddable":true,"href":"https:\/\/granadacostaglobal.es\/index.php?rest_route=%2Fwp%2Fv2%2Fcomments&post=30641"}],"version-history":[{"count":0,"href":"https:\/\/granadacostaglobal.es\/index.php?rest_route=\/wp\/v2\/posts\/30641\/revisions"}],"wp:featuredmedia":[{"embeddable":true,"href":"https:\/\/granadacostaglobal.es\/index.php?rest_route=\/"}],"wp:attachment":[{"href":"https:\/\/granadacostaglobal.es\/index.php?rest_route=%2Fwp%2Fv2%2Fmedia&parent=30641"}],"wp:term":[{"taxonomy":"category","embeddable":true,"href":"https:\/\/granadacostaglobal.es\/index.php?rest_route=%2Fwp%2Fv2%2Fcategories&post=30641"},{"taxonomy":"post_tag","embeddable":true,"href":"https:\/\/granadacostaglobal.es\/index.php?rest_route=%2Fwp%2Fv2%2Ftags&post=30641"}],"curies":[{"name":"wp","href":"https:\/\/api.w.org\/{rel}","templated":true}]}}