{"id":30542,"date":"2021-12-20T16:13:12","date_gmt":"2021-12-20T16:13:12","guid":{"rendered":"http:\/\/granadacostanacional.es\/?p=30542"},"modified":"2021-12-20T16:13:12","modified_gmt":"2021-12-20T16:13:12","slug":"el-ebro-la-batalla-mas-larga-de-la-guerra-3a-parte","status":"publish","type":"post","link":"https:\/\/granadacostaglobal.es\/?p=30542","title":{"rendered":"EL EBRO, LA BATALLA M\u00c1S LARGA DE LA GUERRA (3\u00aa Parte)"},"content":{"rendered":"<p style=\"text-align: justify;\">El Caudillo proclamaba un \u00e9xito que, en realidad, no se hab\u00eda producido, absteni\u00e9ndose de comentar, por ejemplo, que las unidades rebeldes, como consecuencia de los insensatos y reiterados ataques directos a unas posiciones bien atrincheradas y magn\u00edficamente establecidas, hab\u00edan sufrido un tremendo desgaste y hab\u00edan atravesado una dif\u00edcil situaci\u00f3n que hubo de ser remediada por las potencias fascistas, redoblando espectacularmente su ayuda, mientras el bando republicano se ve\u00eda abandonado.<\/p>\n<p style=\"text-align: justify;\">No fue Franco, ciertamente, el que triunf\u00f3 en la Batalla del Ebro; es claro que no hizo m\u00e9ritos para ello.<\/p>\n<p style=\"text-align: justify;\">Frente a la elegancia y brillantez demostradas por Rojo con su maniobra, respondi\u00f3 haciendo gala de los siguientes rasgos que Norman Dixon atribuye a los militares incompetentes; ignorancia del principio de la econom\u00eda de medios; alergia a toda innovaci\u00f3n t\u00e1ctica (radical conservadurismo); tendencia a infravalorar al enemigo (rechazando a menudo las informaciones indigestas) y a replicarle abandonando la propia l\u00ednea de acci\u00f3n; fe en la fuerza bruta, adicci\u00f3n a los ataques frontales, nula disposici\u00f3n al empleo de la sorpresa.<\/p>\n<p style=\"text-align: justify;\">La ofensiva que comienza la madrugada del 25 de julio de 1938 cuando las tropas republicanas cruzan el rio Ebro cerca de su desembocadura, va a significar el inicio de la batalla m\u00e1s importante de la Guerra Civil.<\/p>\n<p style=\"text-align: justify;\">Sin embargo, para comprender por qu\u00e9 la c\u00fapula militar de la Rep\u00fablica decide llevar a cabo esta maniobra, hay que observar los antecedentes que en las semanas previas tienen lugar en los frentes de Arag\u00f3n, Extremadura y muy especialmente en Levante. Con Valencia asediada, la mente del General Vicente Rojo dise\u00f1a el ataque por el sur de Catalu\u00f1a, con la intenci\u00f3n de atraer a las tropas de Franco hacia el Ebro para as\u00ed disminuir el acoso al que las fuerzas republicanas se est\u00e1n viendo sometidas. Durante la primavera de 1938, tras recuperar Teruel en febrero, las tropas de Franco han avanzado con rapidez, haciendo retroceder a un Ejercito Republicano que, muy diezmado y desmoralizado, huye casi en desbandada.<\/p>\n<p style=\"text-align: justify;\">Consiguen avanzar en un inicio por Arag\u00f3n, al sur del Ebro y tras atravesar el r\u00edo por Quinto de Ebro, llegar hasta las primeras poblaciones catalanas y conquistar L\u00e9rida a principios de abril con las tropas del Cuerpo de Ej\u00e9rcito Marroqu\u00ed del General Yag\u00fce.<\/p>\n<p style=\"text-align: justify;\">Paralelamente, siguen su avance por el sur, cruzando los dif\u00edciles terrenos de la regi\u00f3n del Maestrazgo hasta llegar el 15 de abril al mediterr\u00e1neo pueblo de Vinaroz.<\/p>\n<p style=\"text-align: justify;\">De esta forma, el territorio de la rep\u00fablica queda dividido en dos zonas, con Catalu\u00f1a aislada del resto.<\/p>\n<p style=\"text-align: justify;\">A la rep\u00fablica s\u00f3lo le queda una salida por el mar, aunque moment\u00e1neamente cuenta con el bal\u00f3n de ox\u00edgeno que supone la apertura de la frontera con Francia decretada por el Gobierno del Frente Popular de Le\u00f3n Blum en marzo.<\/p>\n<p style=\"text-align: justify;\">La ofensiva que tiene lugar por la orilla sur del Ebro catal\u00e1n, que durante toda la contienda hab\u00eda estado bajo dominio de la Rep\u00fablica, es desarrollada por tropas italianas principalmente.<\/p>\n<p style=\"text-align: justify;\">De esta forma, sin resistencia apenas, el Corpo Truppe Volontarie, al mando del General Berti, entrar\u00e1 en Gandesa el 3 de abril, quedando toda aquella regi\u00f3n, la margen derecha del Ebro en Tarragona, a partir de ese momento defendida por unidades de reserva nacionales. La rapidez de estas acciones y la facilidad con la que sus tropas avanzan kil\u00f3metros en territorio enemigo, llevan al Ministro de interior de Franco, Serrano Su\u00f1er, a anunciar a la prensa internacional que el fin de la contienda est\u00e1 muy pr\u00f3ximo, ya que el camino hacia Barcelona parece expedito.<\/p>\n<p style=\"text-align: justify;\">Pero en esos momentos, el General\u00edsimo toma una de sus decisiones m\u00e1s controvertidas a nivel militar en el transcurso de toda la Guerra Civil. Con sus tropas a la orilla del rio Segre, las fuerzas republicanas al sur de los pirineos retrocediendo incluso a trav\u00e9s de la frontera gala ante las embestidas de los nacionales, y con el ej\u00e9rcito rival desorientado, Franco decide olvidarse de continuar hacia Barcelona, sede del gobierno de Negr\u00edn, y dirige toda la fuerza de sus hombres hacia Valencia.<\/p>\n<p style=\"text-align: justify;\">De esta forma, al dar continuidad hacia el sur a las tropas que hab\u00edan llegado al Mediterr\u00e1neo, comienza la batalla de Levante, en una decisi\u00f3n cuestionada incluso por algunos de sus m\u00e1s pr\u00f3ximos colaboradores.<\/p>\n<p style=\"text-align: justify;\">Para la mayor\u00eda, la decisi\u00f3n resulta incomprensible y casi absurda. El n\u00famero de fuerzas de la Rep\u00fablica en Catalu\u00f1a es menor, mientras que en Levante puede contar con todo el apoyo de las tropas de refuerzo del Ej\u00e9rcito del centro, y adem\u00e1s, su aviaci\u00f3n tiene mejor situaci\u00f3n estrat\u00e9gica, todo lo opuesto a lo que sucede en tierras catalanas.<\/p>\n<p style=\"text-align: justify;\">Franco justific\u00f3 siempre su decisi\u00f3n, argumentando que Francia no iba a permitir en aquellos d\u00edas, por el clima de crispaci\u00f3n que se viv\u00eda en toda Europa ante el auge del fascismo, la presencia a lo largo de cientos de kil\u00f3metros de su frontera sur de miles de soldados alemanes e italianos.<\/p>\n<p style=\"text-align: justify;\">Francia considerar\u00eda intolerable esa presencia de un ej\u00e9rcito fascista equipado con el m\u00e1s moderno armamento de la \u00e9poca en su frontera pirenaica. Si se produjese la guerra europea, algo que parec\u00eda inevitable, Francia podr\u00eda verse rodeada por completo.<\/p>\n<p style=\"text-align: justify;\">Por ello puede verse la decisi\u00f3n de olvidarse de conquistar Catalu\u00f1a como una maniobra meramente pol\u00edtica y no militar.<\/p>\n<p style=\"text-align: justify;\">En documentaci\u00f3n diplom\u00e1tica, aparecida posteriormente, de los servicios secretos brit\u00e1nicos y franceses, se observa que ambos pa\u00edses estaban dispuestos a tomar medidas en caso de intuir que las tropas de Hitler y Mussolini en Espa\u00f1a se acercaban en exceso a la frontera. Ante todo, Franco quer\u00eda alejar la Guerra Civil Espa\u00f1ola del gran conflicto que se cern\u00eda sobre Europa.<\/p>\n<p style=\"text-align: justify;\">Y prefer\u00eda alargar todo el tiempo necesario la contienda antes que permitir que se internacionalizase, que era exactamente lo que el Gobierno republicano deseaba.<\/p>\n<p style=\"text-align: justify;\">En los planes de Franco, nunca se ocult\u00f3 que su victoria deb\u00eda ser aplastante, aunque supusiera alargar de manera indefinida la Guerra Civil. Para el futuro del nuevo r\u00e9gimen era necesario acabar en la medida de lo posible con cualquier foco de futura resistencia, hab\u00eda que exterminar hasta el \u00faltimo rescoldo marxista de Espa\u00f1a, aunque ello hubiera de lograrse con el sacrificio de muchos de sus propios hombres.<\/p>\n<p style=\"text-align: justify;\">\n<p style=\"text-align: right;\"><strong>Gonzalo Lozano Curado<\/strong><\/p>\n","protected":false},"excerpt":{"rendered":"<p>El Caudillo proclamaba un \u00e9xito que, en realidad, no se hab\u00eda producido, absteni\u00e9ndose de comentar, por ejemplo, que las unidades&hellip;<\/p>\n","protected":false},"author":3,"featured_media":22818,"comment_status":"open","ping_status":"open","sticky":false,"template":"","format":"standard","meta":{"om_disable_all_campaigns":false,"_mi_skip_tracking":false,"_monsterinsights_sitenote_active":false,"_monsterinsights_sitenote_note":"","_monsterinsights_sitenote_category":0,"footnotes":""},"categories":[21],"tags":[],"aioseo_notices":[],"_links":{"self":[{"href":"https:\/\/granadacostaglobal.es\/index.php?rest_route=\/wp\/v2\/posts\/30542"}],"collection":[{"href":"https:\/\/granadacostaglobal.es\/index.php?rest_route=\/wp\/v2\/posts"}],"about":[{"href":"https:\/\/granadacostaglobal.es\/index.php?rest_route=\/wp\/v2\/types\/post"}],"author":[{"embeddable":true,"href":"https:\/\/granadacostaglobal.es\/index.php?rest_route=\/wp\/v2\/users\/3"}],"replies":[{"embeddable":true,"href":"https:\/\/granadacostaglobal.es\/index.php?rest_route=%2Fwp%2Fv2%2Fcomments&post=30542"}],"version-history":[{"count":0,"href":"https:\/\/granadacostaglobal.es\/index.php?rest_route=\/wp\/v2\/posts\/30542\/revisions"}],"wp:featuredmedia":[{"embeddable":true,"href":"https:\/\/granadacostaglobal.es\/index.php?rest_route=\/"}],"wp:attachment":[{"href":"https:\/\/granadacostaglobal.es\/index.php?rest_route=%2Fwp%2Fv2%2Fmedia&parent=30542"}],"wp:term":[{"taxonomy":"category","embeddable":true,"href":"https:\/\/granadacostaglobal.es\/index.php?rest_route=%2Fwp%2Fv2%2Fcategories&post=30542"},{"taxonomy":"post_tag","embeddable":true,"href":"https:\/\/granadacostaglobal.es\/index.php?rest_route=%2Fwp%2Fv2%2Ftags&post=30542"}],"curies":[{"name":"wp","href":"https:\/\/api.w.org\/{rel}","templated":true}]}}