{"id":30470,"date":"2021-12-13T16:59:39","date_gmt":"2021-12-13T16:59:39","guid":{"rendered":"http:\/\/granadacostanacional.es\/?p=30470"},"modified":"2021-12-13T16:59:39","modified_gmt":"2021-12-13T16:59:39","slug":"entrevista-a-la-actriz-lisi-linder","status":"publish","type":"post","link":"https:\/\/granadacostaglobal.es\/?p=30470","title":{"rendered":"ENTREVISTA A LA ACTRIZ LISI LINDER"},"content":{"rendered":"<p style=\"text-align: justify;\"><strong>En esta ocasi\u00f3n y aprovechando el reciente estreno de la pel\u00edcula <em>H\u00e9roes de barrio, <\/em>una comedia social dirigida por \u00c1ngeles Rein\u00e9, y protagonizada por Antonio Pagudo, Luna Fulgencio en sus papeles principales y dentro del reparto se incluye a nuestra entrevistada, Lisi Linder (C\u00e1diz, el 15 de Abril de 1984) conocida por trabajar en <em>Mar de pl\u00e1stico <\/em>como Agneska Spassky adem\u00e1s de en <em>Servir y proteger\u00a0 <\/em>como Sofiya Volkova<em>.<\/em><\/strong><\/p>\n<p style=\"text-align: justify;\"><strong>De padre espa\u00f1ol y madre austriaca, Lisi Linder hered\u00f3 en sus rasgos atractivos ese f\u00edsico que mezcla genialmente lo espa\u00f1ol con lo centroeuropeo, de ah\u00ed que pueda ampliar sus miras interpretativas, interpretando personajes que no solamente sean t\u00edpicamente espa\u00f1oles, como se ha podido comprobar en la televisi\u00f3n como en el cine. <\/strong><\/p>\n<p style=\"text-align: justify;\"><strong>Aunque no lleva mucho dentro del mundo de la interpretaci\u00f3n, a los dieciocho a\u00f1os viajo de C\u00e1diz a Sevilla, para estudiar Comunicaci\u00f3n Audiovisual y, posteriormente, Arte Dram\u00e1tico ya en Madrid, donde a los 29 a\u00f1os se estreno en un cap\u00edtulo de la serie <em>Gran Hotel <\/em>de Antena 3. Dos a\u00f1os despu\u00e9s le lleg\u00f3 uno de sus papeles por los que m\u00e1s se la recuerdan en la serie <em>Mar de pl\u00e1stico <\/em>del mismo canal, donde se la pudo ver en nada menos que 16 cap\u00edtulos, para proseguir con otra serie por el que siempre se la recordar\u00e1 como el que interpret\u00f3 en la serie <em>Servir y proteger <\/em>de La 1, donde estuvo durante 10 cap\u00edtulos. Despu\u00e9s se la pudo seguir en las series <em>La v\u00edctima n\u00famero 8 <\/em>para Telemadrid y ETB2, y en <em>Vis a vis: El oasis, <\/em>para la FOX Espa\u00f1a como M\u00f3nica Ramala, durante 8 y 6 cap\u00edtulos respectivamente. <\/strong><\/p>\n<p style=\"text-align: justify;\"><strong>Dentro de la gran pantalla, se la ha visto en <em>Historias de Lavapi\u00e9s <\/em>y en <em>Maldita venganza, <\/em>y en la actualidad como les adelant\u00e9 se la puede ver actuando en la comedia social <em>H\u00e9roes de barrio, <\/em>de la cual nos hablar\u00e9 brevemente durante la siguiente entrevista. <\/strong><\/p>\n<p style=\"text-align: justify;\"><strong>\u00a0<\/strong><strong>As\u00ed que sin m\u00e1s pre\u00e1mbulos, daremos comienzo a esta entrevista con Lisi Linder, que ha tenido la cortes\u00eda de cedernos algo de su apreciado tiempo, para responder a unas preguntas con su simpat\u00eda tan gaditana y esa sonrisa tan espl\u00e9ndida. <\/strong><\/p>\n<p style=\"text-align: justify;\"><strong>\u00a0<a href=\"http:\/\/granadacostanacional.es\/wp-content\/uploads\/2021\/12\/DSC_1444.jpg\"><img decoding=\"async\" loading=\"lazy\" class=\"aligncenter size-large wp-image-30472\" src=\"http:\/\/granadacostanacional.es\/wp-content\/uploads\/2021\/12\/DSC_1444-684x1024.jpg\" alt=\"DSC_1444\" width=\"684\" height=\"1024\" \/><\/a><\/strong><\/p>\n<p style=\"text-align: justify;\">\n<p style=\"text-align: justify;\">\u00a0&#8211;<strong>Lo primero, quiero agradecerte enormemente Lisi Linder, el tiempo que nos dispensas a la hora de responder a las siguientes preguntas que ver\u00e1n la luz en el peri\u00f3dico Granada Costa. Mi primera pregunta como no puede ser de otra manera seg\u00fan mi tradici\u00f3n, a qu\u00e9 edad y en qu\u00e9 momento de tu vida, te sentiste atra\u00edda por el mundo de la interpretaci\u00f3n y la magia que lo envuelve. <\/strong><\/p>\n<p style=\"text-align: justify;\"><strong>\u00a0<\/strong>-Siempre que me preguntan por esto, no puedo evitar acordarme de la primera vez que fui al teatro, al Villamarta de Jerez, cre\u00f3 recordar que vi \u201cLa vida es sue\u00f1o\u201d,\u00a0 de Calder\u00f3n de la Barca, y me emocion\u00e9 much\u00edsimo y me sent\u00ed muy atra\u00edda por las tablas. A los 15 a\u00f1os me sub\u00ed a ellas por primera vez cuando entr\u00e9 en una compa\u00f1\u00eda gaditana de El puerto de Santa Maria de teatro cl\u00e1sico llamada Balbo. Ah\u00ed recorr\u00ed Espa\u00f1a y Portugal y tuve la suerte de pisar la mayor\u00eda de los teatros romanos de la pen\u00ednsula ib\u00e9rica.<\/p>\n<p style=\"text-align: justify;\">\n<p style=\"text-align: justify;\">&#8211;<strong>Tus padres cuando supieron que deseabas dedicarte finalmente a la interpretaci\u00f3n tras tus estudios de Comunicaci\u00f3n Audiovisual, te apoyaron sin dudas ni recelos, o hubieran preferido que te hubieras dedicado a otra carrera quiz\u00e1s con m\u00e1s futuro y estabilidad.<\/strong><\/p>\n<p style=\"text-align: justify;\"><strong>\u00a0<\/strong><\/p>\n<p style=\"text-align: justify;\">-Ellos ya conoc\u00edan mi amor por la interpretaci\u00f3n y desde los 15 a\u00f1os fueron mis fans n\u00famero 1, ven\u00edan a verme a actuar a much\u00edsimos teatros. Pero ellos me aconsejaron estudiar una carrera porque sab\u00edan la inestabilidad laboral de ser actriz. Cuando les dije que necesitaba luchar por mi sue\u00f1o e ir a Madrid a estudiar arte dram\u00e1tico, tras un a\u00f1o so\u00f1\u00e1ndolo cada noche, lo entendieron y me apoyaron. Tengo mucha suerte de haber tenido el apoyo incondicional de mi familia.<\/p>\n<p style=\"text-align: justify;\">\n<p style=\"text-align: justify;\"><strong>-De tus padres seg\u00fan apreciamos por tus fotograf\u00edas, has heredado una mezcla donde se aprecian quiz\u00e1s m\u00e1s rasgos de Centroeuropa que espa\u00f1oles. Tu padre espa\u00f1ol y tu madre austriaca. Nos puedes narrar brevemente seg\u00fan te habr\u00e1n contado ellos mismos para satisfacer tu curiosidad, el c\u00f3mo se llegaron a conocer. Eso si, si no es indiscreci\u00f3n. <\/strong><\/p>\n<p style=\"text-align: justify;\">\n<p style=\"text-align: justify;\">-Es una historia muy bonita. Mi t\u00edo austriaco, hermano de mi madre estudiaba un m\u00e1ster en Madrid, al igual que mi padre. Ambos compart\u00edan piso, y mi madre vino a visitar a su hermano a Madrid, y surgi\u00f3 el amor.<\/p>\n<p style=\"text-align: justify;\"><a href=\"http:\/\/granadacostanacional.es\/wp-content\/uploads\/2021\/12\/DSC_1432.jpg\"><img decoding=\"async\" loading=\"lazy\" class=\"aligncenter size-large wp-image-30473\" src=\"http:\/\/granadacostanacional.es\/wp-content\/uploads\/2021\/12\/DSC_1432-684x1024.jpg\" alt=\"DSC_1432\" width=\"684\" height=\"1024\" \/><\/a><\/p>\n<p style=\"text-align: justify;\"><strong>-D\u00f3nde estudiaste en Madrid la carrera de Arte Dram\u00e1tico y qu\u00e9 nos puedes contar de esos a\u00f1os de aprendizaje, y qui\u00e9nes fueron los maestros o alumnos, qu\u00e9 m\u00e1s te llegaron a marcar durante ese tiempo y qu\u00e9 huella te dejaron. <\/strong><\/p>\n<p style=\"text-align: justify;\">\n<p style=\"text-align: justify;\">-Estudi\u00e9 en el estudio para el actor de Corazza. All\u00ed he tenido la suerte de formarme con grandes maestros. Los primeros a\u00f1os aprend\u00ed mucho con Ana Gracia, Manuel Moron o Rosa Morales, que nos dejo tristemente hace un par a\u00f1os. Los \u00faltimos a\u00f1os aprend\u00ed much\u00edsimo del gran maestro Juan Carlos Corazza. Tiene un ojo muy fino y sabe ayudarte justo en lo que necesitas para sacar lo mejor de ti.<\/p>\n<p style=\"text-align: justify;\">\n<p style=\"text-align: justify;\"><strong>-Sabemos que todos los artistas en mayor o menor medida, tienen man\u00edas o supersticiones, antes de salir al escenario o el plato de rodaje. En el caso de Lisi Linder, existe alguna que pueda ser confesable sin darte pudor o verg\u00fcenza.<\/strong><\/p>\n<p style=\"text-align: justify;\">\n<p style=\"text-align: justify;\">-Suelo meditar, hacer relajaci\u00f3n, dicci\u00f3n, me pongo m\u00fasica y bailo, y trabajo un poco circunstancias previas del personaje para entrar en el estado y situaci\u00f3n que requiera la escena o secuencia. A nivel fetichista me ayuda alguna joya, prenda y\/o perfume que me lleve a la transformaci\u00f3n.<\/p>\n<p style=\"text-align: justify;\">\n<p style=\"text-align: justify;\"><strong>-A cu\u00e1ntos castings tuviste que asistir, hasta terminar siendo escogida para tu primer papel, y c\u00f3mo viviste todos esos arduos y duros momentos. En alg\u00fan momento, llegaste a dudar de que tuvieras \u00e9xito en el camino emprendido.<\/strong><\/p>\n<p style=\"text-align: justify;\">\n<p style=\"text-align: justify;\">-Recuerdo el casting de mar de Pl\u00e1stico, muy decisivo en mi carrera, ya que fue mi primer personaje fijo y me dio a conocer al p\u00fablico. Hice el casting y no ten\u00eda muchas esperanzas porque lo\u00a0 ten\u00eda muy dif\u00edcil, pens\u00e9 que escoger\u00edan a una chica del este. Pasaron varios meses del casting y no sab\u00eda nada de \u00e9l, fue un momento de mi vida decisivo en el que pens\u00e9 tirar la toalla, porque no estaba teniendo suerte y pens\u00e9 en volverme a C\u00e1diz o buscarme la vida de otra cosa. Me di de plazo hasta mi cumplea\u00f1os, y 5 d\u00edas antes me llamaron que me hab\u00edan cogido.<\/p>\n<p style=\"text-align: justify;\">\n<p style=\"text-align: justify;\"><strong>-Tu debut fue en la serie <em>Gran Hotel, <\/em>pero lograste una enorme repercusi\u00f3n con series como <em>Mar de pl\u00e1stico, Servir y proteger, La v\u00edctima n\u00famero 8 y Vis a vis: El oasis, <\/em>de aquellos papeles y series, qu\u00e9 recuerdos y ense\u00f1anzas guardas a nivel de equipo de rodaje y compa\u00f1eros de reparto. Te gustar\u00eda volver a coincidir con alguno en especial, por la grata impresi\u00f3n que dejaron en ti. <\/strong><\/p>\n<p style=\"text-align: justify;\">\n<p style=\"text-align: justify;\">-He tenido mucha suerte porque siempre he estado rodeada de grandes equipos. Admiro mucho a todos los directores con los que he trabajado, como Norberto L\u00f3pez, Miguel \u00c1ngel Vivas, Alejandro Bazzano, Javier Quintas\u2026 Me encantar\u00eda volver a coincidir con todos ellos. A nivel actoral me encantar\u00eda volver a coincidir con compa\u00f1eros de Mar de pl\u00e1stico como Andrea Del R\u00edo, Pedro. Casablanc, Patrick Criado, Federico Aguado\u2026<\/p>\n<p style=\"text-align: justify;\">\n<p style=\"text-align: justify;\"><a href=\"http:\/\/granadacostanacional.es\/wp-content\/uploads\/2021\/12\/DSC_1313-Recuperado-Recuperado-copia-1.jpg\"><img decoding=\"async\" loading=\"lazy\" class=\"aligncenter size-large wp-image-30474\" src=\"http:\/\/granadacostanacional.es\/wp-content\/uploads\/2021\/12\/DSC_1313-Recuperado-Recuperado-copia-1-684x1024.jpg\" alt=\"DSC_1313-Recuperado-Recuperado copia-1\" width=\"684\" height=\"1024\" \/><\/a><\/p>\n<p style=\"text-align: justify;\">\n<p style=\"text-align: justify;\"><strong>-Has rodado algunas pel\u00edculas, y en la actualidad acabas de estrenar la comedia social <em>H\u00e9roes de barrio <\/em>de \u00c1ngeles Rein\u00e9. Fue divertido todo el proceso de rodaje y qu\u00e9 nos puedes contar sin desvelar el final de la pel\u00edcula, para que nuestros lectores tengan deseos de ir a verla y pasar un rato entretenido. <\/strong><\/p>\n<p style=\"text-align: justify;\">\n<p style=\"text-align: justify;\">-Es una pel\u00edcula muy humana y bonita, creo que os encantar\u00e1, una pel\u00edcula para toda la familia y Carmen, la mujer a la que interpreto, es una mujer andaluza pizpireta, muy valiente.<\/p>\n<p style=\"text-align: justify;\">\n<p style=\"text-align: justify;\"><strong>-Entiendo que debido a tus rasgos, cabello rubio y ojos claros, te servir\u00e1n de forma excelente para rodar papeles de extranjera, como ya has hecho en tus inicios con personajes de pa\u00edses del Este de Europa (papeles por los que muchos todav\u00eda se piensan que eres rusa). Te ves alg\u00fan d\u00eda dando el salto al cine extranjero de habla inglesa. Aprovechando esas caracter\u00edsticas f\u00edsicas con las que naciste y tu conocimiento de idiomas.<\/strong><\/p>\n<p style=\"text-align: justify;\">\u00a0-Me encantar\u00eda formar parte de una producci\u00f3n internacional de habla inglesa o alemana, ojal\u00e1 tenga esa suerte!!<\/p>\n<p style=\"text-align: justify;\">\n<p style=\"text-align: justify;\"><strong>-Has rodado para la televisi\u00f3n y el cine, pero te ves haciendo alg\u00fan a\u00f1o de estos, lo que es el ARTE MAYOR de la interpretaci\u00f3n por su cercan\u00eda con el p\u00fablico y que no existen distintas tomas, como es el Teatro.<\/strong><\/p>\n<p style=\"text-align: justify;\">-En 2019 estren\u00e9 el sirviente, en el teatro espa\u00f1ol junto a Eusebio p\u00edncela, Pablo Rivero, Sandra Escacena y Carles Francino, desgraciadamente por la pandemia vimos truncada nuestra gira. Mis inicios son en el teatro y siempre que puedo vuelvo a los escenarios. Estoy preparando una nueva propuesta esc\u00e9nica de la que pronto tendr\u00e9is noticias.<\/p>\n<p style=\"text-align: justify;\">\n<p style=\"text-align: justify;\"><strong><em>&#8211;<\/em>De todos los personajes que has interpretado, cu\u00e1les te resultaron m\u00e1s dif\u00edciles y con cu\u00e1les, te enriqueciste como actriz y persona. <\/strong><\/p>\n<p style=\"text-align: justify;\">-De todos he aprendido, en cada uno intento dejarme la piel y el alma.<\/p>\n<p style=\"text-align: justify;\">\n<p style=\"text-align: justify;\"><strong>-Existen actrices a las que se les da genial la comedia o el drama, y otras que prefieren ser las malas de la pel\u00edcula, porque las villanas tienen ese lado profundo y divertido, que los hace ser atractivos por su complejidad y lo que ofrecen. En el caso de Lisi Linder, con qu\u00e9 estilo de personajes est\u00e1 m\u00e1s a gusto y cu\u00e1les son los que le gustar\u00eda hacer, si se lo propusieran. <\/strong><\/p>\n<p style=\"text-align: justify;\">-He hecho personajes oscuros como Agneska o Monica Ramala, una mujer de armas tomar como Almudena en la Victima N 8, o una mujer de alta clase como Sally Grant en el Sirviente. Me encantar\u00eda hacer de polic\u00eda o psic\u00f3loga, alg\u00fan personaje psicol\u00f3gico.<\/p>\n<p style=\"text-align: justify;\"><a href=\"http:\/\/granadacostanacional.es\/wp-content\/uploads\/2021\/12\/DSC_1447sinarruguita.jpg\"><img decoding=\"async\" loading=\"lazy\" class=\"aligncenter size-large wp-image-30475\" src=\"http:\/\/granadacostanacional.es\/wp-content\/uploads\/2021\/12\/DSC_1447sinarruguita-684x1024.jpg\" alt=\"DSC_1447sinarruguita\" width=\"684\" height=\"1024\" \/><\/a><\/p>\n<p style=\"text-align: justify;\"><strong>-Con todo esto del Covid-19, el pa\u00eds entero y el planeta en general est\u00e1n viviendo momentos de crisis que todav\u00eda duraran por desgracia mucho entre nosotros. En el caso de Lisi Linder, c\u00f3mo se ha visto afectada tu vida personal y laboral en lo que respecta a los rodajes y en la cancelaci\u00f3n de proyectos. <\/strong><\/p>\n<p style=\"text-align: justify;\">-Como os he comentado, la gira de teatro del Sirviente se vio truncada, y ahora tambi\u00e9n estoy a la espera de un rodaje internacional coproducci\u00f3n con Latinoam\u00e9rica que se est\u00e1 retrasando por la pandemia. Espero se confirme pronto y os pueda contar algo pronto.<\/p>\n<p style=\"text-align: justify;\">\n<p style=\"text-align: justify;\"><strong>-Para concluir, existe alguna pregunta que te hubiera gustado haber respondido, y que no has tenido la oportunidad de hacerlo. <\/strong><\/p>\n<p style=\"text-align: justify;\">-La verdad es que ha sido una entrevista muy completa, no sabr\u00eda que m\u00e1s contaros jajajaja!!<\/p>\n<p style=\"text-align: justify;\">\n<p style=\"text-align: justify;\"><strong>Quiero agradecerte Lisi Linder, el tiempo que nos has dispensado dentro de tu apretada agenda con el estreno y presentaci\u00f3n, de la pel\u00edcula <em>H\u00e9roes de barrio <\/em>que recomiendo a los lectores que vayan a ver, para divertirse un buen rato. Te deseo mucha suerte en tu carrera y que sigamos disfrutando de tu presencia y calidad interpretativa, por muchos a\u00f1os. <\/strong><\/p>\n<p style=\"text-align: justify;\"><strong>Sin m\u00e1s, y esperando tengas a bien para cerrar la entrevista, el responder a unas preguntas tipo test, con las que podamos llegar a conocerte un poco mejor. Recibe un fuerte abrazo y mis mejores deseos. <\/strong><\/p>\n<p style=\"text-align: justify;\">\n<p style=\"text-align: justify;\">\n<p style=\"text-align: justify;\">\u00a0\u00a0\u00a0\u00a0\u00a0\u00a0\u00a0\u00a0\u00a0\u00a0\u00a0\u00a0\u00a0\u00a0 <strong><u>PREGUNTAS TIPO TEST: <\/u><\/strong><\/p>\n<p style=\"text-align: justify;\">\n<p style=\"text-align: justify;\">\u00a0\u00a0\u00a0\u00a0\u00a0\u00a0\u00a0\u00a0\u00a0\u00a0\u00a0\u00a0\u00a0\u00a0 <strong>\u00bfUn personaje hist\u00f3rico?<\/strong> Mahatma Gandhi.<\/p>\n<p style=\"text-align: justify;\">\u00a0\u00a0\u00a0\u00a0\u00a0\u00a0\u00a0\u00a0\u00a0\u00a0\u00a0\u00a0\u00a0\u00a0 <strong>\u00bfUna \u00e9poca?<\/strong> La Grecia cl\u00e1sica.<\/p>\n<p style=\"text-align: justify;\">\u00a0\u00a0\u00a0\u00a0\u00a0\u00a0\u00a0\u00a0\u00a0\u00a0\u00a0\u00a0\u00a0\u00a0 <strong>\u00bfUn pintor?<\/strong> Pablo Picasso.<\/p>\n<p style=\"text-align: justify;\">\u00a0\u00a0\u00a0\u00a0\u00a0\u00a0\u00a0\u00a0\u00a0\u00a0\u00a0\u00a0\u00a0\u00a0 <strong>\u00bfUn escultor? <\/strong>Miguel \u00c1ngel Buonarroti.<\/p>\n<p style=\"text-align: justify;\">\u00a0\u00a0\u00a0\u00a0\u00a0\u00a0\u00a0\u00a0\u00a0\u00a0\u00a0\u00a0\u00a0\u00a0 <strong>\u00bfUn escritor?<\/strong> Ernest Hemingway.<\/p>\n<p style=\"text-align: justify;\">\u00a0\u00a0\u00a0\u00a0\u00a0\u00a0\u00a0\u00a0\u00a0\u00a0\u00a0\u00a0\u00a0\u00a0 <strong>\u00bfUn poeta?<\/strong> Federico Garc\u00eda Lorca.<\/p>\n<p style=\"text-align: justify;\">\u00a0\u00a0\u00a0\u00a0\u00a0\u00a0\u00a0\u00a0\u00a0\u00a0\u00a0\u00a0\u00a0\u00a0 <strong>\u00bfUn libro?<\/strong> Bodas de sangre.<\/p>\n<p style=\"text-align: justify;\">\u00a0\u00a0\u00a0\u00a0\u00a0\u00a0\u00a0\u00a0\u00a0\u00a0\u00a0\u00a0\u00a0\u00a0 <strong>\u00bfUna pel\u00edcula?<\/strong>\u00a0 Pulp Fiction.<\/p>\n<p style=\"text-align: justify;\">\u00a0\u00a0\u00a0\u00a0\u00a0\u00a0\u00a0\u00a0\u00a0\u00a0\u00a0\u00a0\u00a0\u00a0 <strong>\u00bfUn director de cine, teatro o televisi\u00f3n?<\/strong> Federico Fellini.<\/p>\n<p style=\"text-align: justify;\">\u00a0\u00a0\u00a0\u00a0\u00a0\u00a0\u00a0\u00a0\u00a0\u00a0\u00a0\u00a0\u00a0\u00a0 <strong>\u00bfUn actor?<\/strong> Christian Bale.<\/p>\n<p style=\"text-align: justify;\">\u00a0\u00a0\u00a0\u00a0\u00a0\u00a0\u00a0\u00a0\u00a0\u00a0\u00a0\u00a0\u00a0\u00a0 <strong>\u00bfUna actriz?<\/strong> Meryl Streep.<\/p>\n<p style=\"text-align: justify;\"><strong>\u00a0\u00a0\u00a0\u00a0\u00a0\u00a0\u00a0\u00a0\u00a0\u00a0\u00a0\u00a0\u00a0 \u00bfUn compositor? <\/strong>Claude Debussy.<\/p>\n<p style=\"text-align: justify;\">\u00a0\u00a0\u00a0\u00a0\u00a0\u00a0\u00a0\u00a0\u00a0\u00a0\u00a0\u00a0\u00a0\u00a0 <strong>\u00bfUn cantante?<\/strong> Michael Jackson.<\/p>\n<p style=\"text-align: justify;\">\u00a0\u00a0\u00a0\u00a0\u00a0\u00a0\u00a0\u00a0\u00a0\u00a0\u00a0\u00a0\u00a0\u00a0 <strong>\u00bfUn m\u00fasico?<\/strong> Janice Joplin.<\/p>\n<p style=\"text-align: justify;\">\u00a0\u00a0\u00a0\u00a0\u00a0\u00a0\u00a0\u00a0\u00a0\u00a0\u00a0\u00a0\u00a0\u00a0 <strong>\u00bfUna flor? <\/strong>La Orqu\u00eddea.<\/p>\n<p style=\"text-align: justify;\">\u00a0\u00a0\u00a0\u00a0\u00a0\u00a0\u00a0\u00a0\u00a0\u00a0\u00a0\u00a0\u00a0\u00a0 <strong>\u00bfUn animal?<\/strong> El gato.<\/p>\n<p style=\"text-align: justify;\">\u00a0\u00a0\u00a0\u00a0\u00a0\u00a0\u00a0\u00a0\u00a0\u00a0\u00a0\u00a0\u00a0\u00a0 <strong>\u00bfUna estaci\u00f3n del a\u00f1o?<\/strong> La primavera.<\/p>\n<p style=\"text-align: justify;\">\u00a0\u00a0\u00a0\u00a0\u00a0\u00a0\u00a0\u00a0\u00a0\u00a0\u00a0\u00a0\u00a0\u00a0 <strong>\u00bfUn lugar donde residir?<\/strong> C\u00e1diz.<\/p>\n<p style=\"text-align: justify;\">\u00a0\u00a0\u00a0\u00a0\u00a0\u00a0\u00a0\u00a0\u00a0\u00a0\u00a0\u00a0\u00a0\u00a0 <strong>\u00bfUn lugar que te gustar\u00eda visitar antes de morir? <\/strong>El T\u00edbet.<\/p>\n<p style=\"text-align: justify;\">\u00a0\u00a0\u00a0\u00a0\u00a0\u00a0\u00a0\u00a0\u00a0\u00a0\u00a0\u00a0\u00a0\u00a0 <strong>\u00bfUn color?<\/strong> Verde aguamarina.<\/p>\n<p style=\"text-align: justify;\">\n<p style=\"text-align: right;\"><strong>Entrevista por Ricardo Campos Urbaneja<\/strong><\/p>\n<p style=\"text-align: right;\"><strong>Ir\u00fan<\/strong><\/p>\n","protected":false},"excerpt":{"rendered":"<p>En esta ocasi\u00f3n y aprovechando el reciente estreno de la pel\u00edcula H\u00e9roes de barrio, una comedia social dirigida por \u00c1ngeles&hellip;<\/p>\n","protected":false},"author":3,"featured_media":30471,"comment_status":"open","ping_status":"open","sticky":false,"template":"","format":"standard","meta":{"om_disable_all_campaigns":false,"_mi_skip_tracking":false,"_monsterinsights_sitenote_active":false,"_monsterinsights_sitenote_note":"","_monsterinsights_sitenote_category":0,"footnotes":""},"categories":[21],"tags":[],"aioseo_notices":[],"_links":{"self":[{"href":"https:\/\/granadacostaglobal.es\/index.php?rest_route=\/wp\/v2\/posts\/30470"}],"collection":[{"href":"https:\/\/granadacostaglobal.es\/index.php?rest_route=\/wp\/v2\/posts"}],"about":[{"href":"https:\/\/granadacostaglobal.es\/index.php?rest_route=\/wp\/v2\/types\/post"}],"author":[{"embeddable":true,"href":"https:\/\/granadacostaglobal.es\/index.php?rest_route=\/wp\/v2\/users\/3"}],"replies":[{"embeddable":true,"href":"https:\/\/granadacostaglobal.es\/index.php?rest_route=%2Fwp%2Fv2%2Fcomments&post=30470"}],"version-history":[{"count":0,"href":"https:\/\/granadacostaglobal.es\/index.php?rest_route=\/wp\/v2\/posts\/30470\/revisions"}],"wp:featuredmedia":[{"embeddable":true,"href":"https:\/\/granadacostaglobal.es\/index.php?rest_route=\/"}],"wp:attachment":[{"href":"https:\/\/granadacostaglobal.es\/index.php?rest_route=%2Fwp%2Fv2%2Fmedia&parent=30470"}],"wp:term":[{"taxonomy":"category","embeddable":true,"href":"https:\/\/granadacostaglobal.es\/index.php?rest_route=%2Fwp%2Fv2%2Fcategories&post=30470"},{"taxonomy":"post_tag","embeddable":true,"href":"https:\/\/granadacostaglobal.es\/index.php?rest_route=%2Fwp%2Fv2%2Ftags&post=30470"}],"curies":[{"name":"wp","href":"https:\/\/api.w.org\/{rel}","templated":true}]}}