{"id":30389,"date":"2021-12-03T15:56:24","date_gmt":"2021-12-03T15:56:24","guid":{"rendered":"http:\/\/granadacostanacional.es\/?p=30389"},"modified":"2021-12-03T15:56:24","modified_gmt":"2021-12-03T15:56:24","slug":"cuentos-y-relatos-turulatos-un-libro-de-maria-eloina-bonet","status":"publish","type":"post","link":"https:\/\/granadacostaglobal.es\/?p=30389","title":{"rendered":"\u201cCuentos y Relatos Turulatos\u201d un libro de Mar\u00eda Eloina Bonet"},"content":{"rendered":"<h2 style=\"text-align: justify;\">Divertido, chocante, con ret\u00f3rica \u00e1gil bien resuelta y editado con primor<\/h2>\n<p style=\"text-align: justify;\">Con amplia concurrencia de p\u00fablico, entregado y amigo, se fue llenando el aforo de la sala de Banderas de Casa de Castilla \u2013 La Mancha en Valencia, el pasado 29 de noviembre 2021, para asistir a la presentaci\u00f3n del libro \u201cCuentos y Relatos Turulatos\u201d original de Mar\u00eda Eloina Bonet y editado por Granada Club Selecci\u00f3n.<\/p>\n<p style=\"text-align: justify;\">Bajo el apoyo del Grupo Literario y Cultural A-rimando y dentro de los actos organizados por esta asociaci\u00f3n, se exhibi\u00f3 la m\u00e1s reciente obra de la escritora y poeta Marielo, persona del grupo que domina entre otros, el arte del humor sencillo, directo y perspicaz.<\/p>\n<p style=\"text-align: justify;\">Estaba invitado el presidente de la editorial Jos\u00e9 Segura, quien a \u00faltima hora excus\u00f3 su presencia, por cuesti\u00f3n de agenda, mediante una carta de agradecimiento y disculpa que fue le\u00edda p\u00fablicamente. Sus palabras (escritas), fueron acogidas, por los presentes, con un caluroso aplauso a sus t\u00e1citos deseos de \u00e9xito.<\/p>\n<p style=\"text-align: justify;\"><a href=\"http:\/\/granadacostanacional.es\/wp-content\/uploads\/2021\/12\/mesa.jpg\"><img decoding=\"async\" loading=\"lazy\" class=\"aligncenter size-large wp-image-30390\" src=\"http:\/\/granadacostanacional.es\/wp-content\/uploads\/2021\/12\/mesa-1024x792.jpg\" alt=\"mesa\" width=\"1024\" height=\"792\" \/><\/a> <a href=\"http:\/\/granadacostanacional.es\/wp-content\/uploads\/2021\/12\/grupo-de-lectores.jpg\"><img decoding=\"async\" loading=\"lazy\" class=\"aligncenter size-large wp-image-30391\" src=\"http:\/\/granadacostanacional.es\/wp-content\/uploads\/2021\/12\/grupo-de-lectores-1024x693.jpg\" alt=\"grupo-de-lectores\" width=\"1024\" height=\"693\" \/><\/a><\/p>\n<p style=\"text-align: justify;\">La mesa del evento constituida por Carmen Carrasco, prologuista, la autora Mar\u00eda Eloina Bonet, Antonio Ba\u00f1os secretario y Francisco Ponce presidente de la entidad convocante, dio la bienvenida a los asistentes y brind\u00f3 una semblanza de la autora, su obra y el libro objeto del acto, que fueron largamente aplaudidas por la asistencia en \u201cloor\u201d de los, sinceros y acertados comentarios.<\/p>\n<p style=\"text-align: justify;\">Tambi\u00e9n tuvo mucho que ver la masiva participaci\u00f3n a &lt;&lt;pie de mesa&gt;&gt; de muchos de los componentes de A-rimando y p\u00fablico en general que mediante sus aportaciones personales o la lectura de pasajes de la obra presentada, tributaron un claro homenaje a su autora.<\/p>\n<p style=\"text-align: justify;\">Finalmente Marielo, visiblemente emocionada, dirigi\u00f3 unas palabras de agradecimiento a todos y respondi\u00f3 varias preguntas que le fueron formuladas, antes de la foto final de algunos de los asistentes, que quisieron dejar patente su presencia en tan emotivo acto.<\/p>\n<p style=\"text-align: justify;\"><a href=\"http:\/\/granadacostanacional.es\/wp-content\/uploads\/2021\/12\/ambiente-y-musica.jpg\"><img decoding=\"async\" loading=\"lazy\" class=\"aligncenter size-large wp-image-30392\" src=\"http:\/\/granadacostanacional.es\/wp-content\/uploads\/2021\/12\/ambiente-y-musica-1024x816.jpg\" alt=\"ambiente-y-musica\" width=\"1024\" height=\"816\" \/><\/a> <a href=\"http:\/\/granadacostanacional.es\/wp-content\/uploads\/2021\/12\/con-rotulo-final.jpg\"><img decoding=\"async\" loading=\"lazy\" class=\"aligncenter size-large wp-image-30393\" src=\"http:\/\/granadacostanacional.es\/wp-content\/uploads\/2021\/12\/con-rotulo-final-1024x949.jpg\" alt=\"con-rotulo-final\" width=\"1024\" height=\"949\" \/><\/a><\/p>\n<p style=\"text-align: justify;\">El evento, en diferentes per\u00edodos, estuvo amenizado por la m\u00fasica y composiciones en directo del saxofonista Yusep Aznar, perteneciente al grupo, quien fue requerido para contribuir al esplendor del mismo y ciertamente que lo consigui\u00f3.<\/p>\n<p style=\"text-align: justify;\">Se puso un final con &lt;&lt;cava valenciano de honor&gt;&gt; y amplia charla (con mascarillas), sobre el acto y la progresi\u00f3n de la autora de este libro, a la que auguramos largas \u201cconquistas\u201d, bastar\u00eda con ver el apremiante turno que se form\u00f3 para recoger su firma.<\/p>\n<p style=\"text-align: right;\">CR\u00d3NICA de: Francisco Ponce Carrasco<\/p>\n","protected":false},"excerpt":{"rendered":"<p>Divertido, chocante, con ret\u00f3rica \u00e1gil bien resuelta y editado con primor Con amplia concurrencia de p\u00fablico, entregado y amigo, se&hellip;<\/p>\n","protected":false},"author":2,"featured_media":24452,"comment_status":"open","ping_status":"open","sticky":false,"template":"","format":"standard","meta":{"om_disable_all_campaigns":false,"_mi_skip_tracking":false,"_monsterinsights_sitenote_active":false,"_monsterinsights_sitenote_note":"","_monsterinsights_sitenote_category":0,"footnotes":""},"categories":[21,30],"tags":[],"aioseo_notices":[],"_links":{"self":[{"href":"https:\/\/granadacostaglobal.es\/index.php?rest_route=\/wp\/v2\/posts\/30389"}],"collection":[{"href":"https:\/\/granadacostaglobal.es\/index.php?rest_route=\/wp\/v2\/posts"}],"about":[{"href":"https:\/\/granadacostaglobal.es\/index.php?rest_route=\/wp\/v2\/types\/post"}],"author":[{"embeddable":true,"href":"https:\/\/granadacostaglobal.es\/index.php?rest_route=\/wp\/v2\/users\/2"}],"replies":[{"embeddable":true,"href":"https:\/\/granadacostaglobal.es\/index.php?rest_route=%2Fwp%2Fv2%2Fcomments&post=30389"}],"version-history":[{"count":0,"href":"https:\/\/granadacostaglobal.es\/index.php?rest_route=\/wp\/v2\/posts\/30389\/revisions"}],"wp:featuredmedia":[{"embeddable":true,"href":"https:\/\/granadacostaglobal.es\/index.php?rest_route=\/"}],"wp:attachment":[{"href":"https:\/\/granadacostaglobal.es\/index.php?rest_route=%2Fwp%2Fv2%2Fmedia&parent=30389"}],"wp:term":[{"taxonomy":"category","embeddable":true,"href":"https:\/\/granadacostaglobal.es\/index.php?rest_route=%2Fwp%2Fv2%2Fcategories&post=30389"},{"taxonomy":"post_tag","embeddable":true,"href":"https:\/\/granadacostaglobal.es\/index.php?rest_route=%2Fwp%2Fv2%2Ftags&post=30389"}],"curies":[{"name":"wp","href":"https:\/\/api.w.org\/{rel}","templated":true}]}}