{"id":30379,"date":"2021-12-02T16:18:39","date_gmt":"2021-12-02T16:18:39","guid":{"rendered":"http:\/\/granadacostanacional.es\/?p=30379"},"modified":"2021-12-02T16:18:39","modified_gmt":"2021-12-02T16:18:39","slug":"microrrelatos","status":"publish","type":"post","link":"https:\/\/granadacostaglobal.es\/?p=30379","title":{"rendered":"MICRORRELATOS"},"content":{"rendered":"<p style=\"text-align: justify;\">Tarde c\u00e1lida de un incipiente oto\u00f1o valenciano. El sol, que hasta hace unos momentos penetraba por mi amplio ventanal, se va ocultando camino de su ocaso. El sal\u00f3n, antes luminoso, se va llenando de sombras. \u00a1Qu\u00e9 cortas se han hecho ahora las tardes! Y c\u00f3mo a\u00f1oro aquellas largas del est\u00edo llenas de luz y de vida. Envuelta casi en tinieblas, mi mente, serena, me pongo a pensar en tantas cosas como llevo hechas desde que comenc\u00e9 a andar por esta senda de la escritura hace\u2026 unos cuantos a\u00f1os\u2026 Libros, poemas, art\u00edculos, biograf\u00edas, teatro, entrevistas reales y virtuales, haikus, relatos, microrrelatos\u2026<\/p>\n<p style=\"text-align: justify;\">\u00a0\u00a0\u00a0\u00a0 S\u00ed, tambi\u00e9n hubo una etapa en que me dio por escribir microrrelatos e, incluso, llegu\u00e9 a presentar algunos a un famoso marat\u00f3n del cual sal\u00ed finalista en tres o cuatro ocasiones. En alguna de ellas, seg\u00fan me dijeron, estuve a las puertas de ganar, pero esa puerta no acab\u00f3 de abrirse, solo se entreabri\u00f3. Da igual, \u00e9ramos muchos y lo importante era participar, frase feliz del Bar\u00f3n de Couvertin, lema del esp\u00edritu ol\u00edmpico para dejarnos bien a todos. A todos los que no ganaban, claro.<\/p>\n<p style=\"text-align: justify;\">\u00a0\u00a0\u00a0\u00a0 Y ahora que lo pienso\u2026 se me est\u00e1 ocurriendo una cosa. Voy a desempolvar algunos de esos microrrelatos, olvidados en el tiempo, y les voy a dar su minuto de gloria entre estas p\u00e1ginas del <strong>Rinc\u00f3n po\u00e9tico<\/strong> como peque\u00f1o homenaje a las cosas sencillas.<\/p>\n<p style=\"text-align: justify;\"><em>\u00a0\u00a0\u00a0\u00a0 Pensat i fet,<\/em> que se dice por aqu\u00ed. As\u00ed que, vaya por delante el primero.<\/p>\n<p>&nbsp;<\/p>\n<h3 style=\"text-align: center;\"><strong><span style=\"color: #3366ff;\">\u00a0EL CUADRO<\/span><\/strong><\/h3>\n<p><strong>\u00a0<\/strong><\/p>\n<p style=\"text-align: center;\">(microrrelato finalista en el marat\u00f3n CLAVE 2015)<\/p>\n<p>&nbsp;<\/p>\n<p style=\"text-align: justify;\">\u00a0\u00a0\u00a0\u00a0 Lord Spencer se hallaba en el amplio sal\u00f3n de su mansi\u00f3n ante el retrato de su difunta esposa, Lady Elisabeth, mujer dominante y posesiva, cuyos celos le hicieron la vida imposible. Se cas\u00f3 muy enamorado, pero con el tiempo aquella pasi\u00f3n fue apag\u00e1ndose lentamente. La muerte prematura de ella fue su liberaci\u00f3n.<\/p>\n<p style=\"text-align: justify;\">\u00a0\u00a0\u00a0\u00a0 Joven a\u00fan y lleno de vida, conoci\u00f3 a una bella muchacha que, poco a poco, conquist\u00f3 su coraz\u00f3n tan necesitado de amor. Convencido de sus sentimientos, le propuso matrimonio y ella, igualmente enamorada, acept\u00f3 haci\u00e9ndole el hombre m\u00e1s dichoso del mundo. El destino le brindaba una segunda oportunidad.<\/p>\n<p style=\"text-align: justify;\">\u00a0\u00a0\u00a0\u00a0 Pero, leal a la memoria de su primera esposa, crey\u00f3 un deber moral comunicarle su futuro enlace y la llegada a la mansi\u00f3n de una nueva Lady Spencer. Y ante el retrato de su difunta esposa, sosteniendo una rosa blanca entre sus manos, fue abri\u00e9ndole su coraz\u00f3n, pleno de felicidad por aquel futuro prometedor que ante \u00e9l se abr\u00eda.<\/p>\n<p style=\"text-align: justify;\">\u00a0\u00a0\u00a0\u00a0 Los ojos de Lady Elisabeth parec\u00edan brillar peligrosamente en la oscuridad del sal\u00f3n y de pronto, el cuadro, inexplicablemente, se descolg\u00f3 de la pared cayendo sobre el pobre lord Spencer.<\/p>\n<p style=\"text-align: justify;\">\u00a0\u00a0\u00a0\u00a0 A la ma\u00f1ana siguiente, los criados hallaron su cad\u00e1ver tendido sobre un charco de sangre a los pies del retrato, el cual permanec\u00eda en el mismo lugar de siempre. Pero la rosa blanca apareci\u00f3 te\u00f1ida de sangre, mientras en los ojos de Lady Elisabeth brillaba un destello de triunfo.<\/p>\n<p><a href=\"http:\/\/granadacostanacional.es\/wp-content\/uploads\/2021\/12\/image001.jpg\"><img decoding=\"async\" loading=\"lazy\" class=\"aligncenter wp-image-30380\" src=\"http:\/\/granadacostanacional.es\/wp-content\/uploads\/2021\/12\/image001.jpg\" alt=\"image001\" width=\"600\" height=\"852\" \/><\/a><\/p>\n<p style=\"text-align: center;\"><strong>Los ojos de Lady Elisabeth Spencer brillaban peligrosamente.<\/strong><\/p>\n<p style=\"text-align: center;\">\n<h3 style=\"text-align: center;\"><strong><span style=\"color: #339966;\">ADI\u00d3S A UN HOMBRE GRIS<\/span><\/strong><\/h3>\n<p>&nbsp;<\/p>\n<p style=\"text-align: justify;\">\u00a0\u00a0\u00a0\u00a0\u00a0 An\u00f3nimo hombre gris. Has emprendido ese viaje final sin apenas haber dejado huella de tu paso por la vida. Esa existencia gris y mon\u00f3tona que el destino te depar\u00f3.<\/p>\n<p style=\"text-align: justify;\">\u00a0\u00a0\u00a0 \u00a0No hubo para ti grandes alegr\u00edas personales ni triunfos en tu rutinario trabajo. S\u00f3lo fuiste un n\u00famero m\u00e1s en la lista de los hombres que pasan desapercibidos; hombres grises del ingente mont\u00f3n que forman la humanidad.<\/p>\n<p style=\"text-align: justify;\">\u00a0\u00a0\u00a0\u00a0 Trabajador an\u00f3nimo, jam\u00e1s tuviste una felicitaci\u00f3n por tu buen hacer d\u00eda a d\u00eda, a\u00f1o tras a\u00f1o. Eras el empleado gris que llevabas a cabo tu diaria tarea gris en medio de una jaur\u00eda de seres prepotentes que ignoraban tu existencia.<\/p>\n<p style=\"text-align: justify;\">\u00a0\u00a0\u00a0\u00a0 En el amor tampoco fuiste afortunado. Te casaste, como quien debe cumplir una obligaci\u00f3n con la sociedad, sin sentir esa ilusi\u00f3n que el amor inspira, sin pasi\u00f3n. Y sufrido padre, jam\u00e1s llegaste a despertar en tus hijos admiraci\u00f3n alguna, ning\u00fan orgullo. Fuiste la sombra gris de un hogar que, al desaparecer t\u00fa, se perdi\u00f3 como un ser evanescente.<\/p>\n<p style=\"text-align: justify;\">\u00a0\u00a0\u00a0\u00a0 \u00a1Pobre hombre gris! Tal vez, si alguna noche vemos brillar una peque\u00f1a estrella en el firmamento, quiz\u00e1 sea la tuya que al fin, all\u00e1 en lo alto, has alcanzado esa gloria, merecido premio, que en la tierra se te neg\u00f3.<\/p>\n<p style=\"text-align: justify;\">\n<h3 style=\"text-align: center;\"><span style=\"color: #ff99cc;\"><strong>CITA CON LA MUERTE<\/strong><\/span><\/h3>\n<p style=\"text-align: center;\">\n<p style=\"text-align: center;\">(finalista en el Marat\u00f3n de la CLAVE 2016)<\/p>\n<p>&nbsp;<\/p>\n<p style=\"text-align: justify;\">\u00a0\u00a0\u00a0\u00a0 S\u00f3lo ten\u00eda quince ingenuos a\u00f1os. Una vida que empezaba a florecer plena de sensaciones y descubrimientos, que la convertir\u00edan, de adolescente, en una aut\u00e9ntica mujer. Todo un halag\u00fce\u00f1o porvenir en su amplio horizonte.<\/p>\n<p style=\"text-align: justify;\">\u00a0\u00a0\u00a0\u00a0 Pero una noche, paseando por su jard\u00edn, entre las sombras vislumbr\u00f3 una figura siniestra que le sonre\u00eda con dientes descarnados. Asustada, escuch\u00f3 c\u00f3mo de aquel ser sal\u00eda una voz de ultratumba anunci\u00e1ndole<em>: -\u201cSoy la Muerte. Quiero tu vida. Toda la dicha que so\u00f1abas la vivir\u00e1s en mi mundo de sombras. Ven conmigo<\/em>\u201d.<\/p>\n<p style=\"text-align: justify;\">\u00a0\u00a0\u00a0\u00a0 La joven qued\u00f3 paralizada. \u00bfPara qu\u00e9 deseaba su vida aquel ser? La aparici\u00f3n tendi\u00f3 sus descarnados brazos queriendo asirla. Resignada, le propuso: <em>-\u201cMe ir\u00e9 contigo, pero antes, d\u00e9jame que disfrute de la vida, que experimente sensaciones desconocidas para m\u00ed, que conozca el amor. Despu\u00e9s, volver\u00e9 y entonces podr\u00e1s llevarme\u201d.<\/em><\/p>\n<p style=\"text-align: justify;\">\u00a0\u00a0\u00a0\u00a0 Y la joven vivi\u00f3 durante un lapsus de tiempo todo aquello que su coraz\u00f3n anhelaba. Dichas, aventuras, nuevas experiencias. Y, finalmente, conoci\u00f3 el amor con toda su intensidad.<\/p>\n<p style=\"text-align: justify;\">\u00a0\u00a0\u00a0\u00a0 Volvi\u00f3 convertida en mujer y, cumpliendo su promesa con la Muerte, vio sorprendida c\u00f3mo al verla, despechada, esta se alejaba de all\u00ed.<\/p>\n<p style=\"text-align: justify;\">\u00a0\u00a0\u00a0\u00a0 La Muerte hab\u00eda venido por una sola vida y la joven ahora llevaba en sus entra\u00f1as un nuevo ser.<\/p>\n<p style=\"text-align: justify;\">\n<p style=\"text-align: center;\"><span style=\"color: #ff0000;\"><strong>LA PEQUE\u00d1A FLOR<\/strong><\/span><\/p>\n<p>&nbsp;<\/p>\n<p style=\"text-align: justify;\">La brisa oto\u00f1al aventa en el frondoso jard\u00edn las \u00faltimas flores del est\u00edo. Sus p\u00e9talos van cayendo uno a uno deshojados, con desmayo, formando un bello tapiz multicolor que poco a poco cubre el extenso suelo de tonos oto\u00f1ales. Otras hojas vagan en el vac\u00edo, cual alas de tristes mariposas que han perdido su rumbo.<\/p>\n<p style=\"text-align: justify;\">\u00a0\u00a0\u00a0\u00a0 Hojas matizadas de las rosas, perfumadas del m\u00edtico clavel, delicadas del peque\u00f1o jazm\u00edn, aladas de leves pensamientos, n\u00edveas de sencillas margaritas\u2026 van cayendo una a una sin vida. En el jard\u00edn no va quedando ya ninguna flor.<\/p>\n<p style=\"text-align: justify;\">\u00a0\u00a0\u00a0\u00a0 Y el jard\u00edn, que ya empieza a cubrirse de sombras, est\u00e1 triste. Recuerda con nostalgia esos d\u00edas alegres cuando ba\u00f1ado de sol lo visitaban cantarinos p\u00e1jaros que al piar compon\u00edan una bella sinfon\u00eda llenando el aire de trinos afinados.<\/p>\n<p style=\"text-align: justify;\">\u00a0\u00a0\u00a0\u00a0 Tambi\u00e9n evoca aquellos cansinos paseos de apacibles ancianos que en el est\u00edo se cobijaban de los ardientes rayos del sol bajo la protectora sombra de sus \u00e1rboles cubiertos por cientos de hojas danzarinas, s\u00edlfides et\u00e9reas, que al son del aire ofrec\u00edan su danza original.<\/p>\n<p style=\"text-align: justify;\">\u00a0\u00a0\u00a0\u00a0 \u00a0Y a\u00f1ora a las felices parejas de enamorados que al pasar junto a ellos, enlazadas sus manos, rojos los corazones, se hac\u00edan dulces promesas de amor y grababan sus nombres en sus viejos troncos.<\/p>\n<p style=\"text-align: justify;\">\u00a0\u00a0\u00a0\u00a0 \u00bfD\u00f3nde estaban los ruidosos ni\u00f1os que, traviesos, correteaban incansables por todo el parque alegrando el entorno con sus risas y juegos infantiles? \u00a1Cu\u00e1nto los echaba de menos! \u00bfPor qu\u00e9 no ven\u00edan ya?<\/p>\n<p style=\"text-align: justify;\">\u00a0\u00a0\u00a0\u00a0 Mas, todo aquello pas\u00f3. Huyeron los felices d\u00edas de anta\u00f1o. Ahora tan s\u00f3lo reinaban por doquier el silencio y la soledad. Y resignado, el jard\u00edn se envuelve entre sus sombras, dispuesto a pasar el fr\u00edo invierno y la ya cercana Navidad sin nadie que lo acompa\u00f1e. Se siente viejo y solitario sin sus flores, sin sus ni\u00f1os, sin sus p\u00e1jaros\u2026 \u00c9l, que todo lo tuvo.<\/p>\n<p style=\"text-align: justify;\">\u00a0\u00a0\u00a0\u00a0 Y de pronto, el viejo parque vislumbra a lo lejos como un blanco destello que resalta en medio de la densa oscuridad. Y el anciano jard\u00edn sonr\u00ede agradecido y feliz.<\/p>\n<p style=\"text-align: justify;\">\u00a1Ya tiene compa\u00f1\u00eda! \u00a1Ya no pasar\u00e1 la Navidad abandonado! \u00a1Ha visto a la m\u00e1s peque\u00f1a de sus hijas!<\/p>\n<p style=\"text-align: center;\">\n<p style=\"text-align: center;\">Es una florecilla diminuta<\/p>\n<p style=\"text-align: center;\">que ha quedado escondida en la hojarasca<\/p>\n<p style=\"text-align: center;\">y que el viento no ha podido deshojar.<\/p>\n<p style=\"text-align: center;\"><a href=\"http:\/\/granadacostanacional.es\/wp-content\/uploads\/2021\/12\/image003.jpg\"><img decoding=\"async\" loading=\"lazy\" class=\"aligncenter wp-image-30381\" src=\"http:\/\/granadacostanacional.es\/wp-content\/uploads\/2021\/12\/image003.jpg\" alt=\"image003\" width=\"600\" height=\"598\" \/><\/a><\/p>\n<p style=\"text-align: center;\"><strong>Es una florecilla diminuta brillando en la oscuridad<\/strong><\/p>\n<p>&nbsp;<\/p>\n<h3 style=\"text-align: center;\"><strong><span style=\"color: #666699;\">EL REGALO<\/span><\/strong><\/h3>\n<p>&nbsp;<\/p>\n<p style=\"text-align: justify;\">\u00a0El eminente cient\u00edfico, en su taller, le daba vueltas a la cabeza pensando en el regalo de cumplea\u00f1os que le har\u00eda a su peque\u00f1a hija, ni\u00f1a caprichosa, mimada por la fortuna, adorada por todos.<\/p>\n<p style=\"text-align: justify;\">\u00a0\u00a0\u00a0\u00a0 Y de pronto, como aquel sabio de la antig\u00fcedad, exclam\u00f3<em>: -\u00a1Eureka! Construir\u00e9 un robot que ande, se mueva, obedezca y conteste al formularle alguna pregunta. Parecer\u00e1 casi un ser humano.<\/em><\/p>\n<p style=\"text-align: justify;\">\u00a0\u00a0\u00a0\u00a0 Y desde ese instante, dedic\u00f3 todo su tiempo libre a la construcci\u00f3n de aquella m\u00e1quina, pieza a pieza en perfecta conjunci\u00f3n.<\/p>\n<p style=\"text-align: justify;\">\u00a0\u00a0\u00a0\u00a0 Se dir\u00eda que aquel robot no era un cuerpo met\u00e1lico sino un joven humano cuyos ojos desped\u00edan ternura en la mirada.<\/p>\n<p style=\"text-align: justify;\">\u00a0\u00a0\u00a0\u00a0 Y, satisfecho, esper\u00f3 que llegase el d\u00eda del cumplea\u00f1os de la ni\u00f1a para entregarle ilusionado su regalo: aquel robot que rayaba casi en la perfecci\u00f3n.<\/p>\n<p style=\"text-align: justify;\">\u00a0\u00a0\u00a0\u00a0 La ni\u00f1a, rodeada de un sinn\u00famero de juguetes, mu\u00f1ecas, casitas, juegos, a cual m\u00e1s bonitos y divertidos, al ver al robot, que con sonrisa y voz met\u00e1lica se dirig\u00eda a ella felicit\u00e1ndola, se asust\u00f3 y volvi\u00e9ndole la espalda, despectiva, orden\u00f3: &#8211;<em>Que lo suban al desv\u00e1n.<\/em><\/p>\n<p style=\"text-align: justify;\">\u00a0\u00a0\u00a0\u00a0 Y all\u00ed, en la oscuridad de la triste buhardilla, rodando por las mejillas del robot abandonado, brillaron dos l\u00e1grimas.<\/p>\n<p>&nbsp;<\/p>\n<h3 style=\"text-align: center;\"><strong><span style=\"color: #339966;\">\u00bfMUERTE? \u00a1VIDA!<\/span><\/strong><\/h3>\n<p>&nbsp;<\/p>\n<p style=\"text-align: center;\">(finalista en el Marat\u00f3n de la CLAVE 2017)<\/p>\n<p>&nbsp;<\/p>\n<p style=\"text-align: justify;\">\u00a0\u00a0\u00a0\u00a0 Llevaba hundida en el sof\u00e1 no sab\u00eda cu\u00e1nto. Hab\u00eda perdido la noci\u00f3n del tiempo y el espacio y la noche se le ech\u00f3 encima. Aquel desenga\u00f1o amoroso la sumi\u00f3 en tal estado que solo encontraba como soluci\u00f3n esas pastillas que, encima de la mesita, la incitaban a ingerirlas y acabar as\u00ed con su vida que sin aquel amor, que lo fue todo para ella, no merec\u00eda la pena vivirla.<\/p>\n<p style=\"text-align: justify;\">\u00a0\u00a0\u00a0\u00a0 Ardientes l\u00e1grimas nublaban sus ojos, mientras cog\u00eda el frasco dispuesta a vaciarlo y sumirse en la nada, cuando una llamada a la puerta la detuvo.<\/p>\n<p style=\"text-align: justify;\">\u00a0\u00a0\u00a0\u00a0 Al abrir, vio ante ella un joven de apariencia agradable y amplia sonrisa que amablemente le propuso: &#8211;<em>Hola, soy Juan, tu nuevo vecino, y he pensado que podr\u00edamos conocernos tomando una copa de este excelente champ\u00e1n que acaban de regalarme por mi cumplea\u00f1os. Me gustar\u00eda celebrarlo contigo, ya que estoy solo y me siento algo triste.<\/em><\/p>\n<p style=\"text-align: justify;\"><em>\u00a0\u00a0\u00a0\u00a0 <\/em>La joven qued\u00f3 un momento sin saber qu\u00e9 contestar. \u00bfPastillas? \u00a1La muerte! \u00bfEsa copa de champ\u00e1n? \u00a1\u00a1La vida!!<\/p>\n<p style=\"text-align: justify;\"><em>\u00a0\u00a0\u00a0\u00a0 -\u00a1Adelante, Juan! Una copa de champ\u00e1n es un buen comienzo. La vida a\u00fan puede depararnos hermosas sensaciones en el futuro.<\/em><\/p>\n<p style=\"text-align: justify;\">\u00a0\u00a0\u00a0\u00a0 Y l\u00e1grimas de felicidad lavaban sus ojos, que aquellas de tristeza hab\u00edan empa\u00f1ado. Volv\u00eda a vivir.<\/p>\n<p>&nbsp;<\/p>\n<h3 style=\"text-align: center;\"><strong><span style=\"color: #3366ff;\"><u>LA ESTRELLA Y EL NI\u00d1O<\/u><\/span><\/strong><\/h3>\n<p>&nbsp;<\/p>\n<p style=\"text-align: justify;\">Las estrellas brillaban en la noche invernal, como peque\u00f1as luci\u00e9rnagas, flotando en el vac\u00edo del espacio infinito de los cielos. Semejaban un velo transparente, tejido con m\u00e1gicos hilos dorados, bordado por manos invisibles y gigantes. Todo era armon\u00eda en aquel mundo sideral poblado por millones de astros, sat\u00e9lites sumisos, planetas errantes y bellos cometas de hermosa y larga cola semejante a una inmensa cabellera.<\/p>\n<p style=\"text-align: justify;\">\u00a0\u00a0\u00a0\u00a0 De pronto, esa paz universal se vio sorprendida por una luz brillante y cegadora que eclips\u00f3 con su fulgor a cuantos astros exist\u00edan. Era una nueva estrella, un nuevo sol nacido en el azul por expresa voluntad de Dios. La se\u00f1al que \u00c9l nos mandaba para anunciar la llegada al mundo de su Hijo unig\u00e9nito. El nacimiento de un Ni\u00f1o Redentor.<\/p>\n<p style=\"text-align: justify;\">\u00a0\u00a0\u00a0\u00a0 Y baj\u00f3 la hermosa Estrella del celeste, atravesando vagas e inmensas nebulosas, mundos misteriosos y lejanos, distancias inconmensurables, noches eternas, hasta posarse al fin en el Portal para adorar al Ni\u00f1o-Dios humildemente.<\/p>\n<p style=\"text-align: justify;\">\u00a0\u00a0\u00a0\u00a0 Al verla, todos quedaron asombrados ante la belleza de aquella luz ca\u00edda del cielo: \u00a0los sencillos pastores, el ingenuo Jos\u00e9 y Mar\u00eda la madre de Jes\u00fas. Jam\u00e1s hab\u00edan visto hermosura semejante. El peque\u00f1o Ni\u00f1o, desde su cuna entreabri\u00f3 los ojos, y al ver a la Estrella se sinti\u00f3 feliz y agradecido se dirigi\u00f3 a ella dici\u00e9ndole:<\/p>\n<p style=\"text-align: justify;\">\u00a0\u00a0\u00a0\u00a0 <em>-Tu luz brillar\u00e1 junto a m\u00ed luciendo eternamente en el Portal. Ser\u00e1s el faro luminoso que gu\u00ede para siempre a los tres Magos en su camino desde Oriente<\/em>. <em>Adornar\u00e1s el abeto en los hogares coronando con tu belleza y resplandor su cima. Y cada a\u00f1o ser\u00e1s la se\u00f1al que anuncie al mundo y a los hombres de buena voluntad la llegada de una nueva Navidad.<\/em><\/p>\n<p style=\"text-align: justify;\">\u00a0\u00a0\u00a0\u00a0 Y el Ni\u00f1o-Dios, con sus santas manitas, bendijo a la hermosa y radiante Estrella que baj\u00f3 de los lejanos cielos, enviada por su Padre, para alumbrar su sencillo hogar.<\/p>\n<p style=\"text-align: justify;\">\u00a0\u00a0\u00a0\u00a0 Esa Estrella afortunada es la luz que cada a\u00f1o esperamos ver brillar en los cielos en Nochebuena. La luz c\u00e1lida que debe iluminar nuestros corazones para as\u00ed poder celebrar con amor la noche del veinticuatro de diciembre.<\/p>\n<p style=\"text-align: justify;\">\u00a0\u00a0\u00a0\u00a0 \u00a0Es la santa Estrella de Bel\u00e9n.<\/p>\n<p>&nbsp;<\/p>\n<p style=\"text-align: right;\"><strong>Vuestra amiga Carmen Carrasco<\/strong><\/p>\n<p style=\"text-align: right;\"><a href=\"http:\/\/granadacostanacional.es\/wp-content\/uploads\/2021\/12\/image005.jpg\"><img decoding=\"async\" loading=\"lazy\" class=\"aligncenter wp-image-30382 size-large\" src=\"http:\/\/granadacostanacional.es\/wp-content\/uploads\/2021\/12\/image005-767x1024.jpg\" alt=\"image005\" width=\"767\" height=\"1024\" \/><\/a><\/p>\n<p style=\"text-align: center;\"><strong>Y el Ni\u00f1o-Dios bendijo a la santa Estrella de Bel\u00e9n.<\/strong><\/p>\n","protected":false},"excerpt":{"rendered":"<p>Tarde c\u00e1lida de un incipiente oto\u00f1o valenciano. El sol, que hasta hace unos momentos penetraba por mi amplio ventanal, se&hellip;<\/p>\n","protected":false},"author":3,"featured_media":25356,"comment_status":"open","ping_status":"open","sticky":false,"template":"","format":"standard","meta":{"om_disable_all_campaigns":false,"_mi_skip_tracking":false,"_monsterinsights_sitenote_active":false,"_monsterinsights_sitenote_note":"","_monsterinsights_sitenote_category":0,"footnotes":""},"categories":[21],"tags":[],"aioseo_notices":[],"_links":{"self":[{"href":"https:\/\/granadacostaglobal.es\/index.php?rest_route=\/wp\/v2\/posts\/30379"}],"collection":[{"href":"https:\/\/granadacostaglobal.es\/index.php?rest_route=\/wp\/v2\/posts"}],"about":[{"href":"https:\/\/granadacostaglobal.es\/index.php?rest_route=\/wp\/v2\/types\/post"}],"author":[{"embeddable":true,"href":"https:\/\/granadacostaglobal.es\/index.php?rest_route=\/wp\/v2\/users\/3"}],"replies":[{"embeddable":true,"href":"https:\/\/granadacostaglobal.es\/index.php?rest_route=%2Fwp%2Fv2%2Fcomments&post=30379"}],"version-history":[{"count":0,"href":"https:\/\/granadacostaglobal.es\/index.php?rest_route=\/wp\/v2\/posts\/30379\/revisions"}],"wp:featuredmedia":[{"embeddable":true,"href":"https:\/\/granadacostaglobal.es\/index.php?rest_route=\/"}],"wp:attachment":[{"href":"https:\/\/granadacostaglobal.es\/index.php?rest_route=%2Fwp%2Fv2%2Fmedia&parent=30379"}],"wp:term":[{"taxonomy":"category","embeddable":true,"href":"https:\/\/granadacostaglobal.es\/index.php?rest_route=%2Fwp%2Fv2%2Fcategories&post=30379"},{"taxonomy":"post_tag","embeddable":true,"href":"https:\/\/granadacostaglobal.es\/index.php?rest_route=%2Fwp%2Fv2%2Ftags&post=30379"}],"curies":[{"name":"wp","href":"https:\/\/api.w.org\/{rel}","templated":true}]}}