{"id":30291,"date":"2021-11-27T08:40:36","date_gmt":"2021-11-27T08:40:36","guid":{"rendered":"http:\/\/granadacostanacional.es\/?p=30291"},"modified":"2021-11-27T08:40:36","modified_gmt":"2021-11-27T08:40:36","slug":"premio-fenix-de-oro-a-dona-carmen-carrasco-ramos","status":"publish","type":"post","link":"https:\/\/granadacostaglobal.es\/?p=30291","title":{"rendered":"Premio F\u00e9nix de Oro a Do\u00f1a Carmen Carrasco Ramos"},"content":{"rendered":"<p style=\"text-align: justify;\">Reunido el jurado de premios y distinciones del Proyecto Nacional de Cultura Granada Costa en sesi\u00f3n extraordinaria, a propuesta de su Presidente, Don Jos\u00e9 Segura Haro, el d\u00eda 18 de abril de 2020, se acuerda por unanimidad, conceder el <strong>Premio F\u00e9nix de Oro Granada Costa de 2020 a D\u00f1a. Carmen Carrasco Ramos<\/strong>, en reconocimiento a los m\u00e9ritos excepcionales de los que ha venido dando prueba durante tant\u00edsimos a\u00f1os, en defensa de los derechos humanos y literarios, siendo escritora, poeta, columnista, ensayista&#8230; Todas estas virtudes literarias se ven concentradas en el libro por el cual se le concede el premio, compuesto por haikus, en los cuales expresa en breve espacio y con maestr\u00eda, una gran cantidad de emociones, que transportan con sensibilidad inusitada a un estado de paz mental.<\/p>\n<p style=\"text-align: justify;\">Motivos, todos los anteriores, en los que se basa este jurado para concederle el premio F\u00e9nix de Oro <strong>Proyecto Nacional de Cultura Granada Costa<\/strong>.<\/p>\n<p style=\"text-align: justify;\"><strong>La entrega de la distinci\u00f3n se efectuar\u00e1 en el\u00a0Palacio de la Prensa de Madrid, el pr\u00f3ximo 5 de marzo de 2022.<\/strong><\/p>\n<p style=\"text-align: justify;\">Y, para que conste y se cumpla lo aqu\u00ed acordado se firma este documento en Granada a dieciocho de abril de 2020.<\/p>\n<p>&nbsp;<\/p>\n<p>&nbsp;<\/p>\n<p style=\"text-align: right;\"><strong>Carlos \u00c1lvaro Segura Venegas<\/strong><\/p>\n<p style=\"text-align: right;\"><strong>Secretario del Jurado de premios y distinciones del<\/strong><\/p>\n<p style=\"text-align: right;\"><strong>Proyecto Nacional de Cultura Granada Costa<\/strong><\/p>\n","protected":false},"excerpt":{"rendered":"<p>Reunido el jurado de premios y distinciones del Proyecto Nacional de Cultura Granada Costa en sesi\u00f3n extraordinaria, a propuesta de&hellip;<\/p>\n","protected":false},"author":3,"featured_media":25269,"comment_status":"open","ping_status":"open","sticky":false,"template":"","format":"standard","meta":{"om_disable_all_campaigns":false,"_mi_skip_tracking":false,"_monsterinsights_sitenote_active":false,"_monsterinsights_sitenote_note":"","_monsterinsights_sitenote_category":0,"footnotes":""},"categories":[21],"tags":[],"aioseo_notices":[],"_links":{"self":[{"href":"https:\/\/granadacostaglobal.es\/index.php?rest_route=\/wp\/v2\/posts\/30291"}],"collection":[{"href":"https:\/\/granadacostaglobal.es\/index.php?rest_route=\/wp\/v2\/posts"}],"about":[{"href":"https:\/\/granadacostaglobal.es\/index.php?rest_route=\/wp\/v2\/types\/post"}],"author":[{"embeddable":true,"href":"https:\/\/granadacostaglobal.es\/index.php?rest_route=\/wp\/v2\/users\/3"}],"replies":[{"embeddable":true,"href":"https:\/\/granadacostaglobal.es\/index.php?rest_route=%2Fwp%2Fv2%2Fcomments&post=30291"}],"version-history":[{"count":0,"href":"https:\/\/granadacostaglobal.es\/index.php?rest_route=\/wp\/v2\/posts\/30291\/revisions"}],"wp:featuredmedia":[{"embeddable":true,"href":"https:\/\/granadacostaglobal.es\/index.php?rest_route=\/"}],"wp:attachment":[{"href":"https:\/\/granadacostaglobal.es\/index.php?rest_route=%2Fwp%2Fv2%2Fmedia&parent=30291"}],"wp:term":[{"taxonomy":"category","embeddable":true,"href":"https:\/\/granadacostaglobal.es\/index.php?rest_route=%2Fwp%2Fv2%2Fcategories&post=30291"},{"taxonomy":"post_tag","embeddable":true,"href":"https:\/\/granadacostaglobal.es\/index.php?rest_route=%2Fwp%2Fv2%2Ftags&post=30291"}],"curies":[{"name":"wp","href":"https:\/\/api.w.org\/{rel}","templated":true}]}}