{"id":30269,"date":"2021-11-26T16:48:17","date_gmt":"2021-11-26T16:48:17","guid":{"rendered":"http:\/\/granadacostanacional.es\/?p=30269"},"modified":"2021-11-26T16:48:17","modified_gmt":"2021-11-26T16:48:17","slug":"ser-lider-en-la-actualidad-a-toda-costa","status":"publish","type":"post","link":"https:\/\/granadacostaglobal.es\/?p=30269","title":{"rendered":"Ser \u201cL\u00edder\u201d en la actualidad \u2013 A TODA COSTA"},"content":{"rendered":"<h2 style=\"text-align: center;\">Lo que ahora celebramos, el 30 de noviembre, es el \u201cD\u00eda del Influencer\u201d que nos viene con el &lt;&lt;anglicismo&gt;&gt; a cuestas, pero nada nuevo, esto ya est\u00e1 inventado y se llama L\u00cdDER.<\/h2>\n<p style=\"text-align: justify;\">Un concepto que trasladado a la empresa se sit\u00faa entre ser \u201camo\u201d o \u201cempresario\u201d.<\/p>\n<p style=\"text-align: justify;\">\u00bfD\u00f3nde est\u00e1 la\u00a0diferencia?<\/p>\n<p style=\"text-align: justify;\">El <em>\u2018amo\u2019<\/em> da \u00f3rdenes, sin tomar en consideraci\u00f3n las sugerencias de los subordinados, que deben decir a todo \u00a1s\u00ed se\u00f1or!<\/p>\n<p style=\"text-align: justify;\">\u00c9l, jam\u00e1s se equivoca, pero claro, en este contexto, cuando algo falla no es su idea, si no la ineptitud de los dem\u00e1s para realizarla.<\/p>\n<p style=\"text-align: justify;\">Por otro lado el <em>\u2018empresario\u2019<\/em> ejerce su mando a trav\u00e9s del liderazgo, considera que el nivel jer\u00e1rquico es un reflejo de autoridad moral y \u00e9sta fruto de los valores profesionales que los empleados le reconocen.<\/p>\n<p style=\"text-align: justify;\"><a href=\"http:\/\/granadacostanacional.es\/wp-content\/uploads\/2021\/11\/Reuni\u00f3n-ejecutiva.jpg\"><img decoding=\"async\" loading=\"lazy\" class=\"aligncenter size-large wp-image-30270\" src=\"http:\/\/granadacostanacional.es\/wp-content\/uploads\/2021\/11\/Reuni\u00f3n-ejecutiva-1024x1020.jpg\" alt=\"Reuni\u00f3n ejecutiva\" width=\"1024\" height=\"1020\" \/><\/a><\/p>\n<p style=\"text-align: justify;\">Todos los asuntos que pertenecen a la marcha y expansi\u00f3n de la empresa son consensuados.<\/p>\n<p style=\"text-align: justify;\">Seg\u00fan D<strong>.<\/strong> Jos\u00e9 Ortega <em>\u00abEl mando debe ser un anexo de la ejemplaridad\u00bb<\/em>. Los empleados que conf\u00edan en la capacidad de su direcci\u00f3n son mucho m\u00e1s eficaces y su trabajo m\u00e1s gratificante.<\/p>\n<p style=\"text-align: justify;\">Las tendencias actuales apuntan en este sentido, quienes lo est\u00e1n poniendo en pr\u00e1ctica logran excelentes resultados.<\/p>\n<p style=\"text-align: justify;\">Para conseguirlo no se requiere ninguna inversi\u00f3n, tan s\u00f3lo una actitud.<\/p>\n<p style=\"text-align: justify;\">La cultura del liderazgo empieza por uno mismo, es decir por la propia direcci\u00f3n\u2026<\/p>\n<p style=\"text-align: justify;\">\u00a0\u00a1Quiz\u00e1, ese es el reto!<\/p>\n<p style=\"text-align: right;\"><strong>Francisco Ponce Carrasco<\/strong><\/p>\n<p>&nbsp;<\/p>\n","protected":false},"excerpt":{"rendered":"<p>Lo que ahora celebramos, el 30 de noviembre, es el \u201cD\u00eda del Influencer\u201d que nos viene con el &lt;&lt;anglicismo&gt;&gt; a&hellip;<\/p>\n","protected":false},"author":3,"featured_media":24452,"comment_status":"open","ping_status":"open","sticky":false,"template":"","format":"standard","meta":{"om_disable_all_campaigns":false,"_mi_skip_tracking":false,"_monsterinsights_sitenote_active":false,"_monsterinsights_sitenote_note":"","_monsterinsights_sitenote_category":0,"footnotes":""},"categories":[30],"tags":[],"aioseo_notices":[],"_links":{"self":[{"href":"https:\/\/granadacostaglobal.es\/index.php?rest_route=\/wp\/v2\/posts\/30269"}],"collection":[{"href":"https:\/\/granadacostaglobal.es\/index.php?rest_route=\/wp\/v2\/posts"}],"about":[{"href":"https:\/\/granadacostaglobal.es\/index.php?rest_route=\/wp\/v2\/types\/post"}],"author":[{"embeddable":true,"href":"https:\/\/granadacostaglobal.es\/index.php?rest_route=\/wp\/v2\/users\/3"}],"replies":[{"embeddable":true,"href":"https:\/\/granadacostaglobal.es\/index.php?rest_route=%2Fwp%2Fv2%2Fcomments&post=30269"}],"version-history":[{"count":0,"href":"https:\/\/granadacostaglobal.es\/index.php?rest_route=\/wp\/v2\/posts\/30269\/revisions"}],"wp:featuredmedia":[{"embeddable":true,"href":"https:\/\/granadacostaglobal.es\/index.php?rest_route=\/"}],"wp:attachment":[{"href":"https:\/\/granadacostaglobal.es\/index.php?rest_route=%2Fwp%2Fv2%2Fmedia&parent=30269"}],"wp:term":[{"taxonomy":"category","embeddable":true,"href":"https:\/\/granadacostaglobal.es\/index.php?rest_route=%2Fwp%2Fv2%2Fcategories&post=30269"},{"taxonomy":"post_tag","embeddable":true,"href":"https:\/\/granadacostaglobal.es\/index.php?rest_route=%2Fwp%2Fv2%2Ftags&post=30269"}],"curies":[{"name":"wp","href":"https:\/\/api.w.org\/{rel}","templated":true}]}}