{"id":30266,"date":"2021-11-26T16:44:18","date_gmt":"2021-11-26T16:44:18","guid":{"rendered":"http:\/\/granadacostanacional.es\/?p=30266"},"modified":"2021-11-26T16:44:18","modified_gmt":"2021-11-26T16:44:18","slug":"premio-conde-de-hubrite-dna-maria-jesus-sarmiento-carujo","status":"publish","type":"post","link":"https:\/\/granadacostaglobal.es\/?p=30266","title":{"rendered":"Premio Conde de Hubrite D\u00f1a. Mar\u00eda Jes\u00fas Sarmiento Carujo"},"content":{"rendered":"<p style=\"text-align: center;\"><strong>Mar\u00eda Jes\u00fas Sarmiento &#8211;\u00a0Lillo del Bierzo (Le\u00f3n)<\/strong><\/p>\n<p style=\"text-align: justify;\">Reunido el jurado de premios y distinciones del Proyecto Nacional de Cultura Granada Costa en sesi\u00f3n extraordinaria, a propuesta del Presidente de la Academia de las Ciencias, Bellas Artes y Buenas Letras Granada Costa, Don Jos\u00e9 Segura Haro, el d\u00eda 30 de abril de 2020, se acuerda por unanimidad, conceder el Premio Conde de Hubrite 2020 a D\u00f1a. Mar\u00eda Jes\u00fas Sarmiento Carujo, en reconocimiento a los m\u00e9ritos excepcionales de los que ha venido dando prueba durante tant\u00edsimos a\u00f1os, en defensa de los derechos humanos y literarios, siendo escritora, poeta, columnista, ensayista&#8230; En definitiva, una mujer dedicada a las letras, pero a la vez con una clara vocaci\u00f3n de dedicaci\u00f3n hacia los dem\u00e1s. Es por esto que se le concede el premio Conde de Hubrite, que naci\u00f3 para apoyar la edici\u00f3n de ciertas obras, en especial, obras con car\u00e1cter social, en las que el autor o autora hace una edici\u00f3n con patrocinio del Proyecto de Cultura Granada Costa y las ventas del libro van destinadas a obras sociales.<\/p>\n<p style=\"text-align: justify;\">Motivos, todos los anteriores, en los que se basa este jurado para concederle el premio Conde de Hubrite <strong>Proyecto Nacional de Cultura Granada Costa<\/strong>.<\/p>\n<p style=\"text-align: justify;\">La entrega de la distinci\u00f3n se efectuar\u00e1 en el Palacio de la Prensa el d\u00eda 5 de marzo de 2022.<\/p>\n<p style=\"text-align: justify;\">Y, para que conste y se cumpla lo aqu\u00ed acordado se firma este documento en Granada a veinte de abril de 2020.<\/p>\n<p>&nbsp;<\/p>\n<p>&nbsp;<\/p>\n<p style=\"text-align: center;\"><strong>Jos\u00e9 Segura Haro<\/strong><\/p>\n<p style=\"text-align: center;\"><strong>Presidente del Jurado de premios y distinciones del<\/strong><\/p>\n<p style=\"text-align: center;\"><strong>Proyecto Nacional de Cultura Granada Costa<\/strong><\/p>\n","protected":false},"excerpt":{"rendered":"<p>Mar\u00eda Jes\u00fas Sarmiento &#8211;\u00a0Lillo del Bierzo (Le\u00f3n) Reunido el jurado de premios y distinciones del Proyecto Nacional de Cultura Granada&hellip;<\/p>\n","protected":false},"author":3,"featured_media":24039,"comment_status":"open","ping_status":"open","sticky":false,"template":"","format":"standard","meta":{"om_disable_all_campaigns":false,"_mi_skip_tracking":false,"_monsterinsights_sitenote_active":false,"_monsterinsights_sitenote_note":"","_monsterinsights_sitenote_category":0,"footnotes":""},"categories":[21],"tags":[],"aioseo_notices":[],"_links":{"self":[{"href":"https:\/\/granadacostaglobal.es\/index.php?rest_route=\/wp\/v2\/posts\/30266"}],"collection":[{"href":"https:\/\/granadacostaglobal.es\/index.php?rest_route=\/wp\/v2\/posts"}],"about":[{"href":"https:\/\/granadacostaglobal.es\/index.php?rest_route=\/wp\/v2\/types\/post"}],"author":[{"embeddable":true,"href":"https:\/\/granadacostaglobal.es\/index.php?rest_route=\/wp\/v2\/users\/3"}],"replies":[{"embeddable":true,"href":"https:\/\/granadacostaglobal.es\/index.php?rest_route=%2Fwp%2Fv2%2Fcomments&post=30266"}],"version-history":[{"count":0,"href":"https:\/\/granadacostaglobal.es\/index.php?rest_route=\/wp\/v2\/posts\/30266\/revisions"}],"wp:featuredmedia":[{"embeddable":true,"href":"https:\/\/granadacostaglobal.es\/index.php?rest_route=\/"}],"wp:attachment":[{"href":"https:\/\/granadacostaglobal.es\/index.php?rest_route=%2Fwp%2Fv2%2Fmedia&parent=30266"}],"wp:term":[{"taxonomy":"category","embeddable":true,"href":"https:\/\/granadacostaglobal.es\/index.php?rest_route=%2Fwp%2Fv2%2Fcategories&post=30266"},{"taxonomy":"post_tag","embeddable":true,"href":"https:\/\/granadacostaglobal.es\/index.php?rest_route=%2Fwp%2Fv2%2Ftags&post=30266"}],"curies":[{"name":"wp","href":"https:\/\/api.w.org\/{rel}","templated":true}]}}