{"id":30217,"date":"2021-11-25T16:23:53","date_gmt":"2021-11-25T16:23:53","guid":{"rendered":"http:\/\/granadacostanacional.es\/?p=30217"},"modified":"2021-11-25T16:23:53","modified_gmt":"2021-11-25T16:23:53","slug":"transnumero","status":"publish","type":"post","link":"https:\/\/granadacostaglobal.es\/?p=30217","title":{"rendered":"TRANSN\u00daMERO"},"content":{"rendered":"<p style=\"text-align: justify;\">\u00a0\u00a0\u00a0\u00a0\u00a0\u00a0\u00a0\u00a0\u00a0\u00a0\u00a0 En estos d\u00edas en que todo es transitorio y variable, en los que muchas de las certezas que siempre hab\u00edamos dado por seguras se desvanecen en el fr\u00edo aire oto\u00f1al (como que la lava de un volc\u00e1n no se llevar\u00e1 tu casa por delante, que habr\u00e1 contenedores suficientes para transportar mercanc\u00edas de un lugar a otro del planeta o que no deber\u00e1s hipotecarte <em>ad aeternam<\/em> para pagar el recibo de la luz), asistimos asombrados a acontecimientos impensables poco tiempo atr\u00e1s y contemplamos avances cient\u00edficos y sociales que abren nuevos horizontes ante nuestros ojos.<\/p>\n<p style=\"text-align: justify;\">\u00a0\u00a0\u00a0\u00a0\u00a0\u00a0\u00a0\u00a0\u00a0\u00a0\u00a0 Por ejemplo, la posibilidad de cambiar de g\u00e9nero en todas las combinaciones posibles. De var\u00f3n a mujer, de mujer a var\u00f3n, de var\u00f3n que se siente mujer a mujer que se siente mujer, de mujer que se siente var\u00f3n a var\u00f3n que se siente mujer, de mujer que quiere ser var\u00f3n, pero a la vez madre (o padre). En fin, hay que dominar las matem\u00e1ticas del bachillerato (por lo menos) para no perderse. Resulta tan confuso como fabuloso.<\/p>\n<p style=\"text-align: justify;\">\u00a0\u00a0\u00a0\u00a0\u00a0\u00a0\u00a0\u00a0\u00a0\u00a0\u00a0 Pero hay algo de lo que no se habla y que deseo reivindicar con este art\u00edculo. Si existe el concepto de transg\u00e9nero y lo hemos trans-formado en una realidad cotidiana, \u00bfpor qu\u00e9 no sucede lo mismo con el de \u201ctransn\u00famero\u201d?<\/p>\n<p style=\"text-align: justify;\">\u00a0\u00a0\u00a0\u00a0\u00a0\u00a0\u00a0\u00a0\u00a0\u00a0\u00a0 Transn\u00famero, s\u00ed\u2026 \u00a1Me gusta!<\/p>\n<p style=\"text-align: justify;\">\u00a0\u00a0\u00a0\u00a0\u00a0\u00a0\u00a0\u00a0\u00a0\u00a0\u00a0 Quiero ser cada d\u00eda una persona diferente, y no solo en el sentido de calarme una m\u00e1scara distinta para cada ocasi\u00f3n, sino de verdad. No como si se tratara de un acto teatral, sino existencial.<\/p>\n<p style=\"text-align: justify;\">\u00a0\u00a0\u00a0\u00a0\u00a0\u00a0\u00a0\u00a0\u00a0\u00a0\u00a0 \u00bfNo ser\u00eda prodigioso poder vivir muchas y heterog\u00e9neas vidas en una sola? Como un esquizofr\u00e9nico, pero con un control absoluto de la situaci\u00f3n. Aunque con margen para el descontrol, pues de lo contrario carecer\u00eda de alicientes.<\/p>\n<p style=\"text-align: justify;\">\u00a0\u00a0\u00a0\u00a0\u00a0\u00a0\u00a0\u00a0\u00a0\u00a0\u00a0 Poder ser m\u00e9dico, alpinista, contable y nini. O ser paciente, monta\u00f1a, n\u00famero y pereza.<\/p>\n<p style=\"text-align: justify;\">\u00a0\u00a0\u00a0\u00a0\u00a0\u00a0\u00a0\u00a0\u00a0\u00a0\u00a0 Ser padre e hijo, pero no Esp\u00edritu Santo. No imagino ser esp\u00edritu, y menos santo.<\/p>\n<p style=\"text-align: justify;\">\u00a0\u00a0\u00a0\u00a0\u00a0\u00a0\u00a0\u00a0\u00a0\u00a0\u00a0 Ser gol, palo y ocasi\u00f3n fallada, para solo espor\u00e1dicamente quedar en fuera de juego.<\/p>\n<p style=\"text-align: justify;\">\u00a0\u00a0\u00a0\u00a0\u00a0\u00a0\u00a0\u00a0\u00a0\u00a0\u00a0 Ser consciente e inconsciente, y consciente de mi inconsciencia. Introvertido y extrovertido, aunque de ninguna manera un pervertido.<\/p>\n<p style=\"text-align: justify;\">\u00a0\u00a0\u00a0\u00a0\u00a0\u00a0\u00a0\u00a0\u00a0\u00a0\u00a0 Ser yo mismo y ser usted, intr\u00e9pido lector que lleg\u00f3 hasta el meollo del art\u00edculo a pesar de las dificultades.<\/p>\n<p style=\"text-align: justify;\">\u00a0\u00a0\u00a0\u00a0\u00a0\u00a0\u00a0\u00a0\u00a0\u00a0\u00a0 Solo ser quien quiero ser a veces, igual que solo soy quien soy a ratos. Que se reconozca mi derecho a no ser siempre quien se espera que sea, e incluso a no ser quien quiero ser. Me unir\u00e9 a cualquier colectivo (nunca mejor dicho) que luche por tal reconocimiento.<\/p>\n<p style=\"text-align: justify;\">\u00a0\u00a0\u00a0\u00a0\u00a0\u00a0\u00a0\u00a0\u00a0\u00a0\u00a0 No quiero que en mi documento de identidad figure un n\u00famero, sino un poema, y poder cambiar los versos seg\u00fan el color de la ma\u00f1ana. \u00bfEs eso pedir demasiado? \u00bfNo ser\u00eda as\u00ed el mundo mucho m\u00e1s hermoso?<\/p>\n<p style=\"text-align: justify;\">\u00a0\u00a0\u00a0\u00a0\u00a0\u00a0\u00a0\u00a0\u00a0\u00a0\u00a0 Y al final del camino, por muchas que sean las vidas vividas, morir una sola muerte, que con una es suficiente y de esa no nos libra ni Elon Musk.<\/p>\n<p style=\"text-align: justify;\">\u00a0\u00a0\u00a0\u00a0\u00a0\u00a0\u00a0\u00a0\u00a0\u00a0\u00a0 De momento&#8230;<\/p>\n<p style=\"text-align: justify;\">\n<p style=\"text-align: right;\"><strong>Javier Serra<\/strong><\/p>\n","protected":false},"excerpt":{"rendered":"<p>\u00a0\u00a0\u00a0\u00a0\u00a0\u00a0\u00a0\u00a0\u00a0\u00a0\u00a0 En estos d\u00edas en que todo es transitorio y variable, en los que muchas de las certezas que siempre&hellip;<\/p>\n","protected":false},"author":3,"featured_media":27434,"comment_status":"open","ping_status":"open","sticky":false,"template":"","format":"standard","meta":{"om_disable_all_campaigns":false,"_mi_skip_tracking":false,"_monsterinsights_sitenote_active":false,"_monsterinsights_sitenote_note":"","_monsterinsights_sitenote_category":0,"footnotes":""},"categories":[21,30],"tags":[],"aioseo_notices":[],"_links":{"self":[{"href":"https:\/\/granadacostaglobal.es\/index.php?rest_route=\/wp\/v2\/posts\/30217"}],"collection":[{"href":"https:\/\/granadacostaglobal.es\/index.php?rest_route=\/wp\/v2\/posts"}],"about":[{"href":"https:\/\/granadacostaglobal.es\/index.php?rest_route=\/wp\/v2\/types\/post"}],"author":[{"embeddable":true,"href":"https:\/\/granadacostaglobal.es\/index.php?rest_route=\/wp\/v2\/users\/3"}],"replies":[{"embeddable":true,"href":"https:\/\/granadacostaglobal.es\/index.php?rest_route=%2Fwp%2Fv2%2Fcomments&post=30217"}],"version-history":[{"count":0,"href":"https:\/\/granadacostaglobal.es\/index.php?rest_route=\/wp\/v2\/posts\/30217\/revisions"}],"wp:featuredmedia":[{"embeddable":true,"href":"https:\/\/granadacostaglobal.es\/index.php?rest_route=\/"}],"wp:attachment":[{"href":"https:\/\/granadacostaglobal.es\/index.php?rest_route=%2Fwp%2Fv2%2Fmedia&parent=30217"}],"wp:term":[{"taxonomy":"category","embeddable":true,"href":"https:\/\/granadacostaglobal.es\/index.php?rest_route=%2Fwp%2Fv2%2Fcategories&post=30217"},{"taxonomy":"post_tag","embeddable":true,"href":"https:\/\/granadacostaglobal.es\/index.php?rest_route=%2Fwp%2Fv2%2Ftags&post=30217"}],"curies":[{"name":"wp","href":"https:\/\/api.w.org\/{rel}","templated":true}]}}