{"id":30211,"date":"2021-11-25T15:56:54","date_gmt":"2021-11-25T15:56:54","guid":{"rendered":"http:\/\/granadacostanacional.es\/?p=30211"},"modified":"2021-11-25T15:56:54","modified_gmt":"2021-11-25T15:56:54","slug":"no-siempre-es-mejor-lo-que-viene-ni-peor-lo-que-se-deja-atras","status":"publish","type":"post","link":"https:\/\/granadacostaglobal.es\/?p=30211","title":{"rendered":"NO SIEMPRE ES MEJOR LO QUE VIENE,  NI PEOR LO QUE SE DEJA ATR\u00c1S"},"content":{"rendered":"<p style=\"text-align: justify;\">\u00a0\u00a0\u00a0\u00a0\u00a0\u00a0\u00a0\u00a0\u00a0\u00a0\u00a0\u00a0\u00a0\u00a0 Es curioso como dicen que pasa el tiempo. De repente uno se acuerda de tantas cosas. Cosas que, como hilos brillantes en las amplias salas de la memoria, resta\u00f1an con su luz y manifiestan lo hermoso de lo ya ido. No es que se quiera vivir en el pasado, ni siquiera es pensar en aquello que se fue como algo que ya no tenemos. No. Se trata sin duda de una consideraci\u00f3n m\u00e1s importante. Es como si hubi\u00e9ramos dejado ir lo que de incalculable valor hay en nosotros mismos, y lo hubi\u00e9ramos cambiado por vituallas, por oropel que, sin tener valor, alardean de peso y sustancia.<\/p>\n<p style=\"text-align: justify;\">\u00a0 \u00a0\u00a0\u00a0\u00a0\u00a0\u00a0\u00a0\u00a0\u00a0\u00a0\u00a0\u00a0 \u00bfCu\u00e1nto de lo que debe quedarse atr\u00e1s es simplemente retenido? \u00bfCu\u00e1nto de lo que se perdi\u00f3 alguna vez podr\u00e1 ser de nuevo restaurado? No dejamos de dolernos con profundo desconsuelo de todo lo perdido, que nada tiene que ver con cuanto es necesario dejar que se vaya.<\/p>\n<p style=\"text-align: justify;\">Yo no hablo de eso, ni de la nostalgia, ni tan siquiera de historia o de una situaci\u00f3n cualquiera, hablo de cada momento \u00fanico, m\u00e1gico y genuino que ha hecho de nosotros cuanto somos, que ha engrandecido nuestro horizonte y ha permitido que de alg\u00fan modo podamos decir que hemos evolucionado.<\/p>\n<p style=\"text-align: justify;\">\u00a0 Tendemos a postular modernismos, a especular con cuanto pasa por nuestras manos y nuestros pensamientos y todo lo externo lo ponemos por delante de cuanto es esencialmente el hombre: su propio ser. Nunca debi\u00e9ramos dejar que las corrientes se llevaran por delante lo m\u00e1s sagrado, la parte relevante y magn\u00edfica que nos dignifica como personas y nos hace elevarnos por encima de todo lo que es vano e insustancial. Sin embargo, dejamos que la corriente nos lleve, aun cuando en el fondo sabemos y pensamos que no es lo m\u00e1s conveniente, que todo lo que suena a nuevo no es mejor porque sea diferente, ser\u00e1 mejor solo si lo sopesamos y resulta que la experiencia nos lleva a asumirlo como tal. Pero no es as\u00ed como actuamos, lo que durante siglos ha sido piedra fundamental, lo tiramos de golpe, lo cortamos de un tajo, para salir corriendo en pos de la modernidad. Sin darnos cuenta, sin observar, que tras la modernidad viene cada vez algo m\u00e1s moderno, m\u00e1s novedoso, m\u00e1s grandilocuente, algo que buscar\u00e1 la forma de enredar nuestro intelecto y atraparnos y hacer que nos dejemos llevar por la corriente.<\/p>\n<p style=\"text-align: justify;\">\u00a0 No se trata ya tanto de conservadurismo, se trata de preservar, de salvaguardar lo que nos ha tra\u00eddo hasta aqu\u00ed con agradecimiento. Y no pasar con tanta precipitaci\u00f3n a no darle importancia a nada porque el tiempo corre tan veloz, que, si de repente te paras, si por un momento consideras siquiera a d\u00f3nde vas, pudiera suponer que hubieras muerto y que te convertir\u00edas en estatua de sal. Pero hay ciertas cosas que nunca debieran perderse, cosas que nos hacen la vida m\u00e1s hermosa y familiar, todo aquello que han sido grandes aciertos y que ha supuesto tanto para la mejora de la humanidad.<\/p>\n<p style=\"text-align: justify;\">\u00a0 Si pudiera, yo har\u00eda pliegues en el tiempo y aunque fuera por instantes, habr\u00eda momentos y lugares donde me ir\u00eda a refugiar. Y no es nostalgia creedme, no es desacuerdo ni disconformidad, es reflexi\u00f3n t\u00e1cita, algo que nace directamente del interior y que grita con fuerza que no est\u00e1 de acuerdo, que no se va a dejar suplantar.<\/p>\n<p style=\"text-align: justify;\">\u00a0 Los valores que han cobrado fuerza en nuestras vidas, que nos han acompa\u00f1ado tantas veces y tan frecuentemente en el camino, nunca, jam\u00e1s deben perderse, jam\u00e1s deben quedar atr\u00e1s y jam\u00e1s hemos de dejar que caigan en el olvido, y se los trague el tiempo y la distancia.<\/p>\n<p style=\"text-align: justify;\">\u00a0 \u00a1Cu\u00e1ntas cosas hemos perdido sin ni tan siquiera mirarlas! Eso sin considerar que nos hubieran servido para mejorar de un modo sustancial.<\/p>\n<p style=\"text-align: justify;\">\n<p style=\"text-align: justify;\">LA VIDA DA MUCHAS VUELTAS<\/p>\n<p style=\"text-align: justify;\">\n<p style=\"text-align: justify;\">\u00a0\u00a0\u00a0\u00a0\u00a0\u00a0\u00a0\u00a0\u00a0\u00a0\u00a0\u00a0\u00a0\u00a0 \u00a0La vida da muchas vueltas, es frecuente de o\u00edr. Y con el tiempo descubres que frases como esta y otras similares, cuya repetici\u00f3n las hace de alg\u00fan modo populares, son verdad.<\/p>\n<p style=\"text-align: justify;\">\u00a0\u00a0\u00a0\u00a0\u00a0\u00a0\u00a0\u00a0\u00a0\u00a0\u00a0\u00a0\u00a0\u00a0 Recuerdo en mis a\u00f1os mozos, que muchas de las personas mayores que hab\u00eda a mi alrededor, permanec\u00edan activas pese a estar jubiladas. Se levantaban temprano, ayudaban en las tareas del campo y formaban una parte muy precisa del tejido social.<\/p>\n<p style=\"text-align: justify;\">\u00a0\u00a0\u00a0 \u00a0\u00a0\u00a0\u00a0\u00a0\u00a0\u00a0\u00a0\u00a0\u00a0 Veo a mis abuelos siempre activos (mi abuela era la primera en levantarse, preparar la colada, iniciar el desayuno, tender la ropa y organizar antes de que todos se levantasen) y a mis t\u00edos abuelos, que montaban incluso en bicicleta ya en avanzada edad y que resultaban un ejemplo para el pueblo, que en su nombre celebran todav\u00eda hoy el d\u00eda del pedal.<\/p>\n<p style=\"text-align: justify;\">\u00a0 \u00a0\u00a0\u00a0\u00a0\u00a0\u00a0\u00a0\u00a0\u00a0\u00a0\u00a0\u00a0 Ahora, en plenos a\u00f1os de la tecnolog\u00eda avanzada (que hace personas propensas al sof\u00e1), tenemos que estar recordando continuamente que la actividad es vital para nuestro organismo.<\/p>\n<p style=\"text-align: justify;\">\u00a0 \u00a0\u00a0\u00a0\u00a0\u00a0\u00a0\u00a0\u00a0\u00a0\u00a0\u00a0\u00a0 El peligro del sedentarismo no solo se da en los mayores, sino en j\u00f3venes e incluso en los ni\u00f1os. Y esto, ya determina en mayor o menor medida, su grado de actividad con el paso de los a\u00f1os.<\/p>\n<p style=\"text-align: justify;\">\u00a0 \u00a0\u00a0\u00a0\u00a0\u00a0\u00a0\u00a0\u00a0\u00a0\u00a0\u00a0\u00a0 Tener una vejez activa, tener una vida activa, es cuesti\u00f3n de voluntad, una voluntad centrada en la din\u00e1mica de la acci\u00f3n. Cada d\u00eda es una nueva oportunidad, un soplo de viento distinto. Y si queremos llegar a la meta so\u00f1ada, es preciso que cada empuje del viento nos coja al tim\u00f3n de este barco que hemos elegido para viajar por este mundo y en esta vida. Si no estamos despiertos, ese barco est\u00e1 destinado a zozobrar o quedarse en cualquier escollo del camino.<\/p>\n<p style=\"text-align: justify;\">\u00a0 \u00a0\u00a0\u00a0\u00a0\u00a0\u00a0\u00a0\u00a0\u00a0\u00a0\u00a0\u00a0 Hemos de saber que tanto la televisi\u00f3n como internet, son solo instrumentos de entretenimiento que nos pueden dar buenos ratos de ocio, e incluso brindarnos cierto conocimiento, siempre que los utilicemos de manera prudente. Dedicarles m\u00e1s de algunas horas al d\u00eda, es contraproducente y desde luego nocivo. Nuestro tiempo es en suma valioso, y hemos de ocuparlo en mil cosas al d\u00eda para mantener activo nuestro cerebro, la capacidad de pensar, razonar y hacerlo con convicci\u00f3n.<\/p>\n<p style=\"text-align: justify;\">\u00a0 \u00a0\u00a0\u00a0\u00a0\u00a0\u00a0\u00a0\u00a0\u00a0\u00a0\u00a0\u00a0 Hay mucho que podemos hacer, cualquier peque\u00f1a tarea por insignificante que parezca, nos va dar un est\u00edmulo que precisamos, tanto a nivel org\u00e1nico como an\u00edmico. El tiempo transcurre y pasa tan r\u00e1pido, que cuanto dejamos pasar, muy raramente vuelve. Por lo tanto, mientras nos quede un h\u00e1lito de vida, mientras la sonrisa brille en nuestros labios, a\u00fan nos queda un baile, una \u00faltima danza, antes de entregarnos a lo infinito.<\/p>\n<p>&nbsp;<\/p>\n<p style=\"text-align: right;\"><strong>Antonio Quero<\/strong><\/p>\n","protected":false},"excerpt":{"rendered":"<p>\u00a0\u00a0\u00a0\u00a0\u00a0\u00a0\u00a0\u00a0\u00a0\u00a0\u00a0\u00a0\u00a0\u00a0 Es curioso como dicen que pasa el tiempo. De repente uno se acuerda de tantas cosas. Cosas que, como&hellip;<\/p>\n","protected":false},"author":3,"featured_media":28380,"comment_status":"open","ping_status":"open","sticky":false,"template":"","format":"standard","meta":{"om_disable_all_campaigns":false,"_mi_skip_tracking":false,"_monsterinsights_sitenote_active":false,"_monsterinsights_sitenote_note":"","_monsterinsights_sitenote_category":0,"footnotes":""},"categories":[21,30],"tags":[],"aioseo_notices":[],"_links":{"self":[{"href":"https:\/\/granadacostaglobal.es\/index.php?rest_route=\/wp\/v2\/posts\/30211"}],"collection":[{"href":"https:\/\/granadacostaglobal.es\/index.php?rest_route=\/wp\/v2\/posts"}],"about":[{"href":"https:\/\/granadacostaglobal.es\/index.php?rest_route=\/wp\/v2\/types\/post"}],"author":[{"embeddable":true,"href":"https:\/\/granadacostaglobal.es\/index.php?rest_route=\/wp\/v2\/users\/3"}],"replies":[{"embeddable":true,"href":"https:\/\/granadacostaglobal.es\/index.php?rest_route=%2Fwp%2Fv2%2Fcomments&post=30211"}],"version-history":[{"count":0,"href":"https:\/\/granadacostaglobal.es\/index.php?rest_route=\/wp\/v2\/posts\/30211\/revisions"}],"wp:featuredmedia":[{"embeddable":true,"href":"https:\/\/granadacostaglobal.es\/index.php?rest_route=\/"}],"wp:attachment":[{"href":"https:\/\/granadacostaglobal.es\/index.php?rest_route=%2Fwp%2Fv2%2Fmedia&parent=30211"}],"wp:term":[{"taxonomy":"category","embeddable":true,"href":"https:\/\/granadacostaglobal.es\/index.php?rest_route=%2Fwp%2Fv2%2Fcategories&post=30211"},{"taxonomy":"post_tag","embeddable":true,"href":"https:\/\/granadacostaglobal.es\/index.php?rest_route=%2Fwp%2Fv2%2Ftags&post=30211"}],"curies":[{"name":"wp","href":"https:\/\/api.w.org\/{rel}","templated":true}]}}