{"id":30168,"date":"2021-11-22T11:59:43","date_gmt":"2021-11-22T11:59:43","guid":{"rendered":"http:\/\/granadacostanacional.es\/?p=30168"},"modified":"2021-11-22T11:59:43","modified_gmt":"2021-11-22T11:59:43","slug":"xxv-congreso-nacional-y-ii-congreso-internacional-de-la-sociedad-espanola-de-pediatria-social","status":"publish","type":"post","link":"https:\/\/granadacostaglobal.es\/?p=30168","title":{"rendered":"XXV CONGRESO NACIONAL Y II CONGRESO INTERNACIONAL DE LA SOCIEDAD ESPA\u00d1OLA DE PEDIATR\u00cdA SOCIAL"},"content":{"rendered":"<p><strong>RESE\u00d1A\u00a0<\/strong><\/p>\n<p style=\"text-align: justify;\"><a href=\"http:\/\/granadacostanacional.es\/wp-content\/uploads\/2021\/11\/CONGRESO-SEPS-3.jpg\"><img decoding=\"async\" loading=\"lazy\" class=\"alignnone size-medium wp-image-30174 alignleft\" src=\"http:\/\/granadacostanacional.es\/wp-content\/uploads\/2021\/11\/CONGRESO-SEPS-3-300x250.jpg\" alt=\"CONGRESO SEPS 3\" width=\"300\" height=\"250\" \/><\/a>Los d\u00edas 19 y 20 de octubre se celebr\u00f3 en la ciudad de Albacete el XXV Congreso Nacional y II Congreso Internacional de la Sociedad Espa\u00f1ola de Pediatr\u00eda Social. Este congreso ha tenido mesas de expertos muy interesantes y que nos han ayudado a entender mejor la problem\u00e1tica actual de la infancia y adolescencia.<\/p>\n<p style=\"text-align: justify;\">Me gustar\u00eda hacer menci\u00f3n especialmente a las mesas de:<\/p>\n<ul style=\"text-align: justify;\">\n<li style=\"text-align: justify;\">Acoso escolar. Bullying y ciberbullying. Hacia d\u00f3nde vamos<\/li>\n<li style=\"text-align: justify;\">Conflictos interparentales e influencia en los hijos e hijas<\/li>\n<\/ul>\n<p style=\"text-align: justify;\">El bullying, especialmente el ciberbuying, es una problem\u00e1tica \u00a0muy grave. El conflicto principal que est\u00e1 generando es que la poblaci\u00f3n infantil y adolescentes tenga dificultades para desarrollar la empat\u00eda y la funci\u00f3n reflexiva. No se desarrolla la empat\u00eda y eso hace que no se puedan poner en el lugar del otro. Y al no poderse poner en el lugar del otro, ese otro deviene un objeto que se puede usar y maltratar. Otro d\u00e9ficit muy importante es que tampoco se desarrolla la mentalizaci\u00f3n o funci\u00f3n reflexiva. Eso quiere decir que se tiende a la inmediatez, a tender a conseguir la satisfacci\u00f3n inmediata, sin que medie la capacidad de pararse a pensar en lo que uno realmente desea y m\u00e1s importante que es lo que desea y espera de nosotros el otro. En FAPMI-ECPAT (Federaci\u00f3n de Asociaciones para la Prevenci\u00f3n del Maltrato Infantil) tenemos el programa MAKE IT SAFE que es una iniciativa para la promoci\u00f3n del uso seguro de Internet para ni\u00f1os, ni\u00f1as y adolescentes. No olvidemos que la escuela ense\u00f1a pero donde realmente se educa es en el seno familiar. Esto implica el ejercicio de una parentalidad positiva, que permita desarrollar en los hijos e hijas empat\u00eda, funci\u00f3n reflexiva y asertividad.<\/p>\n<p style=\"text-align: justify;\">En relaci\u00f3n a los conflictos entre los padres, especialmente en separaciones conflictivas, la falta de consenso en el tema educativo por parte de los padres, es un grave maltrato para los hijos e hijas. Es un grave maltrato psicol\u00f3gico, porque aunque no exista un maltrato f\u00edsico, es una grave negligencia que los hijos e hijas sean espectadores pasivos de esa violencia parental, ya sea f\u00edsica o verbal. Y siempre se suele dar el hecho de que los hijos e hijas suelen ser usados como moneda de cambio o ariete para herir al otro.\u00a0 En una de las asociaciones de la FAPMI, ACIM (Associaci\u00f3 Catalana per la Inf\u00e0ncia Maltractada) se elaboro un programa de atenci\u00f3n a esos hijos e hijas inmersos en la pelea de los padres. Olvidar el inter\u00e9s superior del menor en aras a obtener una victoria que se le se\u00f1ale como el mejor padre o la mejor madre y dejando al otro como el peor padre o la peor madre, va a producir graves trastornos emocionales en sus hijos.<\/p>\n<p style=\"text-align: justify;\">Por ello es importante la celebraci\u00f3n de Congresos como el que ha celebrado la Sociedad Espa\u00f1ola de Pediatr\u00eda Social, que ayude a los profesionales que trabajan con la infancia y adolescencia a poder mejorar en la asistencia, pero tambi\u00e9n en ayudarles personalmente en el desgaste que supone el tener que trabajar con esta poblaci\u00f3n<\/p>\n<p style=\"text-align: justify;\">Finalmente recordar que el d\u00eda 20 de octubre se celebr\u00f3 el DIA INTERNACIONAL DEL NI\u00d1O y que nuestro principal compromiso es poner todos los medios para que realmente se tenga en consideraci\u00f3n siempre y en toda ocasi\u00f3n el inter\u00e9s superior del ni\u00f1o, la ni\u00f1a y el adolescente.<\/p>\n<p>&nbsp;<\/p>\n<p>Dra. Carme Tello Casany<\/p>\n<p>Psic\u00f3loga cl\u00ednica<\/p>\n<p>Presidenta de la Associaci\u00f3 Catalana per la Inf\u00e0ncia Maltractada ACIM<\/p>\n<p>Presidenta de la Federaci\u00f3n de Asociaciones para la Prevenci\u00f3n del Maltrato Infantil FAPMI<\/p>\n<p>&nbsp;<\/p>\n","protected":false},"excerpt":{"rendered":"<p>RESE\u00d1A\u00a0 Los d\u00edas 19 y 20 de octubre se celebr\u00f3 en la ciudad de Albacete el XXV Congreso Nacional y&hellip;<\/p>\n","protected":false},"author":4,"featured_media":30173,"comment_status":"open","ping_status":"open","sticky":false,"template":"","format":"standard","meta":{"om_disable_all_campaigns":false,"_mi_skip_tracking":false,"_monsterinsights_sitenote_active":false,"_monsterinsights_sitenote_note":"","_monsterinsights_sitenote_category":0,"footnotes":""},"categories":[25,21,35,22,19,30],"tags":[],"aioseo_notices":[],"_links":{"self":[{"href":"https:\/\/granadacostaglobal.es\/index.php?rest_route=\/wp\/v2\/posts\/30168"}],"collection":[{"href":"https:\/\/granadacostaglobal.es\/index.php?rest_route=\/wp\/v2\/posts"}],"about":[{"href":"https:\/\/granadacostaglobal.es\/index.php?rest_route=\/wp\/v2\/types\/post"}],"author":[{"embeddable":true,"href":"https:\/\/granadacostaglobal.es\/index.php?rest_route=\/wp\/v2\/users\/4"}],"replies":[{"embeddable":true,"href":"https:\/\/granadacostaglobal.es\/index.php?rest_route=%2Fwp%2Fv2%2Fcomments&post=30168"}],"version-history":[{"count":0,"href":"https:\/\/granadacostaglobal.es\/index.php?rest_route=\/wp\/v2\/posts\/30168\/revisions"}],"wp:featuredmedia":[{"embeddable":true,"href":"https:\/\/granadacostaglobal.es\/index.php?rest_route=\/"}],"wp:attachment":[{"href":"https:\/\/granadacostaglobal.es\/index.php?rest_route=%2Fwp%2Fv2%2Fmedia&parent=30168"}],"wp:term":[{"taxonomy":"category","embeddable":true,"href":"https:\/\/granadacostaglobal.es\/index.php?rest_route=%2Fwp%2Fv2%2Fcategories&post=30168"},{"taxonomy":"post_tag","embeddable":true,"href":"https:\/\/granadacostaglobal.es\/index.php?rest_route=%2Fwp%2Fv2%2Ftags&post=30168"}],"curies":[{"name":"wp","href":"https:\/\/api.w.org\/{rel}","templated":true}]}}