{"id":30157,"date":"2021-11-22T11:49:47","date_gmt":"2021-11-22T11:49:47","guid":{"rendered":"http:\/\/granadacostanacional.es\/?p=30157"},"modified":"2021-11-22T11:49:47","modified_gmt":"2021-11-22T11:49:47","slug":"presentacion-decalogo-buenas-practicas-medios-comunicacion-sobre-el-tema-de-pornografia-prostitucion-y-trata-de-ninos-ninas-y-adolescentes","status":"publish","type":"post","link":"https:\/\/granadacostaglobal.es\/?p=30157","title":{"rendered":"PRESENTACION DECALOGO BUENAS PR\u00c1CTICAS MEDIOS COMUNICACI\u00d3N SOBRE EL TEMA DE PORNOGRAFIA, PROSTITUCION Y TRATA DE NI\u00d1OS, NI\u00d1AS Y ADOLESCENTES"},"content":{"rendered":"<p><strong>RESE\u00d1A <\/strong><\/p>\n<p style=\"text-align: justify;\"><a href=\"http:\/\/granadacostanacional.es\/wp-content\/uploads\/2021\/11\/DECALOGO-PARA-LOS-MEDIOS-DE-COMUNICACION.png\"><img decoding=\"async\" loading=\"lazy\" class=\" wp-image-30165 alignleft\" src=\"http:\/\/granadacostanacional.es\/wp-content\/uploads\/2021\/11\/DECALOGO-PARA-LOS-MEDIOS-DE-COMUNICACION-300x259.png\" alt=\"DECALOGO PARA LOS MEDIOS DE COMUNICACION\" width=\"164\" height=\"142\" \/><\/a>El pasado 11 de noviembre se efectu\u00f3, en la Asociaci\u00f3n de Prensa de Madrid, la Jornada sobre: &#8220;&#8221;informar sobre la trata de ni\u00f1as, ni\u00f1os y adolescentes con fines de explotaci\u00f3n sexual: la clave para el cambio social\u201d. Donde se present\u00f3 el dec\u00e1logo de buenas pr\u00e1cticas en el trato de las noticias sobre: trata, prostituci\u00f3n y pornograf\u00eda infantil y adolescente por parte de la prensa.<\/p>\n<p style=\"text-align: justify;\">Esta jornada quiso dar visualizaci\u00f3n a la terrible lacra social que supone la pornograf\u00eda, la prostituci\u00f3n y la trata de ni\u00f1os, ni\u00f1as y adolescentes. Es importante, porque justamente la ignorancia del tema es una forma de fortalecerlo. Tenemos falsos mitos sobre estas conductas pederastas, pues se suele creer que: <em>&#8220;en Espa\u00f1a no existe este problema&#8221;, &#8220;es un problema de pa\u00edses subdesarrollados&#8221;, &#8220;si se da, es en familias desorganizadas o de bajo poder econ\u00f3mico&#8221;<\/em>. La triste realidad nos indica que es m\u00e1s frecuente de lo que pensamos. El problema principal con \u00e9l que nos encontramos, es la no existencia de una estad\u00edstica real que refleje hasta qu\u00e9 punto est\u00e1 extendida esta lacra en nuestro pa\u00eds y de cuanta poblaci\u00f3n es v\u00edctima de la misma.<\/p>\n<p style=\"text-align: justify;\">Uno de los principales problemas en relaci\u00f3n con la trata est\u00e1 relacionado con los menores no acompa\u00f1ados o a los que vienen en pateras y no est\u00e1n dentro del sistema, lo que les sit\u00faa en el desamparo y el riesgo de desprotecci\u00f3n. Es bastante m\u00e1s frecuente de lo que pensamos, que estos menores \u00a0recurran a la prostituci\u00f3n, tanto femenina como masculina, como una forma de conseguir dinero para sobrevivir. No queda claro que exista un control suficiente, por parte de la Administraci\u00f3n, que tiene su tutela, de lo que realmente ocurre cuando se escapan de los centros o cuando no est\u00e1n identificados. Realmente, si no existe un seguimiento efectivo por parte de los responsables de su seguridad, va a resultar muy f\u00e1cil que caigan en redes de trata que les lleven a la prostituci\u00f3n y\/o a la pornograf\u00eda infantil.<\/p>\n<p style=\"text-align: justify;\">Puede sorprender\u00e1 muchos que en Espa\u00f1a tambi\u00e9n existe el turismo sexual, que parece estar m\u00e1s oculto para la poblaci\u00f3n en general. Pero que se da m\u00e1s de lo que pensamos y no solamente en congresos o eventos y ferias internacionales. <em>&#8220;la carne fresca&#8221;<\/em> es est\u00e1 muy buscada y hay redes que se ocupan de servir las exigencias sobre este mercado. Por ello es tan importante el programa <em>The Code <\/em>\u00a0<strong>(<strong>C\u00f3digo de conducta para la protecci\u00f3n de los ni\u00f1os contra la explotaci\u00f3n sexual en los viajes y el turismo<\/strong>)<\/strong> que lleva a cabo FAPMI-ECPAT<strong>, <\/strong>con la industria tur\u00edstica.<\/p>\n<p style=\"text-align: justify;\">Tambi\u00e9n existe una pornograf\u00eda y prostituci\u00f3n ligada a la sociedad de consumo. Menores que optan por este tipo de actividad, elegida de forma libre. Esta actividad est\u00e1 muy ligada a la difusi\u00f3n por los medios de comunicaci\u00f3n, y especialmente por las redes sociales, de una sexualidad objetal. Cuando hablamos de pornograf\u00eda hacemos referencia a todo aquel material de representaci\u00f3n de actos er\u00f3ticos dirigidos a provocar la excitaci\u00f3n sexual en la persona que la est\u00e1 mirando. La sexualidad que nos muestra est\u00e1 muy ligada a situaciones de poder y de cosificaci\u00f3n del otro. El otro se convierte en objeto sexual que es utilizado para producir placer. Placer que trae consigo que se deba que pagar para obtenerlo. Esa cosificaci\u00f3n de la sexualidad puede f\u00e1cilmente llevar a usar las relaciones sexuales como una manera de obtener importantes ingresos para gastarlos en objetos de consumo no vital, a los que de otra forma no tendr\u00edan acceso. Pero nada es realmente gratis, y los menores que entran en el circulo de obtener dinero f\u00e1cil con la pornograf\u00eda y\/o la prostituci\u00f3n, van a apagar un elevado precio, tanto en su desarrollo psicoemocional como en su sexualidad y relaciones sociales como adultas y adultos.<\/p>\n<p>Las diferentes comunicaciones ilustraron sobre esta lacra social y como es de importante el que los medios de comunicaci\u00f3n puedan darles visibilidad. Y dentro de esa visibilidad lo importante que es el tipo de lenguaje que se usa en su tratamiento, tanto para evitar la revictimizaci\u00f3n como por el respeto hacia las victimas y supervivientes. Y para finalizar insistir en que es importante una toma de conciencia de todos y no solamente por parte de los medios de comunicaci\u00f3n<\/p>\n<p>&nbsp;<\/p>\n<p><a href=\"http:\/\/granadacostanacional.es\/wp-content\/uploads\/2020\/11\/tello-carmen.jpg\"><img decoding=\"async\" loading=\"lazy\" class=\"alignnone size-full wp-image-25985\" src=\"http:\/\/granadacostanacional.es\/wp-content\/uploads\/2020\/11\/tello-carmen.jpg\" alt=\"tello carmen\" width=\"200\" height=\"200\" \/><\/a>Dra. Carme Tello Casany<\/p>\n<p>Psic\u00f3loga cl\u00ednica<\/p>\n<p>Presidenta de la Associaci\u00f3 Catalana per la Inf\u00e0ncia Maltractada ACIM<\/p>\n<p>Presidenta de la Federaci\u00f3n de Asociaciones para la Prevenci\u00f3n del Maltrato Infantil FAPMI<\/p>\n<p>&nbsp;<\/p>\n<p>&nbsp;<\/p>\n<p>&nbsp;<\/p>\n<p>&nbsp;<\/p>\n","protected":false},"excerpt":{"rendered":"<p>RESE\u00d1A El pasado 11 de noviembre se efectu\u00f3, en la Asociaci\u00f3n de Prensa de Madrid, la Jornada sobre: &#8220;&#8221;informar sobre&hellip;<\/p>\n","protected":false},"author":4,"featured_media":30163,"comment_status":"open","ping_status":"open","sticky":false,"template":"","format":"standard","meta":{"om_disable_all_campaigns":false,"_mi_skip_tracking":false,"_monsterinsights_sitenote_active":false,"_monsterinsights_sitenote_note":"","_monsterinsights_sitenote_category":0,"footnotes":""},"categories":[25,21,22,19,30],"tags":[],"aioseo_notices":[],"_links":{"self":[{"href":"https:\/\/granadacostaglobal.es\/index.php?rest_route=\/wp\/v2\/posts\/30157"}],"collection":[{"href":"https:\/\/granadacostaglobal.es\/index.php?rest_route=\/wp\/v2\/posts"}],"about":[{"href":"https:\/\/granadacostaglobal.es\/index.php?rest_route=\/wp\/v2\/types\/post"}],"author":[{"embeddable":true,"href":"https:\/\/granadacostaglobal.es\/index.php?rest_route=\/wp\/v2\/users\/4"}],"replies":[{"embeddable":true,"href":"https:\/\/granadacostaglobal.es\/index.php?rest_route=%2Fwp%2Fv2%2Fcomments&post=30157"}],"version-history":[{"count":0,"href":"https:\/\/granadacostaglobal.es\/index.php?rest_route=\/wp\/v2\/posts\/30157\/revisions"}],"wp:featuredmedia":[{"embeddable":true,"href":"https:\/\/granadacostaglobal.es\/index.php?rest_route=\/"}],"wp:attachment":[{"href":"https:\/\/granadacostaglobal.es\/index.php?rest_route=%2Fwp%2Fv2%2Fmedia&parent=30157"}],"wp:term":[{"taxonomy":"category","embeddable":true,"href":"https:\/\/granadacostaglobal.es\/index.php?rest_route=%2Fwp%2Fv2%2Fcategories&post=30157"},{"taxonomy":"post_tag","embeddable":true,"href":"https:\/\/granadacostaglobal.es\/index.php?rest_route=%2Fwp%2Fv2%2Ftags&post=30157"}],"curies":[{"name":"wp","href":"https:\/\/api.w.org\/{rel}","templated":true}]}}