{"id":30156,"date":"2021-11-22T11:42:17","date_gmt":"2021-11-22T11:42:17","guid":{"rendered":"http:\/\/granadacostanacional.es\/?p=30156"},"modified":"2021-11-22T11:42:17","modified_gmt":"2021-11-22T11:42:17","slug":"premio-conde-de-hubrite-d-antonio-prima-manzano","status":"publish","type":"post","link":"https:\/\/granadacostaglobal.es\/?p=30156","title":{"rendered":"Premio Conde de Hubrite D. Antonio Prima Manzano"},"content":{"rendered":"<p style=\"text-align: justify;\">Reunido el jurado de premios y distinciones del Proyecto Nacional de Cultura Granada Costa en sesi\u00f3n extraordinaria, a propuesta del Presidente de la Academia de las Ciencias, Bellas Artes y Buenas Letras Granada Costa, Don Jos\u00e9 Segura Haro, el d\u00eda 7 de marzo de 2020, se acuerda por unanimidad, conceder el <strong>Premio Conde de Hubrite de 2020 a D. Antonio Prima Manzano<\/strong>, en reconocimiento a los m\u00e9ritos excepcionales de los que ha venido dando prueba durante tant\u00edsimos a\u00f1os, en defensa de los derechos humanos y literarios, siendo escritor, poeta, columnista, ensayista&#8230; En concreto, reconocemos su obra <strong><em>&#8220;Los Cuentos de Pablo<\/em>&#8220;<\/strong> .En definitiva, un hombre dedicado a las letras, pero a la vez con una clara vocaci\u00f3n de dedicaci\u00f3n hacia los dem\u00e1s. Es por esto que se le concede el premio Conde de Hubrite, que naci\u00f3 para apoyar la edici\u00f3n de ciertas obras, en especial, obras con car\u00e1cter social, en las que el autor hace una edici\u00f3n con patrocinio del Proyecto de Cultura Granada Costa y las ventas del libro van destinadas a obras sociales.<\/p>\n<p style=\"text-align: justify;\"><a href=\"http:\/\/granadacostanacional.es\/wp-content\/uploads\/2021\/11\/Los-cuentos-de-Pablo-3d.jpg\"><img decoding=\"async\" loading=\"lazy\" class=\"aligncenter size-large wp-image-30160\" src=\"http:\/\/granadacostanacional.es\/wp-content\/uploads\/2021\/11\/Los-cuentos-de-Pablo-3d-899x1024.jpg\" alt=\"Los cuentos de Pablo 3d\" width=\"899\" height=\"1024\" \/><\/a><\/p>\n<p style=\"text-align: center;\"><strong><em>Los Cuentos de Pablo<\/em>, libro de Antonio Prima<\/strong><\/p>\n<p>Motivos, todos los anteriores, en los que se basa este jurado para concederle el premio Conde de Hubrite <strong>Proyecto Nacional de Cultura Granada Costa<\/strong>.<\/p>\n<p style=\"text-align: justify;\">La entrega de la distinci\u00f3n se efectuar\u00e1 en el Palacio de la Prensa en Madrid el pr\u00f3ximo 5 de marzo de 2022.<\/p>\n<p style=\"text-align: justify;\">Y, para que conste y se cumpla lo aqu\u00ed acordado se firma este documento en Granada a siete de marzo de 2020.<\/p>\n<p>&nbsp;<\/p>\n<p>&nbsp;<\/p>\n<p style=\"text-align: center;\"><strong>Jos\u00e9 Segura Haro<\/strong><\/p>\n<p style=\"text-align: center;\"><strong>Presidente del Jurado de premios y distinciones del<\/strong><\/p>\n<p style=\"text-align: center;\"><strong>Proyecto Nacional de Cultura Granada Costa<\/strong><\/p>\n","protected":false},"excerpt":{"rendered":"<p>Reunido el jurado de premios y distinciones del Proyecto Nacional de Cultura Granada Costa en sesi\u00f3n extraordinaria, a propuesta del&hellip;<\/p>\n","protected":false},"author":3,"featured_media":16282,"comment_status":"open","ping_status":"open","sticky":false,"template":"","format":"standard","meta":{"om_disable_all_campaigns":false,"_mi_skip_tracking":false,"_monsterinsights_sitenote_active":false,"_monsterinsights_sitenote_note":"","_monsterinsights_sitenote_category":0,"footnotes":""},"categories":[21],"tags":[],"aioseo_notices":[],"_links":{"self":[{"href":"https:\/\/granadacostaglobal.es\/index.php?rest_route=\/wp\/v2\/posts\/30156"}],"collection":[{"href":"https:\/\/granadacostaglobal.es\/index.php?rest_route=\/wp\/v2\/posts"}],"about":[{"href":"https:\/\/granadacostaglobal.es\/index.php?rest_route=\/wp\/v2\/types\/post"}],"author":[{"embeddable":true,"href":"https:\/\/granadacostaglobal.es\/index.php?rest_route=\/wp\/v2\/users\/3"}],"replies":[{"embeddable":true,"href":"https:\/\/granadacostaglobal.es\/index.php?rest_route=%2Fwp%2Fv2%2Fcomments&post=30156"}],"version-history":[{"count":0,"href":"https:\/\/granadacostaglobal.es\/index.php?rest_route=\/wp\/v2\/posts\/30156\/revisions"}],"wp:featuredmedia":[{"embeddable":true,"href":"https:\/\/granadacostaglobal.es\/index.php?rest_route=\/"}],"wp:attachment":[{"href":"https:\/\/granadacostaglobal.es\/index.php?rest_route=%2Fwp%2Fv2%2Fmedia&parent=30156"}],"wp:term":[{"taxonomy":"category","embeddable":true,"href":"https:\/\/granadacostaglobal.es\/index.php?rest_route=%2Fwp%2Fv2%2Fcategories&post=30156"},{"taxonomy":"post_tag","embeddable":true,"href":"https:\/\/granadacostaglobal.es\/index.php?rest_route=%2Fwp%2Fv2%2Ftags&post=30156"}],"curies":[{"name":"wp","href":"https:\/\/api.w.org\/{rel}","templated":true}]}}