{"id":30060,"date":"2021-11-18T17:36:16","date_gmt":"2021-11-18T17:36:16","guid":{"rendered":"http:\/\/granadacostanacional.es\/?p=30060"},"modified":"2021-11-18T17:36:16","modified_gmt":"2021-11-18T17:36:16","slug":"un-volcan-en-plena-ebullicion-maria-victoria-caro-bernal","status":"publish","type":"post","link":"https:\/\/granadacostaglobal.es\/?p=30060","title":{"rendered":"UN VOLC\u00c1N EN PLENA EBULLICI\u00d3N &#8211; MAR\u00cdA VICTORIA CARO BERNAL"},"content":{"rendered":"<p style=\"text-align: justify;\"><strong>Cuento con el inmenso honor de poder entrevistar a Mar\u00eda Victoria Caro Bernal. Una mujer de peso y andadura internacional. Andaluza, nacida en M\u00e1laga. Cuenta en su haber con una larga trayectoria y excelente formaci\u00f3n en diferentes \u00e1mbitos. Es socia del Ateneo de Madrid,<\/strong> poeta, actriz y gestora cultural, licenciada en Filosof\u00eda y Ciencias de la Educaci\u00f3n, por la Universidad Complutense de Madrid, y en Arte Dram\u00e1tico, por la Escuela Superior de Arte Dram\u00e1tico de M\u00e1laga, diplomada en Estudios Avanzados en Teor\u00eda, Historia y Pr\u00e1ctica del Teatro, por la Universidad de Alcal\u00e1, y Mag\u00edster en Direcci\u00f3n de Proyectos Culturales, por la Fundaci\u00f3n Contempor\u00e1nea.<\/p>\n<p style=\"text-align: justify;\"><strong>Vive en Madrid desde hace 31 a\u00f1os. Est\u00e1 felizmente casada con un profesor del British Council, con quien tiene dos hijos. Cuenta con tres cargos honor\u00edficos en el Ateneo de Madrid:<\/strong> Secretaria Segunda de su Junta de Gobierno, Presidenta de la Secci\u00f3n de Literatura y Presidenta de Honor de la Agrupaci\u00f3n de Ret\u00f3rica y Elocuencia. En el Ateneo de Madrid realiza una intensa labor cultural altruista, organizando actos de inter\u00e9s social y cultural, sobre filosof\u00eda, ciencias y artes.<\/p>\n<p style=\"text-align: justify;\"><a href=\"http:\/\/granadacostanacional.es\/wp-content\/uploads\/2021\/11\/image003-2.jpg\"><img decoding=\"async\" loading=\"lazy\" class=\"aligncenter wp-image-30063 size-medium\" src=\"http:\/\/granadacostanacional.es\/wp-content\/uploads\/2021\/11\/image003-2-300x101.jpg\" alt=\"image003\" width=\"300\" height=\"101\" \/><\/a><\/p>\n<p style=\"text-align: justify;\">En el marco literario podemos citar diferentes obras de las cuales es autora, algunas de ellas traducidas a otras lenguas, <em>Lino blanco<\/em> (Cuadernos de Parasol, 1986), <em>Tierra amada. Esp\u00edritu de perfecci\u00f3n<\/em> (Vive Libro, 2014), en \u00e1rabe, castellano e ingl\u00e9s (Nueva Estrella, 2019) y en \u00e1rabe y castellano (Editorial Diwan, 2020). En este poemario nos muestra un viaje que va desde el centro de la tierra, ella, hacia las estrellas. Un viaje como el de Cavafis, lleno de experiencias y de autoconocimiento. Autora tambi\u00e9n de <em>Cetro de espinas vivas<\/em>, en farsi y gallego (Tulipa Editora, 2019), es otra de sus obras presentada en la Feria del Libro de Sharja, 2019. Cuenta en su haber con la participaci\u00f3n en muchas antolog\u00edas literarias nacionales e internacionales y en muchos encuentros y festivales literarios y de poes\u00eda en diferentes ciudades de Espa\u00f1a, Ramala, Nador, Rabat, Casablanca, Tanger, Larache, Tetu\u00e1n, T\u00fanez, M\u00e9xico, Cuba y Emiratos \u00c1rabes Unidos.<\/p>\n<p style=\"text-align: justify;\"><a href=\"http:\/\/granadacostanacional.es\/wp-content\/uploads\/2021\/11\/image005-2.jpg\"><img decoding=\"async\" loading=\"lazy\" class=\"aligncenter wp-image-30064 size-medium\" src=\"http:\/\/granadacostanacional.es\/wp-content\/uploads\/2021\/11\/image005-2-210x300.jpg\" alt=\"image005\" width=\"210\" height=\"300\" \/><\/a><\/p>\n<p style=\"text-align: justify;\">La solidez de la autora viene avalada por los pr\u00f3logos y ep\u00edlogos de sus libros. En <em>Tierra amada&#8230;<\/em> Mar\u00eda Victoria loa al Se\u00f1or en su poes\u00eda m\u00e1s m\u00edstica como esa \u00abvoz solemne, masculina y sonora\u00bb que invita a la intimidad y al recogimiento para alcanzar al fin el conocimiento profundo de llegar a saber qui\u00e9n somos y para hallar, en la oscuridad que nos envuelve, en la noche del alma, la misteriosa luz del d\u00eda, pues solo desde esa soledad puede ser revelada la verdad que da sentido a la vida. Sus poemas son cantos de amor ungidos de dulzura, que se apartan del deseo, que hiere, para a trav\u00e9s de la mente consciente estar en lo sagrado. Dice Mar\u00eda Victoria: \u00abdejad hacer, dejad pasar, dejad sentir\u00bb a la emoci\u00f3n, al amor plat\u00f3nico, al eco de una voz que la envuelva en un \u00abTe quiero\u00bb. Sin duda la penumbra de la noche es el espacio de las palabras pronunciadas sin aliento, la fuerza del pensamiento despierta al coraz\u00f3n para que no olvide su origen, ese \u00abanhelado punto de partida\u00bb. Luz y noche son dos conceptos fundamentales en la poes\u00eda m\u00edstica y Mar\u00eda Victoria sabe conjuntarlos con acierto para transmitir su mensaje eucar\u00edstico: transmutaci\u00f3n del coraz\u00f3n que herido se derrama como el vino. El sonido nos une al recuerdo de cada d\u00eda, a nuestro pan, nuestro esp\u00edritu. Aqu\u00ed el lenguaje se hace m\u00e1s simb\u00f3lico, m\u00e1s ecl\u00e9ctico, as\u00ed en <em>Laureola de sombras<\/em> dice: \u00abHoy he visto la sombra de la luz\u00bb. A su vez reincide en la circularidad del tiempo, en el eterno retorno, desde donde se emerge de las aguas para con los ojos abiertos alcanzar la plenitud. En estos poemas Mar\u00eda Victoria hace gala de una sensualidad a flor de piel que emerge de las entra\u00f1as, con esa llama de amor viva que nos dice una y otra vez que resulta imposible vivir sin amor, pues el amor, como una estrella de \u00abluz blanca y transparente\u00bb, nos da vida en la oscuridad, donde aguardamos su llegada, entre la vigilia consciente y el sue\u00f1o, sabiendo que es sue\u00f1o.<\/p>\n<p style=\"text-align: justify;\">El poemario concluye con dos ep\u00edlogos, obra de Vicente Merlo y Xabier S\u00e1nchez de Amoraga y de Garnica, dos escritores formados en filosof\u00eda, arte, simbolog\u00eda y religiones. Con sus palabras ponen el broche de oro a un poemario, <em>Tierra amada. Esp\u00edritu de perfecci\u00f3n<\/em>, muy recomendable para tener sobre la mesilla de noche en estos tiempos tan dif\u00edciles que han arrinconado la dimensi\u00f3n espiritual que el ser humano tanto necesita, estos tiempos donde lo material y los intereses por ambicionar a toda costa dinero, poder y m\u00e1s control sobre los otros, ambici\u00f3n de lo que sea y como sea.<\/p>\n<p style=\"text-align: justify;\">A continuaci\u00f3n, les muestro un poema de su autor\u00eda:<\/p>\n<h3 style=\"text-align: center;\"><strong>Todo es diferente<\/strong><\/h3>\n<p style=\"text-align: center;\">\n<p style=\"text-align: center;\"><strong>Todo especial gracias al sublime silencio<\/strong><\/p>\n<p style=\"text-align: center;\"><strong>que a\u00edsla y envuelve a la siempre alborotada mente.<\/strong><\/p>\n<p style=\"text-align: center;\">\n<p style=\"text-align: center;\"><strong>Descubrir lo indefinible.<\/strong><\/p>\n<p style=\"text-align: center;\">\n<p style=\"text-align: center;\"><strong>Un claro en el bosque no es la ausencia,<\/strong><\/p>\n<p style=\"text-align: center;\"><strong>ni la nada, ni el vac\u00edo.<\/strong><\/p>\n<p style=\"text-align: center;\">\n<p style=\"text-align: center;\"><strong>Un claro en este selv\u00e1tico bosque<\/strong><\/p>\n<p style=\"text-align: center;\"><strong>es el comienzo del deseado encuentro con la llamada.<\/strong><\/p>\n<p style=\"text-align: center;\">\n<p style=\"text-align: center;\"><strong><em>Llegad enfocando al centro<\/em><\/strong><\/p>\n<p style=\"text-align: center;\">\n<p style=\"text-align: center;\"><strong>Eje del ente que se llena de vida incorp\u00f3rea.<\/strong><\/p>\n<p style=\"text-align: center;\">\n<p style=\"text-align: center;\"><strong>Luz m\u00edstica que devuelve a mi pensamiento<\/strong><\/p>\n<p style=\"text-align: center;\"><strong>su r\u00e1pido saber, percepci\u00f3n sutil,<\/strong><\/p>\n<p style=\"text-align: center;\"><strong>casi inalcanzable paz.<\/strong><\/p>\n<p style=\"text-align: justify;\">\u00a0\u00a0\u00a0\u00a0\u00a0\u00a0\u00a0\u00a0\u00a0 Mar\u00eda Victoria es adem\u00e1s coordinadora de varios colectivos de corte social \u00abMadrid Solidaria con Palestina\u00bb, e<strong>lla es activista por los Derechos Humanos y se confiesa firme defensora de la Causa Palestina. Coordina<\/strong> \u00abNo a la Guerra\u00bb y \u00abDerechos Humanos contra Delitos de Odio\u00bb y tambi\u00e9n es presidenta de la Asociaci\u00f3n \u00abTierra y Culturas\u00bb. Ha trabajado tambi\u00e9n en el Ballet Nacional de Espa\u00f1a como coordinadora de producci\u00f3n durante una temporada completa. Directora en la Comunidad de Madrid del Festival Internacional <em>Grito de Mujer<\/em>, como miembro del Movimiento Internacional de Mujeres Poetas.<\/p>\n<p style=\"text-align: justify;\">\u00a0\u00a0\u00a0\u00a0\u00a0\u00a0\u00a0\u00a0\u00a0 Como ustedes pueden apreciar, nos encontramos ante un perfil de mujer ante todo humana, solidaria, libre, muy activa, trabajadora, reivindicativa, que cuenta cada d\u00eda con m\u00e1s seguidores y seguidoras en el \u00e1mbito cultural, entre las cuales me incluyo. Por tanto, me atrevo a afirmar que el futuro pertenece a ella y a las personas que como ella, creen en la belleza de los grandes ideales. Mar\u00eda Victoria Caro Bernal es un ejemplo de persona para tener en cuenta, con condiciones de liderazgo. Una gran mujer que no tiene miedo a los ciclones ni tormentas y sabe navegar su propio barco. Defensora de las palabras de Marie Curie cuando afirma: \u00ab<em>Usted no puede esperar construir un mundo mejor sin mejorar a las personas. Cada uno de nosotros debe trabajar para su propia mejora<\/em>\u00bb<em>.<\/em><\/p>\n<p style=\"text-align: justify;\"><a href=\"http:\/\/granadacostanacional.es\/wp-content\/uploads\/2021\/11\/image007.png\"><img decoding=\"async\" loading=\"lazy\" class=\"aligncenter wp-image-30065\" src=\"http:\/\/granadacostanacional.es\/wp-content\/uploads\/2021\/11\/image007.png\" alt=\"image007\" width=\"600\" height=\"429\" \/><\/a><\/p>\n<p style=\"text-align: center;\"><em>Ana Mar\u00eda L\u00f3pez Exp\u00f3sito y Mar\u00eda Victoria Caro Bernal<\/em><\/p>\n<p>\u00a0\u00a0\u00a0\u00a0\u00a0\u00a0\u00a0\u00a0\u00a0 A continuaci\u00f3n, leer\u00e1n una serie de preguntas m\u00edas y respuestas de la autora entrevistada:<\/p>\n<p style=\"text-align: justify;\">1.- Pregunta: <strong>\u00bfA qu\u00e9 edad inicias esta profunda vocaci\u00f3n como escritora? \u00bfEst\u00e1 relacionada con tu tierra?<\/strong><\/p>\n<p style=\"text-align: justify;\">No est\u00e1 relacionada mi vocaci\u00f3n con el paisaje de M\u00e1laga, mi bella tierra, pero s\u00ed con su paisanaje, con el despertar de las emociones. No conservo mis primeros escritos de adolescencia. A los diecis\u00e9is o diecisiete a\u00f1os escrib\u00eda unos diarios muy surrealistas y extra\u00f1os, porque mejor que no se entendieran, si llegaban a alg\u00fan curioso. Entonces escrib\u00eda solo para m\u00ed y ten\u00edan que ver con el descubrimiento de las sensaciones que dan las miradas, las atracciones.<\/p>\n<p style=\"text-align: justify;\"><strong>\u00a0<\/strong><strong>2- En 1986 obtuviste el Primer Premio de Poes\u00eda Antonio Machado (Ja\u00e9n, 1986). \u00bfPodr\u00edas explicarnos en qu\u00e9 consisti\u00f3? \u00bfTuvo repercusi\u00f3n en tu trayectoria personal? <\/strong><\/p>\n<p style=\"text-align: justify;\">Con mi primer poema gan\u00e9 un certamen andaluz de poes\u00eda. Un profesor de literatura nos propuso en clase que escribi\u00e9ramos un poema sobre la paz. Decid\u00ed hacerlo sobre la paz \u00edntima del alma. No la paz de la conciencia, sino de la paz del alma iluminada. Segu\u00ed escribiendo, porque s\u00ed tuvo repercusi\u00f3n entre mis amigos poetas, algunos de los cuales no pod\u00edan creer que su amiga actriz escribiera as\u00ed. Me animaron a editar y publiqu\u00e9 <em>Lino blanco<\/em>, en 1986, una selecci\u00f3n de once poemas, de unos treinta, hecha por Enrique Baena Pe\u00f1a, ahora catedr\u00e1tico de Literatura de la Universidad de M\u00e1laga.<\/p>\n<p style=\"text-align: justify;\">3-<strong> \u00bfQu\u00e9 proyectos literarios est\u00e1s llevando a cabo en la actualidad? <\/strong><\/p>\n<p style=\"text-align: justify;\">Estoy anteponiendo mucho hacer realidad los proyectos literarios de otros. Me gustar\u00eda publicar en la primavera de 2022 un poemario <em>Poes\u00eda contra los genocidios<\/em>, una denuncia po\u00e9tica contra la sinraz\u00f3n y el salvajismo de las matanzas y las guerras. Hombres matando a hombres. El terror enajenado del que m\u00e1s nos debemos alejar los seres humanos, tambi\u00e9n denunciar a los culpables asesinos y que sean juzgados. La impunidad permite que siga y siga el mercado de las armas y de las guerras. La poes\u00eda, como servidora de la verdad, debe imponerse contra la barbarie.<\/p>\n<p style=\"text-align: justify;\"><strong>4- Tu andadura atene\u00edsta, sin lugar a dudas, est\u00e1 siendo una experiencia hist\u00f3rica e inolvidable. \u00bfCu\u00e1l ha sido tu objetivo a lo largo de todos estos a\u00f1os en el Ateneo de Madrid? \u00bfCu\u00e1l es tu mayor logro? <\/strong><\/p>\n<p style=\"text-align: justify;\">Mi objetivo siempre ha sido y sigue siendo conocer a muchas personas y que unas pocas lleguen a ser mis amigas. Tambi\u00e9n servir, dar mi tiempo y apoyar desde la mayor variedad cultural a todas las personas que me necesiten y a los socios y socias del Ateneo de Madrid para que nuestra sociedad perdure como lo que es y fue. Desde hace muchos a\u00f1os el Ateneo de Madrid me tiene atrapada. Espero estar haci\u00e9ndolo bien y que mi trabajo sea tan bueno que repercuta en el respeto debido a los socios y socias. El Ateneo de Madrid es independiente y democr\u00e1tico, que no sea insultado o rebajado para el inter\u00e9s de un control dictatorial para la explotaci\u00f3n mercantil de sus salas. Eso no lo queremos sus socios y lo hemos manifestado en las \u00faltimas elecciones a Secciones, arrinconando al grupo 1820, eclipsado por la mentiras de su falso l\u00edder y ahora presidente.<\/p>\n<p style=\"text-align: justify;\"><strong>5- Como coordinadora de la asociaci\u00f3n <\/strong>\u00ab<strong>Madrid Solidaria con Palestina<\/strong>\u00bb<strong>. \u00bfPodr\u00edas ser m\u00e1s espec\u00edfica en este tema? <\/strong><\/p>\n<p style=\"text-align: justify;\">Naci\u00f3 en 2017, despu\u00e9s de la escisi\u00f3n y desintegraci\u00f3n de un grupo muy activo Palestina Toma la Calle. Desde entonces hasta ahora viene siendo un colectivo valiente y unido, obediente a las necesidades en cada momento del pueblo palestino y de los palestinos en la di\u00e1spora que viven en Madrid. Nos manifestamos por la paz, la verdad y la justicia de todos los palestinos y palestinas, a los que se les arrebataron sus tierras, se los echaron de sus casas o los mataron para quedarse con todas sus posesiones. Nos vamos acercando a 74 a\u00f1os de cr\u00edmenes e injusticias contra un pueblo que reclama por Palestina desde cuarenta y nueve campos de refugiados, unos seis millones de palestinos y palestinas encerrados, que nacieron cerca del mar y no lo conocen. La ideolog\u00eda sionista, de la que tantas personas en el mundo participa, hace de este mundo un infierno inhumano. Habr\u00e1 un nuevo d\u00eda donde se imponga la justicia. Por ello \u201cMadrid Solidaria con Palestina\u201d se manifiesta en las plazas y sobre todo frente a la embajada israel\u00ed. Cada vez somos m\u00e1s las personas que no nos cruzamos de brazos ante su racismo e islamofobia atroz.<\/p>\n<p style=\"text-align: justify;\"><strong>6- \u00bfPodr\u00edas decirnos brevemente unas palabras acerca de la Asociaci\u00f3n de la que eres presidenta <em>Tierra y Culturas<\/em>? <\/strong><\/p>\n<p style=\"text-align: justify;\">En 2013 fundamos desde un peque\u00f1o grupo de cuatro personas una asociaci\u00f3n por los seres humanos, sus derechos, nuestra Tierra, el respeto por los valores ecol\u00f3gicos y el desarrollo sostenible. Siempre ha sido una asociaci\u00f3n para la difusi\u00f3n del conocimiento, de la ciencia y los valores. Sin m\u00e1s pretensiones de expansi\u00f3n, pedir cuotas o conseguir subvenciones. Hemos hecho mucho y tambi\u00e9n hemos colaborado mucho con otras asociaciones o colectivos, apoyando sus reivindicaciones.<\/p>\n<p style=\"text-align: justify;\"><strong>7.- H\u00e1blame de tus escritores preferidos de cualquier g\u00e9nero literario. <\/strong><\/p>\n<p style=\"text-align: justify;\">Mis preferidos son fil\u00f3sofos y fil\u00f3sofas, Plat\u00f3n, Plotino, Agust\u00edn de Hipona, Mar\u00eda Zambrano. Plat\u00f3nicos, neoplat\u00f3nicos y m\u00edsticos. Me parece que algunos fil\u00f3sofos tocaron realidades invisibles para este mundo de apariencias temporales. Me gusta lo verdadero, m\u00e1s que la ficci\u00f3n, el pensamiento profundo, los textos sagrados de todas las religiones o los ap\u00f3crifos, m\u00e1s que leer por entretenimiento. Si un autor o autora se queda en lo superficial, no me llama la atenci\u00f3n, por mucha t\u00e9cnica literaria o discursiva que tenga. Debe llegar al fondo y lanzar su verdad o verdades.<\/p>\n<p style=\"text-align: justify;\"><strong>8- \u00bfQu\u00e9 piensas sobre el papel de la mujer en la sociedad actual?<\/strong><\/p>\n<p style=\"text-align: justify;\">Yo pienso de manera firme que las mujeres convenceremos al mundo, gracias a nuestro trabajo y capacidades, que el ser humano tiene g\u00e9neros, pero el masculino no es superior, sino igual, por ello nuestras diferencias no nos pone niveles, sino variedad, que siempre es riqueza y proporciona disfrute y creatividad. No hay superioridad de un g\u00e9nero, como no hay superioridad de raza. Solo nos vale una educaci\u00f3n donde se plasme que la variedad no significa privilegios naturales. La igualdad de derechos, ser\u00e1 una realidad, porque todas las mujeres lo queremos y lo demostramos, la mayor\u00eda de hombres tambi\u00e9n. No porque seamos m\u00e1s, sino porque no hay superioridad mental o intelectiva de un g\u00e9nero sobre otro, y est\u00e1 m\u00e1s que demostrado. Ni lo religioso ni lo cultural deben impedir esa verdad demostrada: nuestras capacidades mentales son iguales, nuestros derechos tambi\u00e9n deben serlo. Las conquistas de las mujeres son para todos los seres humanos. Sigamos.<\/p>\n<p style=\"text-align: justify;\"><strong>9-Con tanta actividad intelectual olvid\u00e9 preguntarte por tus hobbies. <\/strong><\/p>\n<p style=\"text-align: justify;\">Pues me gusta el cine, el teatro, los conciertos, comer al aire libre, en familia o con amigos, la m\u00fasica o la televisi\u00f3n, cuando trabajo con el ordenador, pasear por el parque a mi perro y dormir la siesta con mis gatos.<\/p>\n<p style=\"text-align: justify;\"><strong>10- \u00bfPodr\u00edas hablarme de algunos de tus sue\u00f1os no cumplidos?<\/strong><\/p>\n<p style=\"text-align: justify;\">Pues no se me ocurre ninguno ahora.<\/p>\n<p style=\"text-align: justify;\"><strong>13- \u00bfCu\u00e1l ha sido tu \u00faltimo premio? \u00bfEn qu\u00e9 consiste? <\/strong><\/p>\n<p style=\"text-align: justify;\"><strong>En mayo de este a\u00f1o un amigo poeta me convenci\u00f3 para que me presentara a un certamen internacional iran\u00ed de poes\u00eda y a las tres semanas me comunicaron que yo recibir\u00eda el <\/strong>Primer Premio Internacional de Poes\u00eda sobre Jerusal\u00e9n (Al Quds) 2021, concedido por la Asamblea iran\u00ed de Poetas de la Resistencia y la Direcci\u00f3n General de Bibliotecas de la Rep\u00fablica Isl\u00e1mica de Ir\u00e1n. Por varios motivos no lo recib\u00ed en Teher\u00e1n, sino en el Sal\u00f3n de Actos del Ateneo de Madrid, de la mano del consejero cultural de la embajada iran\u00ed, el Sr. Mohammad Mahdi Ahmadi. Estoy muy agradecida a todos por el reconocimiento y espero ir un d\u00eda a Ir\u00e1n. Conozco la situaci\u00f3n injusta que viven muchos hombres y mujeres iran\u00edes por atreverse a decir que piensan diferente a sus gobernantes. Eso puede significar arrestos, torturas e incluso condenas a muerte y ejecuciones. Espero que, cuando vaya a Ir\u00e1n, haya libertades democr\u00e1ticas reales. Mi premio fue un diploma muy bonito y tambi\u00e9n fue econ\u00f3mico. Ese dinero ha ido \u00edntegramente para las familias palestinas m\u00e1s pobres del Campamento de Refugiados de Rafah, en Gaza, Palestina.<\/p>\n<p style=\"text-align: justify;\"><strong>Preguntas tipo test:<\/strong><\/p>\n<p style=\"text-align: justify;\"><strong>\u00bfUn lugar que te gustar\u00eda visitar pr\u00f3ximamente?<\/strong> La Franja de Gaza, en Palestina<\/p>\n<p style=\"text-align: justify;\"><strong>\u00bfUn personaje hist\u00f3rico? <\/strong>Teresa de Ahumada<\/p>\n<p style=\"text-align: justify;\"><strong>\u00bfUn libro? <\/strong>El banquete, de Plat\u00f3n<\/p>\n<p style=\"text-align: justify;\"><strong>\u00bfUna poeta? <\/strong>Mar\u00eda Zambrano<\/p>\n<p style=\"text-align: justify;\"><strong>\u00bfUn escritor?<\/strong> Valle-Incl\u00e1n<\/p>\n<p style=\"text-align: justify;\"><strong>\u00bfUn m\u00fasico? <\/strong>Mike Oldfield<\/p>\n<p style=\"text-align: justify;\"><strong>\u00bfUna pel\u00edcula? <\/strong>El mercader de Venecia<\/p>\n<p style=\"text-align: justify;\"><strong>\u00bfUna actriz? <\/strong>Nuria Espert<\/p>\n<p style=\"text-align: justify;\"><strong>\u00bfUn pintor? <\/strong>Picasso<\/p>\n<p style=\"text-align: justify;\"><strong>\u00bfUna canci\u00f3n? <\/strong>Reloj no marques las horas<\/p>\n<p style=\"text-align: justify;\"><strong>\u00bfUna \u00e9poca? \u00a0<\/strong>Esta actual<\/p>\n<p style=\"text-align: justify;\"><strong>\u00bfUna flor? <\/strong>El jazm\u00edn<\/p>\n<p style=\"text-align: justify;\"><strong>\u00bfUn lugar d\u00f3nde residir? <\/strong>Cualquier pueblo o ciudad con playa en el Mar Mediterr\u00e1neo<\/p>\n<p style=\"text-align: justify;\"><strong>\u00bfUn color? <\/strong>El turquesa<\/p>\n<p style=\"text-align: justify;\"><strong>\u00bfUna palabra universal? <\/strong>Amor y coraz\u00f3n<\/p>\n<p style=\"text-align: right;\"><strong>Autora de la entrevista: Ana Mar\u00eda L\u00f3pez Exp\u00f3sito<\/strong><\/p>\n","protected":false},"excerpt":{"rendered":"<p>Cuento con el inmenso honor de poder entrevistar a Mar\u00eda Victoria Caro Bernal. Una mujer de peso y andadura internacional.&hellip;<\/p>\n","protected":false},"author":3,"featured_media":30061,"comment_status":"open","ping_status":"open","sticky":false,"template":"","format":"standard","meta":{"om_disable_all_campaigns":false,"_mi_skip_tracking":false,"_monsterinsights_sitenote_active":false,"_monsterinsights_sitenote_note":"","_monsterinsights_sitenote_category":0,"footnotes":""},"categories":[21],"tags":[],"aioseo_notices":[],"_links":{"self":[{"href":"https:\/\/granadacostaglobal.es\/index.php?rest_route=\/wp\/v2\/posts\/30060"}],"collection":[{"href":"https:\/\/granadacostaglobal.es\/index.php?rest_route=\/wp\/v2\/posts"}],"about":[{"href":"https:\/\/granadacostaglobal.es\/index.php?rest_route=\/wp\/v2\/types\/post"}],"author":[{"embeddable":true,"href":"https:\/\/granadacostaglobal.es\/index.php?rest_route=\/wp\/v2\/users\/3"}],"replies":[{"embeddable":true,"href":"https:\/\/granadacostaglobal.es\/index.php?rest_route=%2Fwp%2Fv2%2Fcomments&post=30060"}],"version-history":[{"count":0,"href":"https:\/\/granadacostaglobal.es\/index.php?rest_route=\/wp\/v2\/posts\/30060\/revisions"}],"wp:featuredmedia":[{"embeddable":true,"href":"https:\/\/granadacostaglobal.es\/index.php?rest_route=\/"}],"wp:attachment":[{"href":"https:\/\/granadacostaglobal.es\/index.php?rest_route=%2Fwp%2Fv2%2Fmedia&parent=30060"}],"wp:term":[{"taxonomy":"category","embeddable":true,"href":"https:\/\/granadacostaglobal.es\/index.php?rest_route=%2Fwp%2Fv2%2Fcategories&post=30060"},{"taxonomy":"post_tag","embeddable":true,"href":"https:\/\/granadacostaglobal.es\/index.php?rest_route=%2Fwp%2Fv2%2Ftags&post=30060"}],"curies":[{"name":"wp","href":"https:\/\/api.w.org\/{rel}","templated":true}]}}