{"id":29996,"date":"2021-11-17T12:04:13","date_gmt":"2021-11-17T12:04:13","guid":{"rendered":"http:\/\/granadacostanacional.es\/?p=29996"},"modified":"2021-11-17T12:04:13","modified_gmt":"2021-11-17T12:04:13","slug":"dia-mundial-del-nino-prematuro-2","status":"publish","type":"post","link":"https:\/\/granadacostaglobal.es\/?p=29996","title":{"rendered":"D\u00cdA MUNDIAL  DEL  NI\u00d1O   PREMATURO"},"content":{"rendered":"<div style=\"text-align: justify;\" data-original-attrs=\"{&quot;style&quot;:&quot;&quot;}\"><a href=\"http:\/\/granadacostanacional.es\/wp-content\/uploads\/2021\/11\/IMG-20211117-WA0026.jpg\"><img decoding=\"async\" loading=\"lazy\" class=\"alignnone size-medium wp-image-29997 alignleft\" src=\"http:\/\/granadacostanacional.es\/wp-content\/uploads\/2021\/11\/IMG-20211117-WA0026-225x300.jpg\" alt=\"IMG-20211117-WA0026\" width=\"225\" height=\"300\" \/><\/a>El D\u00eda Mundial del ni\u00f1o prematuro se conmemora cada 17 de noviembre desde el 2008 y lo promueve la Fundaci\u00f3n Europea por la Cura de los Neonatos, European Foundation For The Care Of Newborn Ni\u00f1os (EFCNI), y las asociaciones de padres de prematuros de todo el mundo.<\/div>\n<div style=\"text-align: justify;\" data-original-attrs=\"{&quot;style&quot;:&quot;&quot;}\"><\/div>\n<div style=\"text-align: justify;\" data-original-attrs=\"{&quot;style&quot;:&quot;&quot;}\">\n<div data-original-attrs=\"{&quot;style&quot;:&quot;&quot;}\"><span data-keep-original-tag=\"false\" data-original-attrs=\"{&quot;style&quot;:&quot;&quot;}\">La Unidad Neonatal del Hospital Universitario Arnau de Vilanova de Lleida se suma el 17 de noviembre, al D\u00eda Mundial del Ni\u00f1o Prematuro con una jornada destinada a las madres y los padres de los beb\u00e9s que han sido ingresados a la Unidad.<\/span><\/div>\n<\/div>\n<div data-original-attrs=\"{&quot;style&quot;:&quot;&quot;}\">\n<p style=\"font-weight: 400; text-align: justify;\">Con la celebraci\u00f3n de este d\u00eda se quieren difundir los retos y la problem\u00e1tica en relaci\u00f3n con los ni\u00f1os prematuros y sus familias.<a href=\"http:\/\/granadacostanacional.es\/wp-content\/uploads\/2021\/11\/IMG-20211117-WA0027.jpg\"><img decoding=\"async\" loading=\"lazy\" class=\"size-medium wp-image-29998 alignright\" src=\"http:\/\/granadacostanacional.es\/wp-content\/uploads\/2021\/11\/IMG-20211117-WA0027-300x233.jpg\" alt=\"IMG-20211117-WA0027\" width=\"300\" height=\"233\" \/><\/a><\/p>\n<p style=\"font-weight: 400; text-align: justify;\">El Aula Hospitalaria se suman a los actos con la realizacion de trabajos de sensibilizaci\u00f3n.<\/p>\n<\/div>\n","protected":false},"excerpt":{"rendered":"<p>El D\u00eda Mundial del ni\u00f1o prematuro se conmemora cada 17 de noviembre desde el 2008 y lo promueve la Fundaci\u00f3n&hellip;<\/p>\n","protected":false},"author":4,"featured_media":29999,"comment_status":"open","ping_status":"open","sticky":false,"template":"","format":"standard","meta":{"om_disable_all_campaigns":false,"_mi_skip_tracking":false,"_monsterinsights_sitenote_active":false,"_monsterinsights_sitenote_note":"","_monsterinsights_sitenote_category":0,"footnotes":""},"categories":[25,36,21,35,22,19,30],"tags":[],"aioseo_notices":[],"_links":{"self":[{"href":"https:\/\/granadacostaglobal.es\/index.php?rest_route=\/wp\/v2\/posts\/29996"}],"collection":[{"href":"https:\/\/granadacostaglobal.es\/index.php?rest_route=\/wp\/v2\/posts"}],"about":[{"href":"https:\/\/granadacostaglobal.es\/index.php?rest_route=\/wp\/v2\/types\/post"}],"author":[{"embeddable":true,"href":"https:\/\/granadacostaglobal.es\/index.php?rest_route=\/wp\/v2\/users\/4"}],"replies":[{"embeddable":true,"href":"https:\/\/granadacostaglobal.es\/index.php?rest_route=%2Fwp%2Fv2%2Fcomments&post=29996"}],"version-history":[{"count":0,"href":"https:\/\/granadacostaglobal.es\/index.php?rest_route=\/wp\/v2\/posts\/29996\/revisions"}],"wp:featuredmedia":[{"embeddable":true,"href":"https:\/\/granadacostaglobal.es\/index.php?rest_route=\/"}],"wp:attachment":[{"href":"https:\/\/granadacostaglobal.es\/index.php?rest_route=%2Fwp%2Fv2%2Fmedia&parent=29996"}],"wp:term":[{"taxonomy":"category","embeddable":true,"href":"https:\/\/granadacostaglobal.es\/index.php?rest_route=%2Fwp%2Fv2%2Fcategories&post=29996"},{"taxonomy":"post_tag","embeddable":true,"href":"https:\/\/granadacostaglobal.es\/index.php?rest_route=%2Fwp%2Fv2%2Ftags&post=29996"}],"curies":[{"name":"wp","href":"https:\/\/api.w.org\/{rel}","templated":true}]}}