{"id":29958,"date":"2021-11-11T15:42:31","date_gmt":"2021-11-11T15:42:31","guid":{"rendered":"http:\/\/granadacostanacional.es\/?p=29958"},"modified":"2021-11-11T15:42:31","modified_gmt":"2021-11-11T15:42:31","slug":"navidad-y-realidad","status":"publish","type":"post","link":"https:\/\/granadacostaglobal.es\/?p=29958","title":{"rendered":"NAVIDAD Y REALIDAD"},"content":{"rendered":"<p style=\"text-align: justify;\">Esta bien podr\u00eda ser una historia m\u00e1s redactada en un folio en blanco. Se aproxima la Navidad, con ella llegar\u00e1n momentos \u00fanicos e inolvidables para muchas personas, pero&#8230; Qu\u00e9 decir para otras, que las pasar\u00e1n desamparadas.<\/p>\n<p style=\"text-align: justify;\">Vivo en un pueblo donde dicho desamparo no se palpa en el ambiente, m\u00e1s bien lo veo diariamente. Cada amanecer veo las calles desiertas \u00a1s\u00ed! circula alg\u00fan que otro veh\u00edculo, puedo cruzar sin temor a ser atropellada, es inevitable ignorar lo que ante mi d\u00eda tras d\u00eda visualizo, sin haber llegado al otro lado puedo ver a indigentes guareci\u00e9ndose del fr\u00edo entre cartones, su \u00fanica fuente de calor, la luz que trasmite una farola.<\/p>\n<p style=\"text-align: justify;\">Enganchada a dicho poste de luz cuelgan las luces Navide\u00f1as. Qu\u00e9 contradicci\u00f3n, mientras ellos se cobijan de la escarcha en los hogares ya empezaron los preparativos\u2026 No s\u00e9 c\u00f3mo definir dicha estampa. Los m\u00e1s peque\u00f1os, ajenos al sufrimiento, hayan junto al pesebre o bien debajo del \u00e1rbol Navide\u00f1o regalos que inocentemente abrir\u00e1n pensando que Santa Claus lleg\u00f3&#8230; No podemos ser hip\u00f3critas al fin y al cabo todos mostraremos nuestras mejores galas, comidas copiosas y cenas.<\/p>\n<p style=\"text-align: justify;\">Cada pa\u00eds lo celebrar\u00e1 seg\u00fan sus costumbres. Si pudi\u00e9ramos mirar desde el firmamento comprobar\u00edamos c\u00f3mo brilla el planeta. Lo triste de este relato o historia es que no me es indiferente el dolor ajeno y aun as\u00ed miramos hacia otro lado.<\/p>\n<p style=\"text-align: justify;\">No todo es negativo, los peque\u00f1os andar\u00e1n de aqu\u00ed para all\u00e1, correteando los pasillos de grandes almacenes buscando el juguete con el que tanto han so\u00f1ado.<\/p>\n<p style=\"text-align: justify;\">En cambio, s\u00e9 de buena tinta que hay ni\u00f1os que destinan parte de sus ahorros a comprar juguetes para que se destinen a ni\u00f1os que no tienen nada.<\/p>\n<p style=\"text-align: justify;\">En este momento pienso que as\u00ed deber\u00eda ser la Navidad. Miro a mi alrededor y pienso qu\u00e9 bonito ser\u00eda compartir entre todos&#8230; La Natividad se celebra todos los d\u00edas del a\u00f1o si somos capaces de abrir nuestros corazones. Recordemos que Jes\u00fas naci\u00f3 en un humilde pesebre seg\u00fan viene redactado en la Biblia.<\/p>\n<p style=\"text-align: justify;\">Estoy segura de que le hubiera gustado ver manos abiertas y menos materialismo, en definitiva \u00bfqui\u00e9n no conoce la historia?<\/p>\n<p style=\"text-align: justify;\">Vemos cada d\u00eda mucha hambre en el mundo, ni\u00f1os Jugando con un palo de madera o dibujando en la tierra.<\/p>\n<p style=\"text-align: justify;\">Ellos tambi\u00e9n tienen sue\u00f1os en Navidad. No busco una excusa en dichas fechas.<\/p>\n<p style=\"text-align: justify;\">Me gustar\u00eda introducir en este relato a un personaje, pero ser\u00eda injusta ya que todos tienen cabida. Prefiero plasmar unas palabras con la certeza de que traspasaran fronteras. Ayudar al d\u00e9bil nos engrandece espiritualmente y como personas. Desear\u00eda creer que es as\u00ed.<\/p>\n<p style=\"text-align: justify;\">Pensemos por un momento que los reyes magos de Oriente llegaron a Bel\u00e9n guiados por una estrella, desconoc\u00edan que Jos\u00e9 y Mar\u00eda se cobijaban en un pesebre. Los reyes magos de Oriente no ten\u00edan conocimiento de que iban adorar a un rey humilde, sin ropajes ni riquezas, recostado sobre una cuna de madera.<\/p>\n<p style=\"text-align: justify;\">Qui\u00e9n les iba a decir que su palacio era un pesebre, como pajes ten\u00eda de compa\u00f1\u00eda al buey y la mula que le proteg\u00eda de las noches fr\u00edas.<\/p>\n<p style=\"text-align: justify;\">Tenemos mucho que aprender en el siglo XXI.<\/p>\n<p style=\"text-align: justify;\">Lo verdaderamente importante en estas fechas es la uni\u00f3n familiar sin olvidar a los m\u00e1s vulnerables. La Natividad se recordar\u00e1 a lo largo de los siglos en todo el planeta.<\/p>\n<p>&nbsp;<\/p>\n<p style=\"text-align: right;\"><strong>Mar\u00eda Manrique P\u00e9rez<\/strong><\/p>\n","protected":false},"excerpt":{"rendered":"<p>Esta bien podr\u00eda ser una historia m\u00e1s redactada en un folio en blanco. Se aproxima la Navidad, con ella llegar\u00e1n&hellip;<\/p>\n","protected":false},"author":3,"featured_media":21581,"comment_status":"open","ping_status":"open","sticky":false,"template":"","format":"standard","meta":{"om_disable_all_campaigns":false,"_mi_skip_tracking":false,"_monsterinsights_sitenote_active":false,"_monsterinsights_sitenote_note":"","_monsterinsights_sitenote_category":0,"footnotes":""},"categories":[21,30],"tags":[],"aioseo_notices":[],"_links":{"self":[{"href":"https:\/\/granadacostaglobal.es\/index.php?rest_route=\/wp\/v2\/posts\/29958"}],"collection":[{"href":"https:\/\/granadacostaglobal.es\/index.php?rest_route=\/wp\/v2\/posts"}],"about":[{"href":"https:\/\/granadacostaglobal.es\/index.php?rest_route=\/wp\/v2\/types\/post"}],"author":[{"embeddable":true,"href":"https:\/\/granadacostaglobal.es\/index.php?rest_route=\/wp\/v2\/users\/3"}],"replies":[{"embeddable":true,"href":"https:\/\/granadacostaglobal.es\/index.php?rest_route=%2Fwp%2Fv2%2Fcomments&post=29958"}],"version-history":[{"count":0,"href":"https:\/\/granadacostaglobal.es\/index.php?rest_route=\/wp\/v2\/posts\/29958\/revisions"}],"wp:featuredmedia":[{"embeddable":true,"href":"https:\/\/granadacostaglobal.es\/index.php?rest_route=\/"}],"wp:attachment":[{"href":"https:\/\/granadacostaglobal.es\/index.php?rest_route=%2Fwp%2Fv2%2Fmedia&parent=29958"}],"wp:term":[{"taxonomy":"category","embeddable":true,"href":"https:\/\/granadacostaglobal.es\/index.php?rest_route=%2Fwp%2Fv2%2Fcategories&post=29958"},{"taxonomy":"post_tag","embeddable":true,"href":"https:\/\/granadacostaglobal.es\/index.php?rest_route=%2Fwp%2Fv2%2Ftags&post=29958"}],"curies":[{"name":"wp","href":"https:\/\/api.w.org\/{rel}","templated":true}]}}