{"id":29891,"date":"2021-11-05T17:35:11","date_gmt":"2021-11-05T17:35:11","guid":{"rendered":"http:\/\/granadacostanacional.es\/?p=29891"},"modified":"2021-11-05T17:35:11","modified_gmt":"2021-11-05T17:35:11","slug":"la-fundacion-anaed-presenta-saber-que-se-puede-cinco-cortometrajes-que-muestran-en-primera-persona-como-se-puede-salir-de-la-depresion","status":"publish","type":"post","link":"https:\/\/granadacostaglobal.es\/?p=29891","title":{"rendered":"La Fundaci\u00f3n ANAED presenta \u201cSaber que se puede\u201d, cinco cortometrajes que muestran en primera persona c\u00f3mo se puede salir de la depresi\u00f3n"},"content":{"rendered":"<ul>\n<li style=\"text-align: justify;\"><strong>\u201cSaber que se puede\u201d pretende visibilizar, ayudar e integrar a los pacientes con depresi\u00f3n, mostrando la realidad de esta patolog\u00eda y ofreciendo un mensaje real y positivo. <\/strong><\/li>\n<\/ul>\n<p style=\"text-align: justify;\"><strong>\u00a0<\/strong><\/p>\n<ul style=\"text-align: justify;\">\n<li><strong>Cerca de tres millones de personas padecen depresi\u00f3n en Espa\u00f1a. El suicidio, su consecuencia m\u00e1s nefasta, es la primera causa de muerte prevenible en nuestro pa\u00eds. <\/strong><\/li>\n<\/ul>\n<p style=\"text-align: justify;\"><strong>\u00a0<\/strong><\/p>\n<ul style=\"text-align: justify;\">\n<li><strong>Andaluc\u00eda es la comunidad que presenta las tasas m\u00e1s altas de suicidio con un fallecimiento cada 14 horas por este motivo. <\/strong><\/li>\n<\/ul>\n<p style=\"text-align: justify;\"><strong>\u00a0<\/strong><\/p>\n<p style=\"text-align: justify;\"><strong>Madrid, 5 de noviembre de 2021.- <\/strong>Cerca de tres millones de espa\u00f1oles padecen depresi\u00f3n. El suicidio es la consecuencia m\u00e1s grave de esta patolog\u00eda siendo, hoy por hoy, la primera causa de muerte prevenible en Espa\u00f1a. El n\u00famero de fallecimientos por suicidio duplica el de los accidentes de tr\u00e1fico; es 13 veces mayor que el n\u00famero de homicidios y multiplica por 79 veces el n\u00famero de defunciones por violencia de g\u00e9nero. Estos son algunos de los datos ofrecidos en el trascurso de la <u>\u00a0<\/u><a href=\"https:\/\/www.youtube.com\/watch?v=6v2Mr-ezmjw\">Jornada Depresi\u00f3n y Suicidio en Andaluc\u00eda<\/a>, y que ponen de manifiesto \u201c<em>la necesidad de actuar de manera urgente y efectiva en la prevenci\u00f3n, visibilidad y tratamiento de la depresi\u00f3n en todas sus vertientes y en todos los colectivos. Especialmente en aquellos m\u00e1s vulnerables<\/em>\u201d, asegura <strong>Jos\u00e9 Ram\u00f3n Pag\u00e9s Lluyot<\/strong>, coordinador de la Fundaci\u00f3n de la Asociaci\u00f3n Nacional de Ayuda al Enfermo de Depresi\u00f3n (ANAED).<\/p>\n<p style=\"text-align: justify;\">\n<p style=\"text-align: justify;\">Conscientes de esta situaci\u00f3n, la Fundaci\u00f3n ANAED presenta el proyecto <a href=\"https:\/\/fundacionanaed.org\/saber-que-se-puede\/\">\u201cSaber que se puede\u201d<\/a>, que cuenta con la colaboraci\u00f3n de Janssen, y que consta de cinco cortos que muestran en primera persona la realidad de la depresi\u00f3n y c\u00f3mo se puede salir de ella. Esta primera parte del proyecto se centra en retratar la depresi\u00f3n en los siguientes colectivos: adolescentes, ancianos, mujeres v\u00edctimas de violencia de g\u00e9nero y pacientes de VIH y C\u00e1ncer. El \u201c<em>objetivo de este proyecto es formar, concienciar, informar y normalizar una enfermedad que la sociedad tiende a no visibilizar minimizando los terribles efectos que provoca, no solo en los pacientes, sino tambi\u00e9n en todo su entorno\u201d<\/em>, asegura Pag\u00e9s.<\/p>\n<p style=\"text-align: justify;\"><strong>\u00a0<a href=\"http:\/\/granadacostanacional.es\/wp-content\/uploads\/2021\/11\/Foto2-Anaed.jpeg\"><img decoding=\"async\" loading=\"lazy\" class=\"aligncenter size-large wp-image-29895\" src=\"http:\/\/granadacostanacional.es\/wp-content\/uploads\/2021\/11\/Foto2-Anaed-1024x768.jpeg\" alt=\"Foto2-Anaed\" width=\"1024\" height=\"768\" \/><\/a><\/strong><\/p>\n<p style=\"text-align: justify;\"><strong>Proyecto \u201cSaber que se puede\u201d<\/strong><\/p>\n<p style=\"text-align: justify;\"><em>\u201cLa depresi\u00f3n no s\u00f3lo desestructura familias, equipos de trabajo o rompe amistades, tambi\u00e9n destruye los v\u00ednculos de las personas que la sufren con todo su entorno, por eso es importante que una informaci\u00f3n veraz llegue a todos. Si apoyamos esta informaci\u00f3n con testimonios reales que narran pensamientos y sentimientos, situaciones, emociones, retos, y ejemplos de superaci\u00f3n, el mensaje es m\u00e1s claro y m\u00e1s fuerte<\/em>\u201d, explica Pag\u00e9s, que asegura que el objetivo de <a href=\"https:\/\/fundacionanaed.org\/saber-que-se-puede\/\">\u201cSaber que se puede\u201d<\/a> estar\u00eda m\u00e1s que cumplido si \u201c<em>los videos se convirtieran en virales. Est\u00e1n pensados para que puedan ser compartidos y llegar al mayor n\u00famero de personas posible, para que aquellos afectados puedan sentirse identificadas con estos casos en los que la depresi\u00f3n ha rondado o ha entrado directamente y con fuerza hasta el fondo de sus vidas y, en muchos casos, han conseguido hacerle frente<\/em>\u201d.<\/p>\n<p style=\"text-align: justify;\">\n<p style=\"text-align: justify;\">En este sentido, <strong>David Hern\u00e1ndez Alcaraz<\/strong>, director de los cortometrajes y productor de Darist\u00f3teles, compa\u00f1\u00eda encargada del proyecto, coincide en destacar que\u00a0\u201c<em>los cortometrajes no han de tener una vida ef\u00edmera, sino que han de servir como manifiesto de la falta de visibilidad que estas patolog\u00edas tienen, adem\u00e1s de servir como herramienta de comunicaci\u00f3n para llegar al mayor n\u00famero de personas. La sociedad est\u00e1 muy acostumbrada a girar la cara cuando algo le incomoda como la depresi\u00f3n, el suicidio\u2026 Sin embargo, los protagonistas de estos cortometrajes han mirado directamente a la c\u00e1mara y han sido muy valientes al querer compartir su historia directas o indirectas para que sirva de ejemplo. Hablar es el primer paso para salir de la depresi\u00f3n<\/em>\u201d, concluye.<\/p>\n<p style=\"text-align: justify;\">\n<p style=\"text-align: justify;\">El cortometraje dedicado a los <a href=\"https:\/\/fundacionanaed.org\/adolescentes\/\">adolescentes<\/a> ha sido galardonado con el premio al\u00a0Mejor Corto de Salud Mental\u00a0y el\u00a0premio del P\u00fablico\u00a0en el 5.\u00ba Festival de Cine y Salud Mental, organizado por ASEANS, as\u00ed como ganador al\u00a0Mejor Cortometraje Social\u00a0en el 5.\u00ba Festival ArtMov 2021.<\/p>\n<p style=\"text-align: justify;\"><a href=\"http:\/\/granadacostanacional.es\/wp-content\/uploads\/2021\/11\/Foto3-Anaed.jpeg\"><img decoding=\"async\" loading=\"lazy\" class=\"aligncenter size-large wp-image-29896\" src=\"http:\/\/granadacostanacional.es\/wp-content\/uploads\/2021\/11\/Foto3-Anaed-1024x768.jpeg\" alt=\"Foto3-Anaed\" width=\"1024\" height=\"768\" \/><\/a><\/p>\n<p style=\"text-align: justify;\"><strong>La depresi\u00f3n y el suicidio en Andaluc\u00eda <\/strong><\/p>\n<p style=\"text-align: justify;\">Andaluc\u00eda es la comunidad que presenta las tasas m\u00e1s altas de suicidio con un fallecimiento cada 14 horas por este motivo. Si bien es cierto que los expertos han apuntado que esta tendencia ha mostrado un ligero retroceso en el \u00faltimo a\u00f1o, el coordinador de ANAED asegura que las personas afectadas por depresi\u00f3n cuentan con escasas herramientas sociales a la hora de hacer frente a esta patolog\u00eda. La sociedad no ayuda al convertir este tipo de patolog\u00edas en tab\u00fa, las familias desconocen c\u00f3mo actuar ante esta situaci\u00f3n y las administraciones deben dotar de mejores recursos la asistencia sanitaria. \u201c<em>Por poner un ejemplo, la media europea es de 18 profesionales especializados en salud mental por cada 100.000 habitantes, en Espa\u00f1a contamos con seis por cada 100.000 habitantes y en el caso de Andaluc\u00eda el n\u00famero de profesionales se reduce a tres<\/em>\u201d.<\/p>\n<p style=\"text-align: justify;\">\n<p style=\"text-align: justify;\">Por su parte, uno de los coordinadores del Plan Integral de Salud Mental de Andaluc\u00eda (PISMA), <strong>Javier Romero Cuesta<\/strong>, asegura que es fundamental poner el foco de la atenci\u00f3n sanitaria en la prevenci\u00f3n. \u201c<em>En Andaluc\u00eda se ha creado un grupo de trabajo multidisciplinar para analizar, identificar y proponer mejoras. Entre estos aspectos destaca la creaci\u00f3n de programas intensivos en la atenci\u00f3n al paciente con conduta suicida en cada UGC<\/em>\u201d, explica Romero Cuesta.<\/p>\n<p style=\"text-align: justify;\">\n<p style=\"text-align: justify;\">En el caso de los adolescentes, todos los participantes coincidieron en destacar el preocupante aumento en los \u00edndices de depresi\u00f3n que se registran en este colectivo. Seg\u00fan Romero Cuesta, <em>\u201csabemos que a nivel nacional el suicidio es la tercera causa de muerte en el grupo de edad de entre los 15 y los 29 a\u00f1os\u201d. <\/em>Sin embargo, no hay una respuesta clara, seg\u00fan los expertos. \u201c<em>Posiblemente, el adolescente es m\u00e1s sensible a la p\u00e9rdida de la rutina diaria y a la \u2018desconexi\u00f3n\u2019 vital que se ha producido con la pandemia. Es una edad mucho m\u00e1s intensa y por ello pueden tolerar peor el freno vital que se ha producido. Contando adem\u00e1s la incertidumbre del futuro que puede nublar sus expectativas a medio y largo plazo<\/em>\u201d, asegura Romero Cuesta.<\/p>\n<p style=\"text-align: justify;\">\n<p style=\"text-align: justify;\">En opini\u00f3n de Pag\u00e9s y en base a la experiencia de la Fundaci\u00f3n, los adolescentes \u201c<em>sufren niveles de frustraci\u00f3n muy altos. La sociedad est\u00e1 cambiando de manera vertiginosa y es factible que a esta velocidad no encuentren su sitio. Se dice que para educar a un ni\u00f1o es necesario contar con una tribu, y la sociedad actual evoluciona hacia un modelo opuesto. El ser humano, que es un ser social, es cada vez m\u00e1s individual y autosuficiente. Perdemos el contacto y con ello la cercan\u00eda que permite conocer y ayudar\u201d, <\/em>concluye Pag\u00e9s.<\/p>\n<p style=\"text-align: justify;\">\n<p style=\"text-align: justify;\"><strong>Modelo afectivo-efectivo<\/strong><\/p>\n<p style=\"text-align: justify;\">La humanizaci\u00f3n de la asistencia es uno de los objetivos hac\u00eda el que avanza el modelo de atenci\u00f3n sanitaria en nuestro pa\u00eds. En este sentido, Janssen ha presentado durante la jornada el Modelo Afectivo Efectivo en el que trabaja desde hace a\u00f1os, en colaboraci\u00f3n con diferentes agentes sociales. Este modelo \u201c<em>incide en las tres dimensiones del sistema: personas, espacio y organizaciones; identificando necesidades en las que se puede actuar para mejorar la atenci\u00f3n afectiva-efectiva de las personas, ya sea directa o indirectamente, respondiendo con soluciones seg\u00fan su \u00e1mbito de actuaci\u00f3n<\/em>\u201d, asegura <strong>Ram\u00f3n Frexes<\/strong>, director de Relaciones Institucionales de Janssen Espa\u00f1a.<\/p>\n<p style=\"text-align: justify;\">\n<p style=\"text-align: justify;\">El Modelo Afectivo Efectivo es la forma de cuidar y curar al paciente como persona, con base en la evidencia cient\u00edfica, incorporando la dimensi\u00f3n de la dignidad y la humanidad del paciente, estableciendo una atenci\u00f3n basada en la confianza y empat\u00eda, y contribuyendo a su bienestar y a los mejores resultados posibles en salud. \u201c<em>Existe una evidencia cient\u00edfica de la afectividad. Se trata de un modelo trasformador, din\u00e1mico y flexible capaz de adaptarse a las nuevas necesidades\u201d<\/em>, concluye Frexes.<\/p>\n<p style=\"text-align: justify;\">\n<p style=\"text-align: justify;\"><strong><u>Los cortometrajes est\u00e1n a disposici\u00f3n de los medios de comunicaci\u00f3n<\/u><\/strong><strong> para que puedan usarlos libremente en sus informaciones sobre prevenci\u00f3n de la depresi\u00f3n y el suicidio. Adem\u00e1s, os animamos a compartir el enlace en vuestros medios para amplificar el mensaje de manera que, entre todos, podamos llegar a mucha gente. Gracias por vuestra colaboraci\u00f3n. <\/strong><span style=\"color: #3366ff;\"><a style=\"color: #3366ff;\" href=\"https:\/\/fundacionanaed.org\/saber-que-se-puede\/\"><strong>https:\/\/fundacionanaed.org\/saber-que-se-puede\/<\/strong><\/a><\/span><\/p>\n<p style=\"text-align: justify;\"><u>El proyecto ha sido presentado en el parlamento andaluz en el trascurso de la <\/u><a href=\"https:\/\/www.youtube.com\/watch?v=6v2Mr-ezmjw\">Jornada Depresi\u00f3n y Suicidio en Andaluc\u00eda<\/a><\/p>\n","protected":false},"excerpt":{"rendered":"<p>\u201cSaber que se puede\u201d pretende visibilizar, ayudar e integrar a los pacientes con depresi\u00f3n, mostrando la realidad de esta patolog\u00eda&hellip;<\/p>\n","protected":false},"author":3,"featured_media":29892,"comment_status":"open","ping_status":"open","sticky":false,"template":"","format":"standard","meta":{"om_disable_all_campaigns":false,"_mi_skip_tracking":false,"_monsterinsights_sitenote_active":false,"_monsterinsights_sitenote_note":"","_monsterinsights_sitenote_category":0,"footnotes":""},"categories":[19,30],"tags":[],"aioseo_notices":[],"_links":{"self":[{"href":"https:\/\/granadacostaglobal.es\/index.php?rest_route=\/wp\/v2\/posts\/29891"}],"collection":[{"href":"https:\/\/granadacostaglobal.es\/index.php?rest_route=\/wp\/v2\/posts"}],"about":[{"href":"https:\/\/granadacostaglobal.es\/index.php?rest_route=\/wp\/v2\/types\/post"}],"author":[{"embeddable":true,"href":"https:\/\/granadacostaglobal.es\/index.php?rest_route=\/wp\/v2\/users\/3"}],"replies":[{"embeddable":true,"href":"https:\/\/granadacostaglobal.es\/index.php?rest_route=%2Fwp%2Fv2%2Fcomments&post=29891"}],"version-history":[{"count":0,"href":"https:\/\/granadacostaglobal.es\/index.php?rest_route=\/wp\/v2\/posts\/29891\/revisions"}],"wp:featuredmedia":[{"embeddable":true,"href":"https:\/\/granadacostaglobal.es\/index.php?rest_route=\/"}],"wp:attachment":[{"href":"https:\/\/granadacostaglobal.es\/index.php?rest_route=%2Fwp%2Fv2%2Fmedia&parent=29891"}],"wp:term":[{"taxonomy":"category","embeddable":true,"href":"https:\/\/granadacostaglobal.es\/index.php?rest_route=%2Fwp%2Fv2%2Fcategories&post=29891"},{"taxonomy":"post_tag","embeddable":true,"href":"https:\/\/granadacostaglobal.es\/index.php?rest_route=%2Fwp%2Fv2%2Ftags&post=29891"}],"curies":[{"name":"wp","href":"https:\/\/api.w.org\/{rel}","templated":true}]}}