{"id":29805,"date":"2021-10-28T15:42:02","date_gmt":"2021-10-28T15:42:02","guid":{"rendered":"http:\/\/granadacostanacional.es\/?p=29805"},"modified":"2021-10-28T15:42:02","modified_gmt":"2021-10-28T15:42:02","slug":"29805-2","status":"publish","type":"post","link":"https:\/\/granadacostaglobal.es\/?p=29805","title":{"rendered":"LA DOBLE CARA DE LA RELIGI\u00d3N &#8211; SOEUR EMMANUELLE"},"content":{"rendered":"<p style=\"text-align: justify;\"><a href=\"http:\/\/granadacostanacional.es\/wp-content\/uploads\/2021\/10\/FOTO-1.png\"><img decoding=\"async\" loading=\"lazy\" class=\"aligncenter wp-image-29806\" src=\"http:\/\/granadacostanacional.es\/wp-content\/uploads\/2021\/10\/FOTO-1.png\" alt=\"FOTO 1\" width=\"600\" height=\"269\" \/><\/a><\/p>\n<p style=\"text-align: justify;\">\u00a0\u00a0\u00a0\u00a0\u00a0\u00a0\u00a0\u00a0\u00a0\u00a0\u00a0 Souer Emmanuelle, nacida el 16 de noviembre de 1908 con el nombre de Madeleine Cinquin,en B\u00e9lgica, no fue hasta sus veinte a\u00f1os cuando adopt\u00f3 el nombre de Soeur Emmanuelle para entrar en la congregaci\u00f3n de Nuestra Se\u00f1ora de Si\u00f3n. Fue profesora durante cuarenta a\u00f1os en colegios de ni\u00f1as ricas en T\u00fanez, Egipto y Turqu\u00eda. Es dif\u00edcil olvidar su sonrisa, su energ\u00eda y su entrega hacia los m\u00e1s necesitados. Fue la religiosa m\u00e1s querida en Francia, falleci\u00f3 un lunes en el monasterio d\u00edas antes de cumplir cien a\u00f1os. Pasados sus sesenta y a punto de jubilarse fue a una villa de miseria en Egipto, concretamente en El Cairo. All\u00ed se convirti\u00f3 en la hermana de los traperos y luch\u00f3 para que los menores fueran al colegio, realiz\u00f3 talleres de costura y ayud\u00f3 a mejorar la salud y la educaci\u00f3n de los ni\u00f1os. Dedic\u00f3 el resto de sus d\u00edas a conseguir fondos necesarios y trabaj\u00f3 sin parar, compartiendo un plato de habas y viviendo junto a los m\u00e1s pobres. A d\u00eda de hoy yo no podr\u00eda con mis enfermedades, pero hace unos a\u00f1os s\u00ed lo habr\u00eda hecho, pues yo viv\u00ed durante a\u00f1os como los traperos o incluso peor. Lo esencial era ayudar a los m\u00e1s necesitados, para los pobrecitos era riqueza. Por suerte, en esta sociedad sigue habiendo gente con coraz\u00f3n, amor y compasi\u00f3n. A\u00f1os atr\u00e1s no o\u00edamos ciertas cosas, pensaban que no exist\u00edan pues no hab\u00eda televisi\u00f3n, internet, etc., no se sab\u00eda la poca falta de respeto, todo el mundo era serio, fuesen hombres o mujeres. Souer Emmanuelle cre\u00f3 una asociaci\u00f3n con el objetivo de que su lucha continuara, para dar a conocer sus acciones aparec\u00eda en radio y televisi\u00f3n, incluso fue part\u00edcipe de la campa\u00f1a presidencial de Jacques Chirac.<\/p>\n<p style=\"text-align: justify;\">\u00a0\u00a0\u00a0\u00a0\u00a0\u00a0\u00a0\u00a0\u00a0\u00a0\u00a0 Falleci\u00f3 en 1995 rechazando todo acto f\u00fanebre y pidiendo ser enterrada con intimidad. Era una persona bondadosa, alegre, hablaba con toda la gente. Hicieron Santa a una persona, ella hizo lo mismo y nunca fue nombrada como tal. Su dinero s\u00ed fue para los pobres y no para contribuir a ciertas mafias. Dios no quiere dinero, Dios est\u00e1 en el cielo, en la tierra y en todas partes.<\/p>\n<p style=\"text-align: justify;\">\u00a0 \u00a0 \u00a0 \u00a0 \u00a0 \u00a0 \u00a0 \u00a0 \u00a0 \u00a0 \u00a0 \u00a0 \u00a0 \u00a0 \u00a0 \u00a0 \u00a0 \u00a0 \u00a0 \u00a0 \u00a0 \u00a0 \u00a0 \u00a0 \u00a0 \u00a0 \u00a0 \u00a0 \u00a0 \u00a0 \u00a0 \u00a0 \u00a0 \u00a0 \u00a0\u00a0<a href=\"http:\/\/granadacostanacional.es\/wp-content\/uploads\/2021\/10\/FOTO-2.png\"><img decoding=\"async\" loading=\"lazy\" class=\"aligncenter wp-image-29807\" src=\"http:\/\/granadacostanacional.es\/wp-content\/uploads\/2021\/10\/FOTO-2.png\" alt=\"FOTO 2\" width=\"600\" height=\"788\" \/><\/a><\/p>\n<h3 style=\"text-align: center;\"><strong><u>TRISTE ESC\u00c1NDALO SUCEDIDO EN IRLANDA<\/u><\/strong><\/h3>\n<p style=\"text-align: justify;\">\u00a0\u00a0\u00a0\u00a0\u00a0\u00a0\u00a0\u00a0\u00a0\u00a0\u00a0 Los menores v\u00edctimas de los abusos sexuales producidos por curas irlandeses desataron un esc\u00e1ndalo tras dar a conocer los abusos a\u00f1os despu\u00e9s de de ocurriesen. Como consecuencia de este esc\u00e1ndalo se realiz\u00f3 un pleno episcopal en el Vaticano con el papa Benedicto XVI, pues los informes judiciales respaldaban las denuncias a varios sacerdotes que abusaron de monaguillos y de cientos de menores hu\u00e9rfanos de los que hab\u00eda constancia en los \u00faltimos veinticinco a\u00f1os.<\/p>\n<p style=\"text-align: justify;\">\u00a0\u00a0\u00a0\u00a0\u00a0\u00a0\u00a0\u00a0\u00a0\u00a0\u00a0 La asociaci\u00f3n Sobrevivientes Irlandeses de Abuso Infantil buscan la reacci\u00f3n de la c\u00fapula de la Iglesia. El pueblo irland\u00e9s espera acciones firmes del papa para que pueda restaurar el honor en la naci\u00f3n irlandesa, tan da\u00f1ado por estos esc\u00e1ndalos. Esto es una verg\u00fcenza, por eso la religi\u00f3n cada vez tiene menos credibilidad y confianza. Ofrecer respuesta a los casos de abusos sexuales dentro de la iglesia es uno de los principales desaf\u00edos y un esfuerzo para lidiar con los esc\u00e1ndalos que se est\u00e1n produciendo en la Iglesia Cat\u00f3lica. El papa Francisco convoc\u00f3 un encuentro extraordinario en Roma, tras su reciente e inesperada admisi\u00f3n de que ciertos sacerdotes explotaban a las monjas como &#8220;esclavas sexuales&#8221; en un convento en Francia. No comprendo qu\u00e9 problema hay en que los sacerdotes no puedan casarse. Hoy escuch\u00e9 decir a una se\u00f1ora que cuando ten\u00eda cinco a\u00f1os fue abusada por el p\u00e1rroco de la iglesia, hoy es una mujer de mi edad y se siente sucia, la religi\u00f3n es un negocio que da dinero. Cualquiera que sepa leer sabe d\u00f3nde est\u00e1 el banco m\u00e1s s\u00f3lido. El pont\u00edfice decidi\u00f3 convocar esta conferencia mundial despu\u00e9s de discutir con el llamado grupo, que es el grupo de nueve cardenales asesores, que fueron nombrados poco despu\u00e9s de que el papa Francisco fuera elegido jefe de la Iglesia cat\u00f3lica. Las historias de abuso sexual est\u00e1n apareciendo en todas las regiones del mundo. Y la iglesia ha sido acusada de encubrir cr\u00edmenes cometidos por sacerdotes, afecto directamente a su autoridad moral.<\/p>\n<p style=\"text-align: justify;\">\u00a0\u00a0\u00a0\u00a0\u00a0\u00a0\u00a0\u00a0\u00a0\u00a0\u00a0 Esto me recuerda a cu\u00e1ndo yo era joven y ten\u00eda que ir a confesarme todos los meses porque nuestros jefes eran cat\u00f3licos. Pensaban que \u00edbamos a o\u00edr la palabra de Dios, pero \u00bfqu\u00e9 entienden ustedes por palabra de Dios? Un d\u00eda dije a mi madre que prefer\u00eda ponerme de rodillas tras una puerta que pedir perd\u00f3n a Dios, pues yo hac\u00eda nada malo. Ella me dijo dos palabras, pero yo no quise responder. Yo iba a distintas iglesias y las preguntas que hac\u00edan los sacerdotes eran pr\u00e1cticamente las mismas. Yo llegu\u00e9 a una edad en la que ten\u00eda verg\u00fcenza y ciertas cosas no las comprend\u00eda. Un d\u00eda hab\u00eda una fiesta en la parroquia y ven\u00edan sacerdotes de fuera para ayudar a que la gente se confesase, una mujer se fue a confesar y dijo: \u201cse\u00f1or sacerdote, tengo un pecado, pero me da verg\u00fcenza confesarlo\u201d. El sacerdote le contest\u00f3: \u201chija m\u00eda, con tres padres nuestros, tres avemar\u00edas, y tres santamar\u00edas te perdono\u201d. Pero ella no pod\u00eda con se verg\u00fcenza y \u00e9l le dijo: \u201cdiga que se resbal\u00f3 en la calle\u201d. Finalmente, ense\u00f1\u00f3 esto a todas, pero ese d\u00eda de la fiesta los sacerdotes no eran los mismos y cuando las mujeres se confesaban todas ca\u00edan en la calle. El sacerdote, cuando fue a dar el serm\u00f3n dijo: \u201c\u00a1hermanos, tengan cuidado y reparen las calzadas porque se est\u00e1 cayendo mucha gente!\u201d. Esto se debe a que los sacerdotes nos preguntaban si ten\u00edamos novio, qu\u00e9 nos dec\u00eda nuestro novio, qu\u00e9 hac\u00edamos con \u00e9l, si ten\u00edamos malos pensamientos. \u00bfQu\u00e9 religi\u00f3n es esta? Yo por esa \u00e9poca ten\u00eda quince a\u00f1os, ten\u00eda mucha verg\u00fcenza y no quise contar esto a mis padres. \u00c9ramos pobres, \u00bfpero esto era pecado decirlo? Estuvieron mucho tiempo a la espera.<\/p>\n<p style=\"text-align: justify;\">\u00a0\u00a0\u00a0\u00a0\u00a0\u00a0\u00a0\u00a0\u00a0\u00a0\u00a0 Durante mi juventud he conocido tantas historias que si fuese a contarlas dar\u00eda para hacer una pel\u00edcula. A d\u00eda de hoy se siguen esperando las conclusiones finales del encuentro, pero parece dif\u00edcil que lleve paz a las v\u00edctimas. Aunque el secretario de Estado del Vaticano dijo que era un duro y humillante desaf\u00edo a superar. No ha sido suficiente para el resto del mundo, lo que vaya a pasar ahora es otro tema. Necesitamos ver esas palabras transformadas en acciones e el papa tiene la obligaci\u00f3n de esclarecer todo lo sucedido. En el encuentro en el Vaticano, los obispos de Irlanda se comprometieron asimismo a cooperar con la justicia de su pa\u00eds, pero la asociaci\u00f3n Sobrevivientes Irlandeses de Abuso Infantil piden que el papa y la Iglesia compensen a las v\u00edctimas, que se deshagan de todos los obispos que actuaron mal y que no los protejan durante las investigaciones judiciales y que el papa venga a pedir perd\u00f3n personalmente.<\/p>\n<p style=\"text-align: justify;\">\u00a0\u00a0\u00a0\u00a0\u00a0\u00a0\u00a0\u00a0\u00a0\u00a0\u00a0 Soeur Emmanuelle Dios le d\u00e9 paz por todo lo que hizo en la tierra y que tanto y tanto nos re\u00edmos los franceses cuando aparec\u00eda usted en la televisi\u00f3n y en la radio. Soeur Emmanuelle, Santa Se\u00f1ora, prot\u00e9jame.<\/p>\n<p style=\"text-align: justify;\">\u00a0 \u00a0 \u00a0 \u00a0 \u00a0 \u00a0 \u00a0 \u00a0 \u00a0 \u00a0 \u00a0 \u00a0 \u00a0 \u00a0 \u00a0 \u00a0 \u00a0 \u00a0 \u00a0 \u00a0 \u00a0 \u00a0 \u00a0 \u00a0 \u00a0 \u00a0 \u00a0 \u00a0 \u00a0 \u00a0 \u00a0 \u00a0 \u00a0 \u00a0<a href=\"http:\/\/granadacostanacional.es\/wp-content\/uploads\/2021\/10\/FOTO-3.png\"><img decoding=\"async\" loading=\"lazy\" class=\"aligncenter wp-image-29808\" src=\"http:\/\/granadacostanacional.es\/wp-content\/uploads\/2021\/10\/FOTO-3.png\" alt=\"FOTO 3\" width=\"600\" height=\"251\" \/><\/a><\/p>\n<p style=\"text-align: justify;\">\u00a0\u00a0\u00a0\u00a0\u00a0\u00a0\u00a0\u00a0\u00a0\u00a0\u00a0 \u00a1Mostrar una hermosa sonrisa llena de amor y alegr\u00eda no cuesta nada, vamos a mejorar el d\u00eda!Seamos comprensivos para no da\u00f1ar a Dios, estamos en un mundo lleno de pecados, no necesitamos confesarnos a los sacerdotes que muchos de ellos ya pecan porque tienen vicio. \u00a1Buenos d\u00edas! Algunas personas siempre te arrojar\u00e1n piedras en el camino, depende de ti lo que hagas con ellas. \u00bfUn muro o un puente? \u00a1Que tu d\u00eda sea bonito! Cada oportunidad tiene un costo. Si se aprovecha, puede convertirse en una inversi\u00f3n. Si se descuida, puede convertirse en una deuda incobrable. \u00a1Buenos dias, buenos d\u00edas! Cuando sucede algo malo, tienes tres opciones: dejar que te defina, dejar que te destruya o hacerte m\u00e1s fuerte. \u00a1Buenos d\u00edas! Todos enfrentamos situaciones en las que necesitamos consuelo. En momentos de dolor y tristeza, una palabra de consuelo ayuda a avanzar y a no sentirse abrumado por la desesperaci\u00f3n. Mucha gente trata de consolar, pero el mejor consuelo proviene de la Biblia, que es la Palabra de Dios. Dios tiene el consuelo que usted necesita. \u00c9l te conoce, te ama y quiere ayudarte. El deseo de Dios es traer confort a tu vida. Al sufrir, puedes confiar en el consuelo de Dios. Vea los vers\u00edculos de consuelo que Dios tiene para usted hoy.<\/p>\n<p style=\"text-align: justify;\">\u00a0\u00a0\u00a0\u00a0\u00a0\u00a0\u00a0\u00a0\u00a0\u00a0\u00a0 \u00a1Buenas noches! Todo el mal que cualquiera nos pueda decir, servir\u00e1 de reflejo para nuestra alma. Que Dios proteja a todos mis amigos y seres queridos. Las palabras que salen de tu boca nunca se pueden borrar, pi\u00e9nsalo. \u00a1Buenas noches! A veces es en el silencio donde las voces m\u00e1s sabias surgen en tus pensamientos. Que tengas una noche agradable y tranquila \u00bfDe qu\u00e9 sirve aprender sobre las cosas del mundo si no aprendemos a vivir con alegr\u00eda? \u00a1Buenas noches! Nada externo cambiar\u00e1 si no cambiamos todo adentro, en el coraz\u00f3n. Cada fallo le ense\u00f1a al hombre algo que necesita aprender. \u00a1Buenas noches! No te distraigas con el mundo, lucha contra tu verdadero enemigo: t\u00fa.<\/p>\n<p>&nbsp;<\/p>\n<p style=\"text-align: right;\"><strong>FRANCELINA ROBIN<\/strong><\/p>\n<p>&nbsp;<\/p>\n<p>&nbsp;<\/p>\n<p style=\"text-align: center;\"><strong>BUENA GENTE CON ALMA<\/strong><\/p>\n<p style=\"text-align: center;\">Buena gente con alma<\/p>\n<p style=\"text-align: center;\">y de las nubes, \u00bfqu\u00e9 fue<\/p>\n<p style=\"text-align: center;\">lo que en la tierra se movi\u00f3?<\/p>\n<p style=\"text-align: center;\">Y, continuando hasta su muerte,<\/p>\n<p style=\"text-align: center;\">fue una sonrisa de una madre santa<\/p>\n<p style=\"text-align: center;\">y cogida de la mano, no necesit\u00f3 cosas falsas,<\/p>\n<p style=\"text-align: center;\">hubo tantas santas que no comprendo,<\/p>\n<p style=\"text-align: center;\">muchos otros en el mundo no entienden<\/p>\n<p style=\"text-align: center;\">por qu\u00e9 ella y otros no lo fueron<\/p>\n<p style=\"text-align: center;\">incluso despu\u00e9s de conocer a varios.<\/p>\n<p style=\"text-align: center;\">Cada d\u00eda es una ocasi\u00f3n especial,<\/p>\n<p style=\"text-align: center;\">guarde solo lo que tenga que guardar:<\/p>\n<p style=\"text-align: center;\">recuerdos, sonrisas, poemas,<\/p>\n<p style=\"text-align: center;\">olores, nostalgia, momentos,<\/p>\n<p style=\"text-align: center;\">sonrisas y abrazos espont\u00e1neos.<\/p>\n<p style=\"text-align: center;\">Me emocionan las palabras,<\/p>\n<p style=\"text-align: center;\">incluso me conquistan temporalmente.<\/p>\n<p style=\"text-align: center;\">Pero las actitudes me ganan para siempre.<\/p>\n<p style=\"text-align: center;\">Peor, pero mucho peor,<\/p>\n<p style=\"text-align: center;\">que las l\u00e1grimas de cocodrilo.<\/p>\n<p style=\"text-align: center;\">Soy abrazos, sonrisas, \u00e1nimo,<\/p>\n<p style=\"text-align: center;\">buen humor, sarcasmo, pereza<\/p>\n<p style=\"text-align: center;\">\u00a1y sue\u00f1o! M\u00fasica alta y silencio.<\/p>\n<p style=\"text-align: center;\">No derrame lagrimas para los que<\/p>\n<p style=\"text-align: center;\">no supieron valorar tu sonrisa.<\/p>\n<p style=\"text-align: center;\">Hay una sonrisa que es de amor<\/p>\n<p style=\"text-align: center;\">y hay una sonrisa de maldad<\/p>\n<p style=\"text-align: center;\">y hay una sonrisa de sonrisas<\/p>\n<p style=\"text-align: center;\">donde las dos sonrisas tienen un papel.<\/p>\n<p style=\"text-align: center;\">Y hay una bondad en el coraz\u00f3n<\/p>\n<p style=\"text-align: center;\">y tambi\u00e9n existe el odio<\/p>\n<p style=\"text-align: center;\">y hay una cara de desd\u00e9n<\/p>\n<p style=\"text-align: center;\">y hay una mueca y te esfuerzas<\/p>\n<p style=\"text-align: center;\">en vano por olvidarla bien,<\/p>\n<p style=\"text-align: center;\">porque hiere el coraz\u00f3n en el n\u00facleo<\/p>\n<p style=\"text-align: center;\">y se hunde en el fondo de la espina dorsal<\/p>\n<p style=\"text-align: center;\">y no una sonrisa que nunca haya<\/p>\n<p style=\"text-align: center;\">sido sonre\u00edda, pues una sonrisa solitaria.<\/p>\n<p style=\"text-align: center;\">Que entre la cuna y la tumba<\/p>\n<p style=\"text-align: center;\">solo una vez se sonr\u00ede as\u00ed<\/p>\n<p style=\"text-align: center;\">pero cuando se sonr\u00ede una vez<\/p>\n<p style=\"text-align: center;\">toda tristeza tiene su fin.<\/p>\n<p>&nbsp;<\/p>\n<p>&nbsp;<\/p>\n<p style=\"text-align: right;\"><strong>FRANCELINA ROBIN<\/strong><\/p>\n","protected":false},"excerpt":{"rendered":"<p>\u00a0\u00a0\u00a0\u00a0\u00a0\u00a0\u00a0\u00a0\u00a0\u00a0\u00a0 Souer Emmanuelle, nacida el 16 de noviembre de 1908 con el nombre de Madeleine Cinquin,en B\u00e9lgica, no fue hasta&hellip;<\/p>\n","protected":false},"author":3,"featured_media":19434,"comment_status":"open","ping_status":"open","sticky":false,"template":"","format":"standard","meta":{"om_disable_all_campaigns":false,"_mi_skip_tracking":false,"_monsterinsights_sitenote_active":false,"_monsterinsights_sitenote_note":"","_monsterinsights_sitenote_category":0,"footnotes":""},"categories":[21,30],"tags":[],"aioseo_notices":[],"_links":{"self":[{"href":"https:\/\/granadacostaglobal.es\/index.php?rest_route=\/wp\/v2\/posts\/29805"}],"collection":[{"href":"https:\/\/granadacostaglobal.es\/index.php?rest_route=\/wp\/v2\/posts"}],"about":[{"href":"https:\/\/granadacostaglobal.es\/index.php?rest_route=\/wp\/v2\/types\/post"}],"author":[{"embeddable":true,"href":"https:\/\/granadacostaglobal.es\/index.php?rest_route=\/wp\/v2\/users\/3"}],"replies":[{"embeddable":true,"href":"https:\/\/granadacostaglobal.es\/index.php?rest_route=%2Fwp%2Fv2%2Fcomments&post=29805"}],"version-history":[{"count":0,"href":"https:\/\/granadacostaglobal.es\/index.php?rest_route=\/wp\/v2\/posts\/29805\/revisions"}],"wp:featuredmedia":[{"embeddable":true,"href":"https:\/\/granadacostaglobal.es\/index.php?rest_route=\/"}],"wp:attachment":[{"href":"https:\/\/granadacostaglobal.es\/index.php?rest_route=%2Fwp%2Fv2%2Fmedia&parent=29805"}],"wp:term":[{"taxonomy":"category","embeddable":true,"href":"https:\/\/granadacostaglobal.es\/index.php?rest_route=%2Fwp%2Fv2%2Fcategories&post=29805"},{"taxonomy":"post_tag","embeddable":true,"href":"https:\/\/granadacostaglobal.es\/index.php?rest_route=%2Fwp%2Fv2%2Ftags&post=29805"}],"curies":[{"name":"wp","href":"https:\/\/api.w.org\/{rel}","templated":true}]}}