{"id":29761,"date":"2021-10-26T15:27:13","date_gmt":"2021-10-26T15:27:13","guid":{"rendered":"http:\/\/granadacostanacional.es\/?p=29761"},"modified":"2021-10-26T15:27:13","modified_gmt":"2021-10-26T15:27:13","slug":"madrid-y-sus-fantasmas","status":"publish","type":"post","link":"https:\/\/granadacostaglobal.es\/?p=29761","title":{"rendered":"MADRID Y SUS FANTASMAS"},"content":{"rendered":"<p style=\"text-align: justify;\">Las historias de los fantasmas m\u00e1s cl\u00e1sicos y, famosos de la Comunidad de Madrid.<\/p>\n<p style=\"text-align: justify;\"><span style=\"font-style: inherit; font-weight: inherit;\">En esta primera parte de nuestro gran recorrido por la geograf\u00eda sobrenatural de la regi\u00f3n de Madrid con motivo del d\u00eda de Todos los Santos.<\/span><\/p>\n<p style=\"text-align: justify;\"><span style=\"font-style: inherit; font-weight: inherit;\">\u00a0<\/span><\/p>\n<p style=\"text-align: justify;\"><strong><span style=\"font-style: inherit;\">1\u00aa Historia fantasmal.<\/span><\/strong><\/p>\n<p style=\"text-align: justify;\"><strong><span style=\"font-style: inherit;\">\u00a0<\/span><\/strong><\/p>\n<p style=\"text-align: justify;\"><strong><span style=\"font-style: inherit;\">La Casa de las Siete Chimeneas.<\/span><\/strong><\/p>\n<p style=\"text-align: justify;\"><span style=\"font-style: inherit; font-weight: inherit;\">El amor tr\u00e1gico entre el capit\u00e1n Zapata, muerto en Flandes a poco de casarse, y su esposa Elena result\u00f3, tras la muerte de pena de la viuda, en que un esp\u00edritu recorre el palacete que alberga el Ministerio de Cultura.<\/span><\/p>\n<p style=\"text-align: justify;\"><span style=\"font-style: inherit; font-weight: inherit;\">En otra versi\u00f3n, Elena fue hallada muerta con una extra\u00f1a sonrisa en la boca.<\/span><\/p>\n<p style=\"text-align: justify;\"><span style=\"font-style: inherit; font-weight: inherit;\">Al parecer, ten\u00eda un amante: el rey Felipe II, que investig\u00f3 las causas de su muerte.<\/span><\/p>\n<p style=\"text-align: justify;\"><span style=\"font-style: inherit; font-weight: inherit;\">Al parecer, todas las noches, el fantasma se asoma a los balcones mirando en direcci\u00f3n al Palacio Real, mientras hace tintinear unas monedas.<\/span><\/p>\n<p style=\"text-align: justify;\"><span style=\"font-style: inherit; font-weight: inherit;\">Una tercera versi\u00f3n habla del suicidio de Elena tras ser obligada a aceptar un matrimonio de conveniencia con un anciano rico.<\/span><\/p>\n<p style=\"text-align: justify;\"><span style=\"font-style: inherit; font-weight: inherit;\">\u00a0<\/span><\/p>\n<p style=\"text-align: justify;\"><strong><span style=\"font-style: inherit;\">2\u00aa Historia fantasmal.<\/span><\/strong><\/p>\n<p style=\"text-align: justify;\"><strong><span style=\"font-style: inherit;\">\u00a0<\/span><\/strong><\/p>\n<p style=\"text-align: justify;\"><strong><span style=\"font-style: inherit;\">En la plaza de Cibeles se encuentra El Palacio de Linares.<\/span><\/strong><\/p>\n<p style=\"text-align: justify;\"><span style=\"font-style: inherit; font-weight: inherit;\">\u00a0<\/span><\/p>\n<p style=\"text-align: justify;\"><span style=\"font-style: inherit; font-weight: inherit;\">A\u00fan est\u00e1 reciente la leyenda que envuelve a la actual Casa de Am\u00e9rica.<\/span><\/p>\n<p style=\"text-align: justify;\"><span style=\"font-style: inherit; font-weight: inherit;\">Seg\u00fan la leyenda, los marqueses de Linares, hermanos por parte de padre tras una carambola del destino, asesinaron a su hija y la enterraron en el edificio para evitar el esc\u00e1ndalo de sus relaciones incestuosas.<\/span><\/p>\n<p style=\"text-align: justify;\"><span style=\"font-style: inherit; font-weight: inherit;\">Desde entonces, al parecer, el fantasma de &#8216;Raimundita&#8217; recorre el palacio cantando canciones infantiles, gritando y llamando a sus padres.<\/span><\/p>\n<p style=\"text-align: justify;\"><span style=\"font-style: inherit; font-weight: inherit;\">\u00a0<\/span><\/p>\n<p style=\"text-align: justify;\"><span style=\"font-style: inherit; font-weight: inherit;\">Del echo existen varias investigaciones, de este suceso paranormal, llevadas a cabo por investigadores particulares como historiadores contratados por la propia Casa de Am\u00e9rica, estos dan versiones diferentes y, contrapuestas de esta historia fantasmal.<\/span><\/p>\n<p style=\"text-align: justify;\"><span style=\"font-style: inherit; font-weight: inherit;\">\u00a0<a href=\"http:\/\/granadacostanacional.es\/wp-content\/uploads\/2021\/10\/thumbnail_60B78E719B6A43C2AD1A6EBCCCD48C57.png\"><img decoding=\"async\" loading=\"lazy\" class=\"aligncenter wp-image-29768 size-medium\" src=\"http:\/\/granadacostanacional.es\/wp-content\/uploads\/2021\/10\/thumbnail_60B78E719B6A43C2AD1A6EBCCCD48C57-300x192.png\" alt=\"thumbnail_60B78E719B6A43C2AD1A6EBCCCD48C57\" width=\"300\" height=\"192\" \/><\/a><\/span><\/p>\n<p style=\"text-align: justify;\"><strong><span style=\"font-style: inherit;\">3\u00aa Historia fantasmal<\/span><\/strong><\/p>\n<p style=\"text-align: justify;\"><span style=\"font-style: inherit; font-weight: inherit;\">\u00a0<\/span><\/p>\n<p style=\"text-align: justify;\"><strong>Los vigilantes<\/strong><\/p>\n<p style=\"text-align: justify;\"><span style=\"font-style: inherit; font-weight: inherit;\">Durante a\u00f1os, los vigilantes del museo Reina Sof\u00eda, denunciaron que en \u00e9l se escuchaban las voces de los fantasmas en salas vac\u00edas que los ascensores funcionaban y, sus puertas se abr\u00edan solas y, alarmas saltaban sin causa aparente.<\/span><\/p>\n<p style=\"text-align: justify;\"><span style=\"font-style: inherit; font-weight: inherit;\">Seg\u00fan la leyenda, hab\u00eda una concentraci\u00f3n de esp\u00edritus derivada de la construcci\u00f3n del edificio sobre un cementerio de personas pobres, y los sucesos que experiment\u00f3 el antiguo Hospital General durante la Guerra Civil.<\/span><\/p>\n<p style=\"text-align: justify;\"><span style=\"font-style: inherit; font-weight: inherit;\">\u00a0<\/span><span style=\"font-style: inherit; font-weight: inherit;\">Tras d\u00e9cadas de abandono, se convirti\u00f3 en el Museo Reina Sof\u00eda, no sin que durante las obras se hallasen monjas momificadas enterradas en la antigua capilla del hospital.<\/span><\/p>\n<p style=\"text-align: justify;\"><span style=\"font-style: inherit; font-weight: inherit;\">\u00a0<\/span><span style=\"font-style: inherit; font-weight: inherit;\">El edificio fue objeto de estudio por parte del Grupo Hepta.<\/span><\/p>\n<p style=\"text-align: justify;\"><span style=\"font-style: inherit; font-weight: inherit;\">\u00a0<\/span><\/p>\n<p style=\"text-align: justify;\"><strong><span style=\"font-style: inherit;\">4\u00aa Historia fantasmal<\/span><\/strong><\/p>\n<p style=\"text-align: justify;\"><strong><span style=\"font-style: inherit;\">\u00a0<\/span><\/strong><\/p>\n<p style=\"text-align: justify;\"><strong><span style=\"font-style: inherit;\">La cabeza parlante.<\/span><\/strong><\/p>\n<p style=\"text-align: justify;\"><span style=\"font-style: inherit; font-weight: inherit;\">Un sirviente acosado por las deudas asesin\u00f3 a su amo, un sacerdote, le cort\u00f3 la cabeza y huy\u00f3 a Portugal.<\/span><\/p>\n<p style=\"text-align: justify;\"><span style=\"font-style: inherit; font-weight: inherit;\">A\u00f1os despu\u00e9s regres\u00f3 convertido en un caballero. Compr\u00f3 una cabeza de carnero en el Rastro para darse un fest\u00edn.<\/span><\/p>\n<p style=\"text-align: justify;\"><span style=\"font-style: inherit; font-weight: inherit;\">Fue parado por un alguacil que not\u00f3 el rastro de sangre que dejaba y, al ir a mostrarle su compra, apareci\u00f3 la cabeza cortada bajo su capa.<\/span><\/p>\n<p style=\"text-align: justify;\"><span style=\"font-style: inherit; font-weight: inherit;\">La leyenda est\u00e1 simbolizada en una placa de la calle de la Cabeza.<\/span><\/p>\n<p><span style=\"font-style: inherit; font-weight: inherit;\">\u00a0<\/span><\/p>\n<p><span style=\"font-style: inherit; font-weight: inherit;\">\u00a0<\/span><\/p>\n<p style=\"text-align: right;\"><strong><span style=\"font-style: inherit;\">Clementa L\u00f3pez Perez<\/span><\/strong><\/p>\n<p><span style=\"font-style: inherit; font-weight: inherit;\">\u00a0<\/span><\/p>\n<p><span style=\"font-style: inherit; font-weight: inherit;\">\u00a0<\/span><\/p>\n<p>&nbsp;<\/p>\n<p>&nbsp;<\/p>\n<p style=\"text-align: center;\"><span style=\"font-style: inherit; font-weight: inherit;\">NATURALEZA<\/span><\/p>\n<p style=\"text-align: center;\"><span style=\"font-style: inherit; font-weight: inherit;\">\u00a0<\/span><\/p>\n<p style=\"text-align: center;\"><span style=\"font-style: inherit; font-weight: inherit;\">Naturaleza sabia y discreta<\/span><\/p>\n<p style=\"text-align: center;\"><span style=\"font-style: inherit; font-weight: inherit;\">filosofa de unidad es maestra,<\/span><\/p>\n<p style=\"text-align: center;\"><span style=\"font-style: inherit; font-weight: inherit;\">de tintero que frases derrama,<\/span><\/p>\n<p style=\"text-align: center;\"><span style=\"font-style: inherit; font-weight: inherit;\">de silabas que pluma declama.<\/span><\/p>\n<p style=\"text-align: center;\"><span style=\"font-style: inherit; font-weight: inherit;\">\u00a0<\/span><\/p>\n<p style=\"text-align: center;\"><span style=\"font-style: inherit; font-weight: inherit;\">Dibujando al describir el bello<\/span><\/p>\n<p style=\"text-align: center;\"><span style=\"font-style: inherit; font-weight: inherit;\">sentido adherido a las palabras,<\/span><\/p>\n<p style=\"text-align: center;\"><span style=\"font-style: inherit; font-weight: inherit;\">volando como audaz colibr\u00ed,<\/span><\/p>\n<p style=\"text-align: center;\"><span style=\"font-style: inherit; font-weight: inherit;\">en silencios van acentos y pautas.<\/span><\/p>\n<p style=\"text-align: center;\"><span style=\"font-style: inherit; font-weight: inherit;\">\u00a0<\/span><\/p>\n<p style=\"text-align: center;\"><span style=\"font-style: inherit; font-weight: inherit;\">En el papel donde murmura,<\/span><\/p>\n<p style=\"text-align: center;\"><span style=\"font-style: inherit; font-weight: inherit;\">sue\u00f1os venturas y travesuras,<\/span><\/p>\n<p style=\"text-align: center;\"><span style=\"font-style: inherit; font-weight: inherit;\">pretendiendo que en su vuelo<\/span><\/p>\n<p style=\"text-align: center;\"><span style=\"font-style: inherit; font-weight: inherit;\">sean colinas de bellos sus sue\u00f1os.<\/span><\/p>\n<p style=\"text-align: center;\"><span style=\"font-style: inherit; font-weight: inherit;\">\u00a0<\/span><\/p>\n<p style=\"text-align: center;\"><span style=\"font-style: inherit; font-weight: inherit;\">Ofensas chismes y envidias<\/span><\/p>\n<p style=\"text-align: center;\"><span style=\"font-style: inherit; font-weight: inherit;\">son, en los seres eterna codicia,<\/span><\/p>\n<p style=\"text-align: center;\"><span style=\"font-style: inherit; font-weight: inherit;\">discrepando el rico del pobre,<\/span><\/p>\n<p style=\"text-align: center;\"><span style=\"font-style: inherit; font-weight: inherit;\">zozobrando van por su avaricia.<\/span><\/p>\n<p style=\"text-align: center;\"><span style=\"font-style: inherit; font-weight: inherit;\">\u00a0<\/span><\/p>\n<p style=\"text-align: center;\"><span style=\"font-style: inherit; font-weight: inherit;\">Con cierta confusi\u00f3n, y desconcierto<\/span><\/p>\n<p style=\"text-align: center;\"><span style=\"font-style: inherit; font-weight: inherit;\">pretenden as\u00ed arreglar todos los pleitos.<\/span><\/p>\n<p style=\"text-align: center;\"><span style=\"font-style: inherit; font-weight: inherit;\">\u00a0<\/span><\/p>\n<p><span style=\"font-style: inherit; font-weight: inherit;\">\u00a0<\/span><\/p>\n<p style=\"text-align: right;\"><strong><span style=\"font-style: inherit;\">Autora: Clementa L\u00f3pez P\u00e9rez<\/span><\/strong><\/p>\n","protected":false},"excerpt":{"rendered":"<p>Las historias de los fantasmas m\u00e1s cl\u00e1sicos y, famosos de la Comunidad de Madrid. En esta primera parte de nuestro&hellip;<\/p>\n","protected":false},"author":3,"featured_media":23227,"comment_status":"open","ping_status":"open","sticky":false,"template":"","format":"standard","meta":{"om_disable_all_campaigns":false,"_mi_skip_tracking":false,"_monsterinsights_sitenote_active":false,"_monsterinsights_sitenote_note":"","_monsterinsights_sitenote_category":0,"footnotes":""},"categories":[21],"tags":[],"aioseo_notices":[],"_links":{"self":[{"href":"https:\/\/granadacostaglobal.es\/index.php?rest_route=\/wp\/v2\/posts\/29761"}],"collection":[{"href":"https:\/\/granadacostaglobal.es\/index.php?rest_route=\/wp\/v2\/posts"}],"about":[{"href":"https:\/\/granadacostaglobal.es\/index.php?rest_route=\/wp\/v2\/types\/post"}],"author":[{"embeddable":true,"href":"https:\/\/granadacostaglobal.es\/index.php?rest_route=\/wp\/v2\/users\/3"}],"replies":[{"embeddable":true,"href":"https:\/\/granadacostaglobal.es\/index.php?rest_route=%2Fwp%2Fv2%2Fcomments&post=29761"}],"version-history":[{"count":0,"href":"https:\/\/granadacostaglobal.es\/index.php?rest_route=\/wp\/v2\/posts\/29761\/revisions"}],"wp:featuredmedia":[{"embeddable":true,"href":"https:\/\/granadacostaglobal.es\/index.php?rest_route=\/"}],"wp:attachment":[{"href":"https:\/\/granadacostaglobal.es\/index.php?rest_route=%2Fwp%2Fv2%2Fmedia&parent=29761"}],"wp:term":[{"taxonomy":"category","embeddable":true,"href":"https:\/\/granadacostaglobal.es\/index.php?rest_route=%2Fwp%2Fv2%2Fcategories&post=29761"},{"taxonomy":"post_tag","embeddable":true,"href":"https:\/\/granadacostaglobal.es\/index.php?rest_route=%2Fwp%2Fv2%2Ftags&post=29761"}],"curies":[{"name":"wp","href":"https:\/\/api.w.org\/{rel}","templated":true}]}}