{"id":29662,"date":"2021-10-17T10:12:51","date_gmt":"2021-10-17T10:12:51","guid":{"rendered":"http:\/\/granadacostanacional.es\/?p=29662"},"modified":"2021-10-17T10:12:51","modified_gmt":"2021-10-17T10:12:51","slug":"inma-rejon-vuelve-a-los-escenarios","status":"publish","type":"post","link":"https:\/\/granadacostaglobal.es\/?p=29662","title":{"rendered":"Inma Rej\u00f3n vuelve a los escenarios"},"content":{"rendered":"<p style=\"text-align: justify;\">Como si se tratase del Maestro de Camas, Curro Romero, la faraona de Granada Costa cuenta con una afici\u00f3n y p\u00fablico incondicional que la siguen a todas partes. Debido al Covid-19, todos los espect\u00e1culos han debido esperar para volver a celebrarse, incluyendo el presente.<\/p>\n<p style=\"text-align: justify;\">Nuestra querida faraona, Inmaculada Rej\u00f3n, volvi\u00f3 a encontrarse con su p\u00fablico en el teatro del Centro C\u00edvico del Zaid\u00edn en Granada. Este espect\u00e1culo formaba parte de la gran gira que ten\u00eda prevista celebrar presentando su nuevo espect\u00e1culo, Estrellas. El espect\u00e1culo est\u00e1 basado en el libro-disco con el mismo nombre, en que se incluyen las letras originales y biograf\u00edas de los mismos, escritas por la Delegada de Poes\u00eda Granada Costa, Carmen Carrasco Ramos.<\/p>\n<p style=\"text-align: justify;\"><a href=\"http:\/\/granadacostanacional.es\/wp-content\/uploads\/2021\/10\/WhatsApp-Image-2021-10-16-at-21.36.43.jpeg\"><img decoding=\"async\" loading=\"lazy\" class=\"aligncenter size-large wp-image-29664\" src=\"http:\/\/granadacostanacional.es\/wp-content\/uploads\/2021\/10\/WhatsApp-Image-2021-10-16-at-21.36.43-511x1024.jpeg\" alt=\"WhatsApp Image 2021-10-16 at 21.36.43\" width=\"511\" height=\"1024\" \/><\/a><\/p>\n<p style=\"text-align: justify;\">El maestro de ceremonias fue su gran amigo Francisco Jim\u00e9nez y la acompa\u00f1\u00f3 al baile la exuberante Virginia Abril.<\/p>\n<p style=\"text-align: justify;\">Inma Rej\u00f3n abri\u00f3 el concierto con el Ave Mar\u00eda de Raphael y acab\u00f3 con Pena, Penita, Pena de Lola Flores, pasando por otros grandes de la canci\u00f3n como Carlos Cano, Antonio Mach\u00edn, Mar\u00eda Dolores Pradera, Marif\u00e9 de Triana, Juanito Valderrama y Roc\u00edo Jurado.<\/p>\n<p style=\"text-align: justify;\">Durante la duraci\u00f3n del concierto, los espectadores cantaron, rieron y bailaron en este espect\u00e1culo en el que se rindi\u00f3 homenaje a diez personalidades de la canci\u00f3n espa\u00f1ola, a los que Inma Rej\u00f3n les ha sabido impregnar su personalidad vivaz, alegre y dicharachera. Sin duda, mereci\u00f3 la pena esperar el regreso a los ruedos de esta grande de la canci\u00f3n, que supo recompensar la paciencia de sus incondicionales con una de sus mejores funciones.<\/p>\n<p style=\"text-align: justify;\">La pr\u00f3xima vez que podremos ver a Inmaculada Rej\u00f3n en concierto ser\u00e1 el 29 de octubre en Hu\u00e9rcal-Overa, donde actuar\u00e1 como artista invitada en la presentaci\u00f3n del libro <em>A ti, Amor<\/em>, de la escritora y poeta Ana Mart\u00ednez Parra.<\/p>\n<p style=\"text-align: justify;\">\n<p style=\"text-align: right;\"><strong>Carlos \u00c1lvaro Segura Venegas<\/strong><\/p>\n<p style=\"text-align: right;\"><strong>Vicepresidente del Proyecto de Cultura Granada Costa<\/strong><\/p>\n<p style=\"text-align: right;\">\n<h2 style=\"text-align: center;\"><strong>V\u00cdDEOS DEL ESPECT\u00c1CULO<\/strong><\/h2>\n<p>&nbsp;<\/p>\n<p><iframe loading=\"lazy\" title=\"Inmaculada Rej\u00f3n cantando el Viva Espa\u00f1a de Manolo Escobar\" width=\"640\" height=\"360\" src=\"https:\/\/www.youtube.com\/embed\/KftZP8V58RE?feature=oembed\" frameborder=\"0\" allow=\"accelerometer; autoplay; clipboard-write; encrypted-media; gyroscope; picture-in-picture; web-share\" allowfullscreen><\/iframe><\/p>\n<p>&nbsp;<\/p>\n<p><iframe loading=\"lazy\" title=\"Inmaculada Rej\u00f3n cantando el Ave Mar\u00eda de Raphael\" width=\"640\" height=\"360\" src=\"https:\/\/www.youtube.com\/embed\/ifyFmfKghDE?feature=oembed\" frameborder=\"0\" allow=\"accelerometer; autoplay; clipboard-write; encrypted-media; gyroscope; picture-in-picture; web-share\" allowfullscreen><\/iframe><\/p>\n<p>&nbsp;<\/p>\n<p><iframe loading=\"lazy\" title=\"Inmaculada Rej\u00f3n cantando Ay Pena, Penita, Pena de Lola Flores\" width=\"640\" height=\"360\" src=\"https:\/\/www.youtube.com\/embed\/uyoL57_jlw0?feature=oembed\" frameborder=\"0\" allow=\"accelerometer; autoplay; clipboard-write; encrypted-media; gyroscope; picture-in-picture; web-share\" allowfullscreen><\/iframe><\/p>\n<p>&nbsp;<\/p>\n<p><iframe loading=\"lazy\" title=\"Inmaculada Rej\u00f3n cantando Habaneras de C\u00e1diz de Carlos Cano\" width=\"640\" height=\"360\" src=\"https:\/\/www.youtube.com\/embed\/ONOB-ueftBE?feature=oembed\" frameborder=\"0\" allow=\"accelerometer; autoplay; clipboard-write; encrypted-media; gyroscope; picture-in-picture; web-share\" allowfullscreen><\/iframe><\/p>\n<p>&nbsp;<\/p>\n<p><iframe loading=\"lazy\" title=\"Inmaculada Rej\u00f3n cantando Angelitos Negros de Antonio Mach\u00edn\" width=\"640\" height=\"360\" src=\"https:\/\/www.youtube.com\/embed\/W_5aWSY_InI?feature=oembed\" frameborder=\"0\" allow=\"accelerometer; autoplay; clipboard-write; encrypted-media; gyroscope; picture-in-picture; web-share\" allowfullscreen><\/iframe><\/p>\n","protected":false},"excerpt":{"rendered":"<p>Como si se tratase del Maestro de Camas, Curro Romero, la faraona de Granada Costa cuenta con una afici\u00f3n y&hellip;<\/p>\n","protected":false},"author":3,"featured_media":29663,"comment_status":"open","ping_status":"open","sticky":false,"template":"","format":"standard","meta":{"om_disable_all_campaigns":false,"_mi_skip_tracking":false,"_monsterinsights_sitenote_active":false,"_monsterinsights_sitenote_note":"","_monsterinsights_sitenote_category":0,"footnotes":""},"categories":[21],"tags":[],"aioseo_notices":[],"_links":{"self":[{"href":"https:\/\/granadacostaglobal.es\/index.php?rest_route=\/wp\/v2\/posts\/29662"}],"collection":[{"href":"https:\/\/granadacostaglobal.es\/index.php?rest_route=\/wp\/v2\/posts"}],"about":[{"href":"https:\/\/granadacostaglobal.es\/index.php?rest_route=\/wp\/v2\/types\/post"}],"author":[{"embeddable":true,"href":"https:\/\/granadacostaglobal.es\/index.php?rest_route=\/wp\/v2\/users\/3"}],"replies":[{"embeddable":true,"href":"https:\/\/granadacostaglobal.es\/index.php?rest_route=%2Fwp%2Fv2%2Fcomments&post=29662"}],"version-history":[{"count":0,"href":"https:\/\/granadacostaglobal.es\/index.php?rest_route=\/wp\/v2\/posts\/29662\/revisions"}],"wp:featuredmedia":[{"embeddable":true,"href":"https:\/\/granadacostaglobal.es\/index.php?rest_route=\/"}],"wp:attachment":[{"href":"https:\/\/granadacostaglobal.es\/index.php?rest_route=%2Fwp%2Fv2%2Fmedia&parent=29662"}],"wp:term":[{"taxonomy":"category","embeddable":true,"href":"https:\/\/granadacostaglobal.es\/index.php?rest_route=%2Fwp%2Fv2%2Fcategories&post=29662"},{"taxonomy":"post_tag","embeddable":true,"href":"https:\/\/granadacostaglobal.es\/index.php?rest_route=%2Fwp%2Fv2%2Ftags&post=29662"}],"curies":[{"name":"wp","href":"https:\/\/api.w.org\/{rel}","templated":true}]}}