{"id":29658,"date":"2021-10-16T10:16:56","date_gmt":"2021-10-16T10:16:56","guid":{"rendered":"http:\/\/granadacostanacional.es\/?p=29658"},"modified":"2021-10-16T10:16:56","modified_gmt":"2021-10-16T10:16:56","slug":"adios-a-sofia","status":"publish","type":"post","link":"https:\/\/granadacostaglobal.es\/?p=29658","title":{"rendered":"ADI\u00d3S A SOF\u00cdA"},"content":{"rendered":"<p style=\"text-align: right;\"><em>La renuncia a un amor imposible<\/em><\/p>\n<p style=\"text-align: right;\"><em>\u00a0\u00a0\u00a0\u00a0\u00a0\u00a0\u00a0\u00a0\u00a0\u00a0\u00a0\u00a0\u00a0\u00a0\u00a0\u00a0\u00a0\u00a0\u00a0\u00a0\u00a0\u00a0\u00a0\u00a0\u00a0\u00a0\u00a0\u00a0\u00a0\u00a0 permite que solo sufra uno de los dos.<\/em><\/p>\n<p style=\"text-align: right;\">\n<p style=\"text-align: right;\">Marcelino Arellano<\/p>\n<p style=\"text-align: justify;\"><strong>Y<\/strong>, sin embargo, a pesar de la gran admiraci\u00f3n que por ti siento, no puedo evitar escribirte esta carta de despedida. Pienso que no te sorprender\u00e1, ya que, con ella y mi renuncia a ti dejo abierta la puerta del cine para que puedas salir de la pantalla de mis sue\u00f1os. Quiz\u00e1s nunca podr\u00e1s comprender mi desesperaci\u00f3n ante lo imposible. Renunciar a lo que m\u00e1s se quiere, pero debo hacerlo. Sabes que yo he sido tu m\u00e1s grande admirador, desde que era solamente un muchacho, y cada vez que echaban una pel\u00edcula tuya en el cine de mi pueblo me las arreglaba para verla. Algunas veces no dispon\u00eda de las tres o cuatro pesetas que costaba la entrada en \u00abgallinero\u00bb, pero, no s\u00e9 c\u00f3mo, siempre consegu\u00eda entrar a ver tus pel\u00edculas, aunque no fuera autorizada para menores de 16 a\u00f1os.<\/p>\n<p style=\"text-align: justify;\">\u00a0\u00a0\u00a0\u00a0\u00a0\u00a0\u00a0\u00a0\u00a0\u00a0\u00a0 Fui creciendo fascinado por tu exuberante cuerpo y tu belleza cada vez m\u00e1s deslumbrante y, cuando aparec\u00edas en la gran pantalla blanca, me imaginaba que era yo el protagonista que te abrazaba y besaba, pero nunca suced\u00eda; mi ilusi\u00f3n y fantas\u00eda acababa al terminar la pel\u00edcula y, entonces, iba corriendo para que no me vieran salir del cine. S\u00e9 que el portero hac\u00eda como que no me ve\u00eda para que pudiese entrar y ver las pel\u00edculas escondido tras alguna cortina.<\/p>\n<p style=\"text-align: justify;\">\u00a0\u00a0\u00a0\u00a0\u00a0\u00a0\u00a0\u00a0\u00a0\u00a0\u00a0 Pel\u00edcula tras pel\u00edcula, ibas engrandeci\u00e9ndote m\u00e1s y m\u00e1s con tus maravillosas interpretaciones. Algunas de tus pel\u00edculas las vi varias veces, no me importaba qui\u00e9nes eran los dem\u00e1s actores que te acompa\u00f1aban en la pel\u00edcula, solamente me interesabas t\u00fa. Una de las primeras pel\u00edculas tuyas que vi fue <em>La sirena y el delf\u00edn<\/em>, en la que te acompa\u00f1aban los actores <strong>Alan Lang<\/strong> y <strong>Jorge Mistral<\/strong>, otros de los actores a los que de joven m\u00e1s admiraba. Durante la proyecci\u00f3n de la pel\u00edcula cerraba los ojos y me cre\u00eda ser Alan Lang cuando te besaba y, aquella noche, posiblemente me dorm\u00eda m\u00e1s contento.<\/p>\n<p style=\"text-align: justify;\">\u00a0\u00a0\u00a0\u00a0\u00a0\u00a0\u00a0\u00a0\u00a0\u00a0\u00a0 Odi\u00e9 a <strong>Marcelo Mastroianni<\/strong> porque en la pel\u00edcula t\u00fa le amabas y, una y otra vez, las ve\u00eda hasta casi aprender el di\u00e1logo de memoria. C\u00f3mo te amaba, Sof\u00eda, estrella rutilante de mis sue\u00f1os cinematogr\u00e1ficos. Pero quiz\u00e1s t\u00fa no sepas que yo fui <strong>Klark Gable<\/strong> en la pel\u00edcula <em>Capri<\/em> y <strong>Charlton<\/strong> <strong>Heston<\/strong> en el <em>Cid<\/em> y <strong>Jean-Paul Belmondo<\/strong> en <em>Dos mujeres<\/em>, cinta con la que ganaste un \u00d3scar, y <strong>Cary Grant<\/strong> en <em>Orgullo y Pasi\u00f3n<\/em>, y adem\u00e1s quiz\u00e1s ya no te acuerdes de que era yo, y no <strong>Vittorio de Sica,<\/strong> el que bailaba el mambo contigo.<\/p>\n<p style=\"text-align: justify;\">\u00a0\u00a0\u00a0\u00a0\u00a0\u00a0\u00a0\u00a0\u00a0\u00a0\u00a0 Crec\u00ed a la sombra de los cines en las tardes fr\u00edas del invierno, vi\u00e9ndote hacerte mayor, pero, milagro de la naturaleza, cada vez eras m\u00e1s bella. Hay una pel\u00edcula, que siempre recordar\u00e9, en la que hac\u00edas una interpretaci\u00f3n maravillosa, <em>Los girasoles<\/em>, pel\u00edcula interpretada por Marcelo Mastroianni y dirigida por el genial actor y director Vittorio de Sica.<\/p>\n<p style=\"text-align: justify;\">\u00a0\u00a0\u00a0\u00a0\u00a0\u00a0\u00a0\u00a0\u00a0\u00a0\u00a0 T\u00fa no me conoces y nada sabes de m\u00ed, pero cada vez que ve\u00eda a un p\u00e1jaro pasar por delante de la ventana de mi habitaci\u00f3n te mandaba un beso con \u00e9l, por si acaso pasaba cerca de donde t\u00fa estabas y te lo pod\u00eda entregar. Nunca hubo respuesta, pero, aun as\u00ed, te sigo admirando, aunque ya solamente te vea como espectador y no como aquel muchacho de \u00cdtrabo que solamente deseaba darte un beso y as\u00ed, poco a poco, me quedaba dormido mientras fuera, en la calle, el viento helado del invierno golpeaba la madera vieja de mi ventana.<\/p>\n<p>&nbsp;<\/p>\n<p style=\"text-align: right;\"><strong>Marcelino Arellano Alabarces<\/strong><\/p>\n<p style=\"text-align: right;\"><strong>Palma de Mallorca<\/strong><\/p>\n<p>&nbsp;<\/p>\n","protected":false},"excerpt":{"rendered":"<p>La renuncia a un amor imposible \u00a0\u00a0\u00a0\u00a0\u00a0\u00a0\u00a0\u00a0\u00a0\u00a0\u00a0\u00a0\u00a0\u00a0\u00a0\u00a0\u00a0\u00a0\u00a0\u00a0\u00a0\u00a0\u00a0\u00a0\u00a0\u00a0\u00a0\u00a0\u00a0\u00a0 permite que solo sufra uno de los dos. Marcelino Arellano Y, sin embargo,&hellip;<\/p>\n","protected":false},"author":3,"featured_media":29660,"comment_status":"open","ping_status":"open","sticky":false,"template":"","format":"standard","meta":{"om_disable_all_campaigns":false,"_mi_skip_tracking":false,"_monsterinsights_sitenote_active":false,"_monsterinsights_sitenote_note":"","_monsterinsights_sitenote_category":0,"footnotes":""},"categories":[21],"tags":[],"aioseo_notices":[],"_links":{"self":[{"href":"https:\/\/granadacostaglobal.es\/index.php?rest_route=\/wp\/v2\/posts\/29658"}],"collection":[{"href":"https:\/\/granadacostaglobal.es\/index.php?rest_route=\/wp\/v2\/posts"}],"about":[{"href":"https:\/\/granadacostaglobal.es\/index.php?rest_route=\/wp\/v2\/types\/post"}],"author":[{"embeddable":true,"href":"https:\/\/granadacostaglobal.es\/index.php?rest_route=\/wp\/v2\/users\/3"}],"replies":[{"embeddable":true,"href":"https:\/\/granadacostaglobal.es\/index.php?rest_route=%2Fwp%2Fv2%2Fcomments&post=29658"}],"version-history":[{"count":0,"href":"https:\/\/granadacostaglobal.es\/index.php?rest_route=\/wp\/v2\/posts\/29658\/revisions"}],"wp:featuredmedia":[{"embeddable":true,"href":"https:\/\/granadacostaglobal.es\/index.php?rest_route=\/"}],"wp:attachment":[{"href":"https:\/\/granadacostaglobal.es\/index.php?rest_route=%2Fwp%2Fv2%2Fmedia&parent=29658"}],"wp:term":[{"taxonomy":"category","embeddable":true,"href":"https:\/\/granadacostaglobal.es\/index.php?rest_route=%2Fwp%2Fv2%2Fcategories&post=29658"},{"taxonomy":"post_tag","embeddable":true,"href":"https:\/\/granadacostaglobal.es\/index.php?rest_route=%2Fwp%2Fv2%2Ftags&post=29658"}],"curies":[{"name":"wp","href":"https:\/\/api.w.org\/{rel}","templated":true}]}}