{"id":29543,"date":"2021-10-05T08:52:21","date_gmt":"2021-10-05T08:52:21","guid":{"rendered":"http:\/\/granadacostanacional.es\/?p=29543"},"modified":"2021-10-05T08:52:21","modified_gmt":"2021-10-05T08:52:21","slug":"diario-de-un-poeta-el-dia-que-conoci-a-inmaculada-rejon","status":"publish","type":"post","link":"https:\/\/granadacostaglobal.es\/?p=29543","title":{"rendered":"DIARIO DE UN POETA &#8211; EL D\u00cdA QUE CONOC\u00cd A INMACULADA REJ\u00d3N"},"content":{"rendered":"<p style=\"text-align: justify;\"><strong>I<\/strong>nmaculada Rej\u00f3n es un torbellino de revuelos. Como las mariposas color arco iris, que sin descanso revolotean sobre las flores de su C\u00e1jar natal. En un paisaje bell\u00edsimo en la constelaci\u00f3n geogr\u00e1fica de Granada. Qu\u00e9 duda cabe de que Inmaculada es muy conocida en su pueblo, por sus interpretaciones art\u00edsticas. Es una persona amable y carism\u00e1tica, con el don de saber interpretar (cantar) un largo reportorio de canciones de todos los estilos sin dejar por ello, cuando el momento lo requiere, de interpretar no solamente coplas, ya que su garganta prodigiosa registra todos los estilos, los cuales interpreta de una forma muy personal. Le caracteriza una voz dulce llena de matices que hace que el p\u00fablico est\u00e9 pendiente de ella mientras canta.<\/p>\n<p style=\"text-align: justify;\">\u00a0\u00a0\u00a0\u00a0\u00a0\u00a0\u00a0\u00a0\u00a0\u00a0\u00a0 Es una mujer que ella sola llena el escenario, por su gran saber y estar. Es una artista que sabe dominar al p\u00fablico, que la escucha con deleite, que la sigue y que la admira. Si tenemos en cuenta que hoy en d\u00eda hay una gran pl\u00e9yade de estupendas int\u00e9rpretes de la canci\u00f3n y de la copla, en que la lucha por supervivir es a veces demasiado atroz, Inmaculada ha sabido con gran dedicaci\u00f3n y entrega ganarse un puesto en ese mundo, en el que cada d\u00eda nacen figuras nuevas y muy bien dotadas para el cante, en todas sus facetas.<\/p>\n<p style=\"text-align: justify;\">\u00a0\u00a0\u00a0\u00a0\u00a0\u00a0\u00a0\u00a0\u00a0\u00a0\u00a0 Debemos, por otro lado, considerar que nuestra amiga de hoy lleg\u00f3 tarde al mundo de la canci\u00f3n, al menos profesionalmente. Naci\u00f3 -como ya he dicho- en C\u00e1jar, una bella poblaci\u00f3n muy cercana a Granada, en donde eso de dedicarse al espect\u00e1culo no estaba muy bien visto. Se cas\u00f3 y tuvo cuatro hijos -como ella dice, sus mejores canciones-. Su vida ha sido azarosa, tormentosa y llena de preocupaciones, pero siempre supo salir airosa en todo lo que se propon\u00eda.<\/p>\n<p style=\"text-align: justify;\">\u00a0\u00a0\u00a0\u00a0\u00a0\u00a0\u00a0\u00a0\u00a0\u00a0\u00a0 Inmaculada es una mujer polifac\u00e9tica. Mujer culta, que no solamente tiene el don de cantar y \u00a1bien!, sino que es poeta y compositora\u2026; sus canciones son retazos del alma de donde salen sus coplas, y serena el alma ante las embestidas que a diario nos da la vida.<\/p>\n<p style=\"text-align: justify;\">\u00a0\u00a0\u00a0\u00a0\u00a0\u00a0\u00a0\u00a0\u00a0\u00a0\u00a0 Inmaculada, am\u00e9n de ser una cantante excepcional, es una mujer maravillosa, abierta, simp\u00e1tica, con un gran don de palabra, buena conservadora y con altas miras de ideales. Inmaculada es como el aire fresco que baja de Sierra Nevada y se incrusta en el coraz\u00f3n de todos aquellos que est\u00e1n a su lado.<\/p>\n<p style=\"text-align: justify;\">\u00a0\u00a0\u00a0\u00a0\u00a0\u00a0\u00a0\u00a0\u00a0\u00a0\u00a0 Inmaculada, que ha sido y es una mujer batalladora y que ha sabido superar muchas incidencias en su vida, ha sabido como el ave f\u00e9nix remontar siempre el vuelo y tratar de vencer las trabas y zancadillas que le ha puesto la vida. Divorciada hace ya bastantes a\u00f1os, con coraje y decisi\u00f3n valiente, ha luchado y ha sabido levantarse e imponerse al desaliento. Mujer culta que se ha ido haciendo paso a paso. No debemos olvidarnos de su belleza innata, de su elegancia, tanto en el escenario como en el d\u00eda a d\u00eda. Educada y \u00e1gil conversadora, pudi\u00e9ndose hablar con ella de cualquier tema por muy peliagudo que sea, ella sabe salir siempre airosa de esos encuentros dial\u00e9cticos. Debo destacar que es una magn\u00edfica presentadora, funci\u00f3n que realiza con soltura y desparpajo, lo que demuestra que es una mujer con mucha experiencia en esas lides.<\/p>\n<p style=\"text-align: justify;\">\n<p style=\"text-align: justify;\"><a href=\"http:\/\/granadacostanacional.es\/wp-content\/uploads\/2021\/10\/MG_9552-2.jpg\"><img decoding=\"async\" loading=\"lazy\" class=\"aligncenter size-large wp-image-29547\" src=\"http:\/\/granadacostanacional.es\/wp-content\/uploads\/2021\/10\/MG_9552-2-1024x1024.jpg\" alt=\"_MG_9552\" width=\"1024\" height=\"1024\" \/><\/a><\/p>\n<p style=\"text-align: center;\"><strong>Inmaculada Rej\u00f3n<\/strong><\/p>\n<p style=\"text-align: justify;\">\u00a0\u00a0\u00a0\u00a0\u00a0\u00a0\u00a0\u00a0\u00a0\u00a0\u00a0 He de remarcar, as\u00ed mismo, que hace unos a\u00f1os puso m\u00fasica y cant\u00f3 una canci\u00f3n m\u00eda dedicada a mi pueblo y que estren\u00f3 precisamente en dicha localidad. Canci\u00f3n que siempre interpreta -casi siempre- cuando acudo a \u00cdtrabo, para presentar mis libros. Su personalidad arrolladora no pasa nunca desapercibida en cualquier acto en el que participe o que presente, y es un placer verla desarrollar ambas actividades. En ese registro debo insistir en que es una cantante polifac\u00e9tica, ya que lo mismo puede cantar canciones, boleros, tonadas, rumbas\u2026, y por supuesto, coplas. En una palabra, domina todos los estilos con conocimiento y elegancia.<\/p>\n<p style=\"text-align: justify;\">\u00a0\u00a0\u00a0\u00a0\u00a0\u00a0\u00a0\u00a0\u00a0\u00a0\u00a0 Conoc\u00ed a Inmaculada Rej\u00f3n de Valdivia, en Palma de Mallorca, en una de sus m\u00faltiples visitas realizadas a nuestro archipi\u00e9lago, con ocasi\u00f3n de un acto cultural organizado por el peri\u00f3dico cultural <strong><em>Granada Costa<\/em><\/strong>, en el que su actuaci\u00f3n fue muy aplaudida. Pude entablar con ella una cordial e interesante conversaci\u00f3n que me permiti\u00f3 conocerla como persona. Pero fue en otras visitas suyas a Palma donde tuvimos la oportunidad de convivir m\u00e1s tiempo y, sobre todo, conversar de temas siempre relacionados con la copla, la literatura y la poes\u00eda, que fue enriquecedor para m\u00ed. Aunque fue en una de sus visitas a Palma, junto con una de sus hijas, cuando tuve el placer de acompa\u00f1arlas y hacer un recorrido por la Catedral y el barrio viejo de Palma, en el que, aun en mi ignorancia hist\u00f3rica, le fui explicando un poco de su historia. Otra visita suya a Palma nos permiti\u00f3 hacer una excursi\u00f3n por la isla, acompa\u00f1ados de compa\u00f1eros del <em>Granada Costa<\/em>, <strong>Jos\u00e9 Tamayo<\/strong>, <strong>Fernanda Llabr\u00e9s<\/strong> y\u2026 Puedo asegurar que la excursi\u00f3n fue de su total agrado, ya que conoci\u00f3 el interior de la Isla, sus pueblos, su gastronom\u00eda, sus paisajes bellos y sorprendentes y termin\u00f3 la excursi\u00f3n en un paraje de ensue\u00f1o, el Santuario de Cura, desde all\u00ed se domina uno de los paisajes m\u00e1s bellos, sugerentes y espectaculares de Mallorca, por encontrarse ubicado en el centro de la Isla. Casi podr\u00edamos decir que Inmaculada es ya casi mallorquina.<\/p>\n<p style=\"text-align: justify;\">\u00a0\u00a0\u00a0\u00a0\u00a0\u00a0\u00a0\u00a0\u00a0\u00a0\u00a0 Tambi\u00e9n, y esto no se debe obviar, es una excelente poeta y letrista, ya que muchas de sus canciones y coplas las escribe ella y les pone m\u00fasica. Su poes\u00eda es elegante, sencilla, en la que escribe la vida misma, hay que adentrarse en ella e ir descubriendo la nostalgia, los destellos luminosos que se desprenden de muchas de sus poes\u00edas. Ella, como le pasa a muchos poetas, escribe desde el subconsciente, que es el arma imaginativa donde viven los recuerdos que de una forma u otra han configurado su d\u00eda ad\u00eda. Es por eso por lo que en sus poes\u00edas m\u00e1s intimistas no puede parar al coraz\u00f3n cuando este le dice lo que debe escribir. En sus poemas deja entrever como algo natural destellos de su ni\u00f1ez, la precariedad con que se viv\u00eda en aquellas fechas y, sobre todo, a veces como una sombra gris -pero feliz-, recuerda su ni\u00f1ez. Aquella ni\u00f1ez en la que, sin haber crecido, dej\u00f3 de ser ni\u00f1a para convertirse en mujer y cuidar de sus hermanos. Por lo que sus estudios fueron rudimentarios, pero no ha impedido que sea una mujer culta, con un gran conocimiento de la literatura, el arte y la m\u00fasica. Nada m\u00e1s puedo a\u00f1adir yo, o quiz\u00e1s s\u00ed, pero eso lo dejo para m\u00e1s adelante, que ocasi\u00f3n habr\u00e1.<\/p>\n<p>&nbsp;<\/p>\n<p style=\"text-align: right;\"><strong>Marcelino Arellano Alabarces<\/strong><\/p>\n<p style=\"text-align: right;\"><strong>Palma de Mallorca<\/strong><\/p>\n","protected":false},"excerpt":{"rendered":"<p>Inmaculada Rej\u00f3n es un torbellino de revuelos. Como las mariposas color arco iris, que sin descanso revolotean sobre las flores&hellip;<\/p>\n","protected":false},"author":3,"featured_media":11995,"comment_status":"open","ping_status":"open","sticky":false,"template":"","format":"standard","meta":{"om_disable_all_campaigns":false,"_mi_skip_tracking":false,"_monsterinsights_sitenote_active":false,"_monsterinsights_sitenote_note":"","_monsterinsights_sitenote_category":0,"footnotes":""},"categories":[21,30],"tags":[],"aioseo_notices":[],"_links":{"self":[{"href":"https:\/\/granadacostaglobal.es\/index.php?rest_route=\/wp\/v2\/posts\/29543"}],"collection":[{"href":"https:\/\/granadacostaglobal.es\/index.php?rest_route=\/wp\/v2\/posts"}],"about":[{"href":"https:\/\/granadacostaglobal.es\/index.php?rest_route=\/wp\/v2\/types\/post"}],"author":[{"embeddable":true,"href":"https:\/\/granadacostaglobal.es\/index.php?rest_route=\/wp\/v2\/users\/3"}],"replies":[{"embeddable":true,"href":"https:\/\/granadacostaglobal.es\/index.php?rest_route=%2Fwp%2Fv2%2Fcomments&post=29543"}],"version-history":[{"count":0,"href":"https:\/\/granadacostaglobal.es\/index.php?rest_route=\/wp\/v2\/posts\/29543\/revisions"}],"wp:featuredmedia":[{"embeddable":true,"href":"https:\/\/granadacostaglobal.es\/index.php?rest_route=\/"}],"wp:attachment":[{"href":"https:\/\/granadacostaglobal.es\/index.php?rest_route=%2Fwp%2Fv2%2Fmedia&parent=29543"}],"wp:term":[{"taxonomy":"category","embeddable":true,"href":"https:\/\/granadacostaglobal.es\/index.php?rest_route=%2Fwp%2Fv2%2Fcategories&post=29543"},{"taxonomy":"post_tag","embeddable":true,"href":"https:\/\/granadacostaglobal.es\/index.php?rest_route=%2Fwp%2Fv2%2Ftags&post=29543"}],"curies":[{"name":"wp","href":"https:\/\/api.w.org\/{rel}","templated":true}]}}