{"id":29507,"date":"2021-09-29T08:08:41","date_gmt":"2021-09-29T08:08:41","guid":{"rendered":"http:\/\/granadacostanacional.es\/?p=29507"},"modified":"2021-09-29T08:08:41","modified_gmt":"2021-09-29T08:08:41","slug":"la-lectura-nuestra-mejor-herramienta","status":"publish","type":"post","link":"https:\/\/granadacostaglobal.es\/?p=29507","title":{"rendered":"LA LECTURA, NUESTRA MEJOR ALIADA"},"content":{"rendered":"<p style=\"text-align: justify;\"><em>\u201cDe los diversos instrumentos inventados por el hombre, el m\u00e1s asombroso es el libro; todos los dem\u00e1s son extensiones de su cuerpo\u2026 S\u00f3lo el libro es una extensi\u00f3n de la imaginaci\u00f3n y la memoria\u201d. <\/em><\/p>\n<p style=\"text-align: right;\"><strong>Jorge Luis Borges<\/strong><\/p>\n<p style=\"text-align: justify;\">Si usted est\u00e1 leyendo estas l\u00edneas, puede considerarse afortunado o afortunada, pues tiene en sus ojos y cerebro la segunda mejor herramienta de la que jam\u00e1s ha dispuesto el ser humano, la lectura, siendo esta extensi\u00f3n incontestable de la que ocupa la primera posici\u00f3n: la comunicaci\u00f3n. Desde luego, hay lecturas m\u00e1s o menos interesantes, al igual que lectores m\u00e1s o menos interesados, hay momentos en los que apetece leer y otros en los que no, hay quien lee tratados elementales de metaf\u00edsica aleg\u00f3rica desde su tablet o tel\u00e9fono cuando viajaba en el tranv\u00eda porque no tiene otro momento. Y hay quienes en ese mismo tiempo leen revistas del coraz\u00f3n u otros suced\u00e1neos.<\/p>\n<p style=\"text-align: justify;\">La lectura nos hace libres, y desde la libertad accedemos a la informaci\u00f3n, a la que nos interesa, por supuesto. A trav\u00e9s de las letras expandimos nuestros conocimientos acerca de una materia, o como m\u00ednimo conocemos la opini\u00f3n de alguien sobre la misma, quiz\u00e1s por eso dec\u00eda Miguel de Unamuno que <em><strong>\u201cCuanto menos se lee, m\u00e1s da\u00f1o hace lo que se lee\u201d<\/strong>.<\/em> Quiz\u00e1s, la lectura y el ense\u00f1ar a leer tambi\u00e9n conllevan una cierta responsabilidad, debemos ser cr\u00edticos, anal\u00edticos, saber cu\u00e1ndo alguien simplemente se quiere llevar nuestro valioso tiempo, es nuestra obligaci\u00f3n contrastar la informaci\u00f3n\u2026 O no, quiz\u00e1s con pasar un buen rato nos baste y tan contentos.<\/p>\n<p style=\"text-align: justify;\">La cuesti\u00f3n es, que tanto si queremos hacer una cosa como la otra necesitamos los libros, fuentes inabarcables e inagotables de conocimiento y diversi\u00f3n. El \u00fanico combustible que nuestro cuerpo digiere y llega a procesar totalmente, pues el peque\u00f1o esfuerzo (es una l\u00e1stima, pero hoy en d\u00eda la comunicaci\u00f3n <em>fast food<\/em> que nos llega por otras v\u00edas es m\u00e1s f\u00e1cil de consumir), se ve recompensado infinitesimalmente cuando al fin comprendemos, o imaginamos comprender la idea. Hablo de algo fabuloso, de usar la mente, nada menos, de poner a trabajar \u201cel coco\u201d, de no dejar que se aletargue y se ponga fofo y triste. Podemos ponerlo en la cinta de correr con cl\u00e1sicos del terror, que d\u00e9 brincos con novelas de aventuras, que haga pesas con ensayo y divulgaci\u00f3n cient\u00edfica, etc. Si el cuerpo lo necesita, es indudable que el cerebro tambi\u00e9n.<\/p>\n<p style=\"text-align: justify;\">Bien, despu\u00e9s de darle la chapa a hombres y mujeres que sin duda tienen la lectura y la escritura como afici\u00f3n y entretenimiento, lo que me resta es quitarme el sombrero precisamente ante ustedes, que llevan en su coraz\u00f3n a cientos de personajes, en la cabeza toneladas de informaci\u00f3n y en las tripas esas mariposas tan especiales que habilitan para escribir poes\u00eda. \u00bfY qu\u00e9 queda ahora? Pues muy f\u00e1cil, seguir creciendo como lectores, que es a la vez crecer como personas, algo parecido dec\u00eda <strong>Nicol\u00e1s de Avellaneda, quien pensaba mejor de aquellos con el h\u00e1bito de la lectura.<\/strong><\/p>\n<p style=\"text-align: justify;\">Una gran forma de seguir creciendo es aprovechar las numerosas <strong>Ferias del Libro<\/strong> que se instauran en nuestras ciudades cada cierto tiempo. Cierto es que tambi\u00e9n han sufrido los percances de la pandemia, que el a\u00f1o pasado no se celebraron tantos eventos como les hubiera gustado, pero este a\u00f1o vuelven con fuerza inusitada. Se notan las ganas de la gente por salir, conocer a los autores, dar paseos rodeados de libros y al final del d\u00eda volver a casa con la seguridad de que lo adquirido vale la pena.<\/p>\n<p style=\"text-align: justify;\">En Granada, la Feria del Libro del a\u00f1o 2021 se celebrar\u00e1 desde el 1 hasta el 10 de octubre en Carrera de la Virgen, como viene siendo habitual. All\u00ed encontraremos casetas con diversas tem\u00e1ticas e incluso habr\u00e1 charlas, conferencias y concursos. El motivo de este a\u00f1o ser\u00e1 la ecolog\u00eda, el medio ambiente y la sostenibilidad, y tambi\u00e9n homenajear\u00e1n a Lorca con un concurso para raperos y freestylers. Demuestran as\u00ed la posibilidad de trascender de la literatura, influyendo incluso a variantes de la m\u00fasica m\u00e1s modernas y atrevidas.<\/p>\n<p style=\"text-align: justify;\">Animamos a todo el mundo a pasarse por las Ferias del Libro que tienen a su alrededor. No hay nada m\u00e1s enriquecedor que abrir la mente a nuevas posibilidades. Pues como dijo Rub\u00e9n Dar\u00edo, <em>\u201cEl libro es fuerza, es valor, es alimento; antorcha del pensamiento y manantial del amor\u201d.<\/em><\/p>\n<p style=\"text-align: right;\"><strong>Carlos \u00c1lvaro Segura Venegas<\/strong><\/p>\n","protected":false},"excerpt":{"rendered":"<p>\u201cDe los diversos instrumentos inventados por el hombre, el m\u00e1s asombroso es el libro; todos los dem\u00e1s son extensiones de&hellip;<\/p>\n","protected":false},"author":3,"featured_media":29511,"comment_status":"open","ping_status":"open","sticky":false,"template":"","format":"standard","meta":{"om_disable_all_campaigns":false,"_mi_skip_tracking":false,"_monsterinsights_sitenote_active":false,"_monsterinsights_sitenote_note":"","_monsterinsights_sitenote_category":0,"footnotes":""},"categories":[21],"tags":[],"aioseo_notices":[],"_links":{"self":[{"href":"https:\/\/granadacostaglobal.es\/index.php?rest_route=\/wp\/v2\/posts\/29507"}],"collection":[{"href":"https:\/\/granadacostaglobal.es\/index.php?rest_route=\/wp\/v2\/posts"}],"about":[{"href":"https:\/\/granadacostaglobal.es\/index.php?rest_route=\/wp\/v2\/types\/post"}],"author":[{"embeddable":true,"href":"https:\/\/granadacostaglobal.es\/index.php?rest_route=\/wp\/v2\/users\/3"}],"replies":[{"embeddable":true,"href":"https:\/\/granadacostaglobal.es\/index.php?rest_route=%2Fwp%2Fv2%2Fcomments&post=29507"}],"version-history":[{"count":0,"href":"https:\/\/granadacostaglobal.es\/index.php?rest_route=\/wp\/v2\/posts\/29507\/revisions"}],"wp:featuredmedia":[{"embeddable":true,"href":"https:\/\/granadacostaglobal.es\/index.php?rest_route=\/"}],"wp:attachment":[{"href":"https:\/\/granadacostaglobal.es\/index.php?rest_route=%2Fwp%2Fv2%2Fmedia&parent=29507"}],"wp:term":[{"taxonomy":"category","embeddable":true,"href":"https:\/\/granadacostaglobal.es\/index.php?rest_route=%2Fwp%2Fv2%2Fcategories&post=29507"},{"taxonomy":"post_tag","embeddable":true,"href":"https:\/\/granadacostaglobal.es\/index.php?rest_route=%2Fwp%2Fv2%2Ftags&post=29507"}],"curies":[{"name":"wp","href":"https:\/\/api.w.org\/{rel}","templated":true}]}}