{"id":29497,"date":"2021-09-28T07:58:15","date_gmt":"2021-09-28T07:58:15","guid":{"rendered":"http:\/\/granadacostanacional.es\/?p=29497"},"modified":"2021-09-28T07:58:15","modified_gmt":"2021-09-28T07:58:15","slug":"las-gotas-viajeras-de-la-dra-tony-castillo-recomendadas-para-la-educacion-inclusiva-en-los-centros-educativos","status":"publish","type":"post","link":"https:\/\/granadacostaglobal.es\/?p=29497","title":{"rendered":"Las gotas viajeras de la Dra. To\u00f1y Castillo recomendadas para la educaci\u00f3n Inclusiva en los centros educativos."},"content":{"rendered":"<p>El Proyecto global de sensibilizaci\u00f3n y trabajo desde ciclo infaltil a secundaria cuya autora es la Dra. To\u00f1y Castillo ha sido recomendado como propuesta de Educaci\u00f3n inclusiva en los centros educativos:<\/p>\n<p>&nbsp;<\/p>\n<p><a href=\"https:\/\/projectes.xtec.cat\/educacioinclusiva\/general\/els-contes-les-gotes-viatgeres-i-les-gotes-viatgeres-van-a-linstitut-arriben-a-les-nostres-escoles-per-fomentar-la-donacio-de-sang\/?fbclid=IwAR0FAf7zEeFpyu1xEGHtwxxt32_wci3JL8q0j20fsa5avdrhA0LAlgeZAbU\">https:\/\/projectes.xtec.cat\/educacioinclusiva\/general\/els-contes-les-gotes-viatgeres-i-les-gotes-viatgeres-van-a-linstitut-arriben-a-les-nostres-escoles-per-fomentar-la-donacio-de-sang\/?fbclid=IwAR0FAf7zEeFpyu1xEGHtwxxt32_wci3JL8q0j20fsa5avdrhA0LAlgeZAbU<\/a><\/p>\n<p>&nbsp;<\/p>\n<p>&nbsp;<\/p>\n<div style=\"text-align: justify;\" data-original-attrs=\"{&quot;style&quot;:&quot;&quot;}\">El Departamento de Educaci\u00f3n recoge el proyecto &#8220;Las Gotas Viajeras&#8221; como una propuesta de Educaci\u00f3n Inclusiva<\/div>\n<div style=\"text-align: justify;\" data-original-attrs=\"{&quot;style&quot;:&quot;&quot;}\">El Departamento de Educaci\u00f3n, a trav\u00e9s de su plataforma XTEC, ha recogido el proyecto de Las Gotas Viajeras como una Propuesta de Educaci\u00f3n Inclusiva que ayuda y da herramientas a los ni\u00f1os, promoviendo la formaci\u00f3n y la adquisici\u00f3n de valores c\u00edvicos a trav\u00e9s del servicio comunitario (APS).<\/div>\n<div style=\"text-align: justify;\" data-original-attrs=\"{&quot;style&quot;:&quot;&quot;}\"><\/div>\n<div style=\"text-align: justify;\" data-original-attrs=\"{&quot;style&quot;:&quot;&quot;}\">El pasado 14 de Junio, coincidiendo con el d\u00eda del y la donante de sangre, la Federaci\u00f3n de donantes de Sangre de Catalu\u00f1a, realiz\u00f3 un acto para homenajear a 7 personas de las diferentes regiones sanitarias de Catalu\u00f1a. Una de ellas, fue Sra. To\u00f1y Castillo, Doctora por la Universitat de Lleida (UDL) y docente del aula Hospitalaria Dr. Antoni Cambrod\u00ed, del Hospital Universitario Arnau de Vilanova de Lleida, autora de los libros de \u201cLas gotas viajeras van al instituto\u201d y \u201cLas gotas viajeras\u201d.<\/div>\n<div style=\"text-align: justify;\" data-original-attrs=\"{&quot;style&quot;:&quot;&quot;}\"><\/div>\n<div style=\"text-align: justify;\" data-original-attrs=\"{&quot;style&quot;:&quot;&quot;}\">\u00a0Blog:<\/div>\n<div style=\"text-align: justify;\" data-original-attrs=\"{&quot;style&quot;:&quot;&quot;}\"><\/div>\n<div style=\"text-align: justify;\" data-original-attrs=\"{&quot;style&quot;:&quot;&quot;}\"><a href=\"https:\/\/lasgotasviajerasdratonycastillo.blogspot.com\/\">https:\/\/lasgotasviajerasdratonycastillo.blogspot.com\/<\/a><\/div>\n<div style=\"text-align: justify;\" data-original-attrs=\"{&quot;style&quot;:&quot;&quot;}\"><\/div>\n<div style=\"text-align: justify;\" data-original-attrs=\"{&quot;style&quot;:&quot;&quot;}\">Estos cuentos creados por la To\u00f1y para la Federaci\u00f3n Catalana de Donantes de Sangre, pretenden profundizar en la solidaridad y el civismo de los ni\u00f1os y de los y de las adolescentes, para dotarlos de recursos y herramientas que potencien los valores solidarios y altruistas.<\/div>\n<div style=\"text-align: justify;\" data-original-attrs=\"{&quot;style&quot;:&quot;&quot;}\"><\/div>\n<div style=\"text-align: justify;\" data-original-attrs=\"{&quot;style&quot;:&quot;&quot;}\">La autora, nos habla sobre la educaci\u00f3n como un hecho integral, haciendo que la uni\u00f3n entre pedagog\u00eda y salud, acontezca imprescindible para favorecer la actitud positiva de los chicos y las chicas durante su tratamiento. Tambi\u00e9n quiere incidir en la educaci\u00f3n en valores, que tiene que estar presente en cualquier ideario familiar y escolar desde edades tempranas, con el objetivo de ayudar a formar personas emp\u00e1ticas y responsables.<\/div>\n<div data-original-attrs=\"{&quot;style&quot;:&quot;&quot;}\"><a href=\"http:\/\/granadacostanacional.es\/wp-content\/uploads\/2021\/09\/Federacion-donantes-3.jpg\"><img decoding=\"async\" loading=\"lazy\" class=\"size-medium wp-image-29498 alignleft\" src=\"http:\/\/granadacostanacional.es\/wp-content\/uploads\/2021\/09\/Federacion-donantes-3-300x78.jpg\" alt=\"Federacion donantes 3\" width=\"300\" height=\"78\" \/><\/a><\/div>\n<div data-original-attrs=\"{&quot;style&quot;:&quot;&quot;}\">Estos cuentos son un buen recurso para potenciar el crecimiento global del ni\u00f1o, puesto que la formaci\u00f3n en contextos reflexivos, cr\u00edticos y emocionales, genera respuestas asertivas y principios basados en el bienestar hacia un mismo y tambi\u00e9n hacia los otros.<\/div>\n<div style=\"text-align: justify;\" data-original-attrs=\"{&quot;style&quot;:&quot;&quot;}\">\u00a0Consultar m\u00e1s informaci\u00f3n en:<\/div>\n<div style=\"text-align: justify;\" data-original-attrs=\"{&quot;style&quot;:&quot;&quot;}\"><a href=\"https:\/\/www.donantsdesang.cat\/ca\/node\/1242?fbclid=IwAR0A9NVpr_2dSSelydKNrYxd6QGXHUdxIaw_KBo719kXh7d3NQaLUuFI1VU\">https:\/\/www.donantsdesang.cat\/ca\/node\/1242?fbclid=IwAR0A9NVpr_2dSSelydKNrYxd6QGXHUdxIaw_KBo719kXh7d3NQaLUuFI1VU<\/a><\/div>\n<div style=\"text-align: justify;\" data-original-attrs=\"{&quot;style&quot;:&quot;&quot;}\"><\/div>\n<div data-original-attrs=\"{&quot;style&quot;:&quot;&quot;}\"><\/div>\n<div data-original-attrs=\"{&quot;style&quot;:&quot;&quot;}\"><\/div>\n","protected":false},"excerpt":{"rendered":"<p>El Proyecto global de sensibilizaci\u00f3n y trabajo desde ciclo infaltil a secundaria cuya autora es la Dra. To\u00f1y Castillo ha&hellip;<\/p>\n","protected":false},"author":4,"featured_media":29499,"comment_status":"open","ping_status":"open","sticky":false,"template":"","format":"standard","meta":{"om_disable_all_campaigns":false,"_mi_skip_tracking":false,"_monsterinsights_sitenote_active":false,"_monsterinsights_sitenote_note":"","_monsterinsights_sitenote_category":0,"footnotes":""},"categories":[25,21,35,22,19,30],"tags":[],"aioseo_notices":[],"_links":{"self":[{"href":"https:\/\/granadacostaglobal.es\/index.php?rest_route=\/wp\/v2\/posts\/29497"}],"collection":[{"href":"https:\/\/granadacostaglobal.es\/index.php?rest_route=\/wp\/v2\/posts"}],"about":[{"href":"https:\/\/granadacostaglobal.es\/index.php?rest_route=\/wp\/v2\/types\/post"}],"author":[{"embeddable":true,"href":"https:\/\/granadacostaglobal.es\/index.php?rest_route=\/wp\/v2\/users\/4"}],"replies":[{"embeddable":true,"href":"https:\/\/granadacostaglobal.es\/index.php?rest_route=%2Fwp%2Fv2%2Fcomments&post=29497"}],"version-history":[{"count":0,"href":"https:\/\/granadacostaglobal.es\/index.php?rest_route=\/wp\/v2\/posts\/29497\/revisions"}],"wp:featuredmedia":[{"embeddable":true,"href":"https:\/\/granadacostaglobal.es\/index.php?rest_route=\/"}],"wp:attachment":[{"href":"https:\/\/granadacostaglobal.es\/index.php?rest_route=%2Fwp%2Fv2%2Fmedia&parent=29497"}],"wp:term":[{"taxonomy":"category","embeddable":true,"href":"https:\/\/granadacostaglobal.es\/index.php?rest_route=%2Fwp%2Fv2%2Fcategories&post=29497"},{"taxonomy":"post_tag","embeddable":true,"href":"https:\/\/granadacostaglobal.es\/index.php?rest_route=%2Fwp%2Fv2%2Ftags&post=29497"}],"curies":[{"name":"wp","href":"https:\/\/api.w.org\/{rel}","templated":true}]}}