{"id":29466,"date":"2021-09-23T11:33:15","date_gmt":"2021-09-23T11:33:15","guid":{"rendered":"http:\/\/granadacostanacional.es\/?p=29466"},"modified":"2021-09-23T11:33:15","modified_gmt":"2021-09-23T11:33:15","slug":"dia-del-artista-plastico-a-toda-costa","status":"publish","type":"post","link":"https:\/\/granadacostaglobal.es\/?p=29466","title":{"rendered":"\u201cD\u00eda del Artista Pl\u00e1stico\u201d \u2013 A TODA COSTA"},"content":{"rendered":"<h2 style=\"margin: 14pt 0cm; text-align: center;\"><span style=\"font-size: 20pt;\">A trav\u00e9s de sus obras el artista puede transmitir pensamientos, sentimientos y emociones<\/span><\/h2>\n<p style=\"text-align: justify;\">Queremos incidir en el \u201cD\u00eda del Artista Pl\u00e1stico\u201d, que anualmente se celebra el 21 de septiembre, con el objetivo de ensalzar, en justo homenaje de respeto y admiraci\u00f3n, a esos &lt;&lt;muchos&gt;&gt; artistas reconocidos y tambi\u00e9n an\u00f3nimos que ofrecen su impronta, ante un p\u00fablico que es el principal espectador y juez de su creatividad.<\/p>\n<p style=\"margin: 14pt 0cm; text-align: justify;\">Estas personas gozan de habilidades para crear formas y figuras abarcando diferentes disciplinas art\u00edsticas vali\u00e9ndose de variados materiales, t\u00e9cnicas, medios y objetivos.<\/p>\n<p style=\"margin: 14pt 0cm; text-align: justify;\"><a href=\"http:\/\/granadacostanacional.es\/wp-content\/uploads\/2021\/09\/angelito.jpg\"><img decoding=\"async\" loading=\"lazy\" class=\"aligncenter wp-image-29468 size-large\" src=\"http:\/\/granadacostanacional.es\/wp-content\/uploads\/2021\/09\/angelito-1024x858.jpg\" alt=\"angelito\" width=\"1024\" height=\"858\" \/><\/a><\/p>\n<p style=\"margin: 14pt 0cm; text-align: justify;\">Se trata de una fecha muy especial que hace honor a todas aquellas personas que, a trav\u00e9s de su arte, logran transmitir alg\u00fan tipo de emoci\u00f3n o sentimiento en los dem\u00e1s y de esta manera hacer de este mundo un lugar mejor.<\/p>\n<p style=\"margin: 14pt 0cm; text-align: justify;\">Personalmente me agrada ilustrar mis escritos con dibujos y acuarelas, que de forma aleg\u00f3rica contribuyen a &lt;&lt;fijar&gt;&gt; el sentido del texto, haci\u00e9ndolo m\u00e1s receptivo y ameno, tambi\u00e9n, porqu\u00e9 no remarcarlo, me produce el grato placer de recrearme en una faceta imaginativa y creativa que siempre practiqu\u00e9 modestamente.<\/p>\n<p style=\"margin: 14pt 0cm; text-align: justify;\">Hoy en d\u00eda contamos con las distintas redes sociales, que nos permite mostrar, comentar y compartir nuestros trabajos e inquietudes.<\/p>\n<p style=\"margin: 14pt 0cm; text-align: justify;\">Aplaudamos &#8211; <i>si as\u00ed os parece<\/i> &#8211; el ingenio, puesto que todo arte conlleva entusiasmo, entrega y deseos de agradar.<\/p>\n<p style=\"margin: 14pt 0cm; text-align: right;\"><strong>Francisco Ponce Carrasco<\/strong><\/p>\n","protected":false},"excerpt":{"rendered":"<p>A trav\u00e9s de sus obras el artista puede transmitir pensamientos, sentimientos y emociones Queremos incidir en el \u201cD\u00eda del Artista&hellip;<\/p>\n","protected":false},"author":3,"featured_media":24452,"comment_status":"open","ping_status":"open","sticky":false,"template":"","format":"standard","meta":{"om_disable_all_campaigns":false,"_mi_skip_tracking":false,"_monsterinsights_sitenote_active":false,"_monsterinsights_sitenote_note":"","_monsterinsights_sitenote_category":0,"footnotes":""},"categories":[21],"tags":[],"aioseo_notices":[],"_links":{"self":[{"href":"https:\/\/granadacostaglobal.es\/index.php?rest_route=\/wp\/v2\/posts\/29466"}],"collection":[{"href":"https:\/\/granadacostaglobal.es\/index.php?rest_route=\/wp\/v2\/posts"}],"about":[{"href":"https:\/\/granadacostaglobal.es\/index.php?rest_route=\/wp\/v2\/types\/post"}],"author":[{"embeddable":true,"href":"https:\/\/granadacostaglobal.es\/index.php?rest_route=\/wp\/v2\/users\/3"}],"replies":[{"embeddable":true,"href":"https:\/\/granadacostaglobal.es\/index.php?rest_route=%2Fwp%2Fv2%2Fcomments&post=29466"}],"version-history":[{"count":0,"href":"https:\/\/granadacostaglobal.es\/index.php?rest_route=\/wp\/v2\/posts\/29466\/revisions"}],"wp:featuredmedia":[{"embeddable":true,"href":"https:\/\/granadacostaglobal.es\/index.php?rest_route=\/"}],"wp:attachment":[{"href":"https:\/\/granadacostaglobal.es\/index.php?rest_route=%2Fwp%2Fv2%2Fmedia&parent=29466"}],"wp:term":[{"taxonomy":"category","embeddable":true,"href":"https:\/\/granadacostaglobal.es\/index.php?rest_route=%2Fwp%2Fv2%2Fcategories&post=29466"},{"taxonomy":"post_tag","embeddable":true,"href":"https:\/\/granadacostaglobal.es\/index.php?rest_route=%2Fwp%2Fv2%2Ftags&post=29466"}],"curies":[{"name":"wp","href":"https:\/\/api.w.org\/{rel}","templated":true}]}}